{"id":143654,"date":"2025-09-28T06:04:07","date_gmt":"2025-09-28T06:04:07","guid":{"rendered":"https:\/\/www.europesays.com\/es\/143654\/"},"modified":"2025-09-28T06:04:07","modified_gmt":"2025-09-28T06:04:07","slug":"tuve-casos-de-riesgo-y-uno-se-evito-gracias-a-un-abogado","status":"publish","type":"post","link":"https:\/\/www.europesays.com\/es\/143654\/","title":{"rendered":"\u00abTuve casos de riesgo y uno se evit\u00f3 gracias a un abogado\u00bb"},"content":{"rendered":"<p style=\"\">\u00c1lvaro Mart\u00edn acaba de tomar posesi\u00f3n como nuevo presidente de la Audiencia Provincial de Sevilla, cargo al que llega desde la secci\u00f3n de Violencia contra la Mujer de este \u00f3rgano judicial. En esta entrevista reconoce que a la Audiencia no le constan incidencias con las  &#8230; pulseras antimaltrato aunque se remite a lo que digan los Juzgados de Violencia contra la Mujer. Especialmente sensibilizado con este asunto, recuerda algunos de los casos de riesgo que tuvo que afrontar a lo largo de su carrera.<\/p>\n<p class=\"voc-p\" style=\"\">-Usted procede de la secci\u00f3n penal que lleva asuntos de Violencia contra la Mujer de la Audiencia de Sevilla. \u00bfDetectaron tambi\u00e9n problemas con las pulseras antimaltrato?<\/p>\n<p class=\"voc-p\" style=\"\">-En lo en lo que a m\u00ed me consta, no hemos tenido ninguna incidencia material de esa naturaleza. Pero son los juzgados de Violencia sobre la mujer, eventualmente juzgados de lo Penal, los que captar\u00edan con much\u00edsima facilidad ellos lo que no podemos captar nosotros, porque esos casos son mucho m\u00e1s frecuentes. Nosotros no hemos tenido esa noticia y tampoco tendr\u00edamos por qu\u00e9 tenerla si se hubiese producido en los \u00f3rganos inferiores, porque un \u00f3rgano de primera instancia no nos va a comunicar que ha habido un fallo material porque nosotros nada tenemos que decir al respecto. Se lo comunicar\u00e1 a la Administraci\u00f3n o al servicio que se encarga de la prestaci\u00f3n de servicio para que lleve a cabo la rectificaci\u00f3n y por tanto, en la Audiencia no hemos tenido esa noticia.<\/p>\n<p class=\"voc-p\" style=\"\">-\u00bfC\u00f3mo valora, no obstante, toda esta pol\u00e9mica que se ha creado y que ha saltado de nuevo al \u00e1mbito pol\u00edtico? <\/p>\n<p class=\"voc-p\" style=\"\">&#8211; El sistema de geolocalizaci\u00f3n se ha considerado un gran avance porque es una figura intermedia entre la medida de prisi\u00f3n o la simple medida de prohibici\u00f3n de acercamiento. Cuando uno percibe una situaci\u00f3n de mayor riesgo pero no ve elementos suficientes como para acordar la medida de prisi\u00f3n, tiene esa salvaguarda, que es colocarle un sistema de geolocalizaci\u00f3n a esa persona que te garantiza la protecci\u00f3n de la mujer. Con esa tranquilidad se ha funcionado en los juzgados a sabiendas de que cuando t\u00fa le colocabas ese mecanismo de protecci\u00f3n estabas asegurando una cobertura a la mujer y una cierta tranquilidad. Claro, descubrir ahora con que tienes unos mecanismos que son inadecuados, pues es un verdadero problema.<\/p>\n<p class=\"voc-p\" style=\"\">-\u00bfPodr\u00eda esta circunstancia llevar a los jueces a decantarse por la prisi\u00f3n ante la falta de seguridad de las pulseras?<\/p>\n<p class=\"voc-p\" style=\"\">-Podr\u00eda llegarse a esa situaci\u00f3n, pero para m\u00ed lo m\u00e1s grave ser\u00eda que no haya suficientes elementos para adoptar una medida de prisi\u00f3n y nos encontremos con que la protecci\u00f3n sea inadecuada. Yo creo que la sociedad no se tiene que plantear la cuesti\u00f3n de si esto va a obligar a adoptar prisi\u00f3n sino que lo ocurrido genera una situaci\u00f3n de indefensi\u00f3n en mujeres que en principio consider\u00e1bamos que estaban protegidas.<\/p>\n<p class=\"voc-p\" style=\"\">-\u00bfLe preocupa mucho lo ocurrido?<\/p>\n<p class=\"voc-p\" style=\"\">-Supongo que esto le tiene que preocupar a cualquiera de los que estamos en este negocio. Es muy preocupante. Te mueves en un \u00e1mbito en el que sabes que hay un riesgo y que ninguno de nosotros tiene una bola de cristal que nos puede decir exactamente qu\u00e9 es lo que va a pasar, o como se van a desenvolver las cosas. Conforme a tu experiencia, vas adoptando medidas de protecci\u00f3n. Y te encuentras con que tienes una medida que consideras que es adecuada, solvente y de repente ves que no es solvente. Esto es un problema.<\/p>\n<p class=\"voc-p\" style=\"\">-No s\u00e9 si se ha encontrado a lo largo de su carrera profesional en una situaci\u00f3n del tipo de la que est\u00e1 describiendo, que no haya tenido elementos para adoptar una media de prisi\u00f3n y que luego haya pasado algo irreparable.<\/p>\n<p class=\"voc-p\" style=\"\">-Alguna vez he estado a punto de que pase algo. Pero afortunadamente sali\u00f3 bien. Pero s\u00ed ha habido casos en los que me he encontrado con una gran inquietud personal por una situaci\u00f3n de una mujer que era objeto de violencia y afortunadamente el letrado que la llevaba me avis\u00f3 a tiempo de un cambio que se hab\u00eda producido en la situaci\u00f3n del sujeto activo, que hab\u00eda pasado de estar en prisi\u00f3n provisional a una situaci\u00f3n de libertad. Y sobre la marcha se pudieron adoptar una medida de alejamiento m\u00e1s o menos in extremis, con la coincidencia de que al d\u00eda siguiente de esa medida, nos encontramos con una situaci\u00f3n de riesgo para la mujer que, gracias a esa medida y a la intervenci\u00f3n de la Guardia Civil, se pudo solventar. S\u00ed, ha habido casos en los que se ha dado eso.<\/p>\n<p class=\"voc-p\" style=\"\">-Su profesi\u00f3n implica mucha responsabilidad y cuando faltan medios, supongo que todav\u00eda es m\u00e1s dif\u00edcil tomar una decisi\u00f3n.<\/p>\n<p class=\"voc-p\" style=\"\">-Evidentemente cuanto m\u00e1s medios tiene, m\u00e1s c\u00f3modo es todo. Si nosotros tuvi\u00e9semos una bonanza econ\u00f3mica que nos permitiese tener gran cantidad de m\u00e9dicos de medios, estar\u00edamos todo mucho m\u00e1s tranquilos. Pero yo creo que nuestro trabajo es gestionar lo que tenemos y sacarle el mejor partido de lo que hay, y esa es nuestra obligaci\u00f3n.<\/p>\n","protected":false},"excerpt":{"rendered":"\u00c1lvaro Mart\u00edn acaba de tomar posesi\u00f3n como nuevo presidente de la Audiencia Provincial de Sevilla, cargo al que&hellip;\n","protected":false},"author":2,"featured_media":143655,"comment_status":"","ping_status":"","sticky":false,"template":"","format":"standard","meta":{"footnotes":""},"categories":[8],"tags":[2827,41716,4294,17,18,4860,858,25,24,39323,13,14,2837,11,19,20,9075,9,10,15,16,524,1461,40977,1288,1171,57,23,12,21,22,432],"class_list":{"0":"post-143654","1":"post","2":"type-post","3":"status-publish","4":"format-standard","5":"has-post-thumbnail","7":"category-espana","8":"tag-abogado","9":"tag-antimaltrato","10":"tag-audiencia","11":"tag-breaking-news","12":"tag-breakingnews","13":"tag-carrera","14":"tag-casos","15":"tag-es","16":"tag-espana","17":"tag-evito","18":"tag-featured-news","19":"tag-featurednews","20":"tag-gracias","21":"tag-headlines","22":"tag-latest-news","23":"tag-latestnews","24":"tag-machista","25":"tag-news","26":"tag-noticias","27":"tag-noticias-destacadas","28":"tag-noticiasdestacadas","29":"tag-nuevo","30":"tag-presidente","31":"tag-pulseras","32":"tag-riesgo","33":"tag-sevilla","34":"tag-sobre","35":"tag-spain","36":"tag-titulares","37":"tag-ultimas-noticias","38":"tag-ultimasnoticias","39":"tag-violencia"},"share_on_mastodon":{"url":"","error":""},"_links":{"self":[{"href":"https:\/\/www.europesays.com\/es\/wp-json\/wp\/v2\/posts\/143654","targetHints":{"allow":["GET"]}}],"collection":[{"href":"https:\/\/www.europesays.com\/es\/wp-json\/wp\/v2\/posts"}],"about":[{"href":"https:\/\/www.europesays.com\/es\/wp-json\/wp\/v2\/types\/post"}],"author":[{"embeddable":true,"href":"https:\/\/www.europesays.com\/es\/wp-json\/wp\/v2\/users\/2"}],"replies":[{"embeddable":true,"href":"https:\/\/www.europesays.com\/es\/wp-json\/wp\/v2\/comments?post=143654"}],"version-history":[{"count":0,"href":"https:\/\/www.europesays.com\/es\/wp-json\/wp\/v2\/posts\/143654\/revisions"}],"wp:featuredmedia":[{"embeddable":true,"href":"https:\/\/www.europesays.com\/es\/wp-json\/wp\/v2\/media\/143655"}],"wp:attachment":[{"href":"https:\/\/www.europesays.com\/es\/wp-json\/wp\/v2\/media?parent=143654"}],"wp:term":[{"taxonomy":"category","embeddable":true,"href":"https:\/\/www.europesays.com\/es\/wp-json\/wp\/v2\/categories?post=143654"},{"taxonomy":"post_tag","embeddable":true,"href":"https:\/\/www.europesays.com\/es\/wp-json\/wp\/v2\/tags?post=143654"}],"curies":[{"name":"wp","href":"https:\/\/api.w.org\/{rel}","templated":true}]}}