{"id":143656,"date":"2025-09-28T06:05:23","date_gmt":"2025-09-28T06:05:23","guid":{"rendered":"https:\/\/www.europesays.com\/es\/143656\/"},"modified":"2025-09-28T06:05:23","modified_gmt":"2025-09-28T06:05:23","slug":"barca-espanyol-resultado-resumen-y-goles","status":"publish","type":"post","link":"https:\/\/www.europesays.com\/es\/143656\/","title":{"rendered":"Bar\u00e7a &#8211; Espanyol: resultado, resumen y goles"},"content":{"rendered":"<p> \ud83d\udea8 Descubre <strong>MDScore<\/strong><br \/>Descarga la mejor app para seguir los resultados de f\u00fatbol en directo, los marcadores de todas las competiciones, estad\u00edsticas&#8230;<br \/>Podr\u00e1s personalizar alertas de tu equipo favorito, lleva la pasi\u00f3n por el f\u00fatbol en tu bolsillo.<br \/>\u26bd Una app obligatoria para todo aficionado al f\u00fatbol<br \/>\ud83d\udcf2 Ya te la puedes descargar:<br \/>\ud83d\udd17 IOS Android<br \/><a target=\"_blank\" rel=\"noopener noreferrer nofollow\" href=\"https:\/\/onelink.to\/mdscore\">Descargar gratis<\/a><\/p>\n<p>Muchas gracias por su atenci\u00f3n y hasta la pr\u00f3xima!<\/p>\n<p><img loading=\"lazy\" decoding=\"async\" width=\"38\" height=\"38\" class=\"lazy float-right\" alt=\"\" src=\"https:\/\/www.europesays.com\/es\/wp-content\/uploads\/2025\/09\/1758137236_441_60f293b0b5787.png\"\/><\/p>\n<p>90&#8242; Buena acci\u00f3n de la joven que se estrella en el poste<\/p>\n<p>\u00a0<\/p>\n<p><img loading=\"lazy\" decoding=\"async\" width=\"38\" height=\"38\" class=\"lazy float-right\" alt=\"\" src=\"https:\/\/www.europesays.com\/es\/wp-content\/uploads\/2025\/09\/60f287baec3ae.png\"\/> <\/p>\n<p>83&#8242; Se va Alexia y entra Sydney.<\/p>\n<p>\u00a0<\/p>\n<p>74&#8242; Jugada de combinaci\u00f3n muy buena dentro del \u00e1rea pero no han acabado de encontrar el disparo y tras un par de rebotes ha acabado despejando la zaga local.<\/p>\n<p>\u00a0<\/p>\n<p><img loading=\"lazy\" decoding=\"async\" width=\"38\" height=\"38\" class=\"lazy float-right\" alt=\"\" src=\"https:\/\/www.europesays.com\/es\/wp-content\/uploads\/2025\/09\/60f287baec3ae.png\"\/> <\/p>\n<p>66&#8242; Se van Arana y Torras y entran Del Alamo y Torrod\u00e0.<\/p>\n<p>\u00a0<\/p>\n<p><img loading=\"lazy\" decoding=\"async\" width=\"38\" height=\"38\" class=\"lazy float-right\" alt=\"\" src=\"https:\/\/www.europesays.com\/es\/wp-content\/uploads\/2025\/09\/60f287baec3ae.png\"\/> <\/p>\n<p>64&#8242; Se van Aitana, A\u00efcha y Pina y entran Vicky, Ona y Salma. <\/p>\n<p>63&#8242; Disparo lejano de la &#8217;12&#8217; cul\u00e9 que despeja la meta a c\u00f3rner.\u00a0<\/p>\n<p>\u00a0<\/p>\n<p>61&#8217;Bonito disparo de la Bal\u00f3n de Oro desde fuera del \u00e1rea que se estrella en la madera.\u00a0<\/p>\n<p>\u00a0<\/p>\n<p>60&#8242; Remate de cabeza de la zaguera cul\u00e9 que despeja la meta local. Brugts en el rechace dispara y acaba en c\u00f3rner.\u00a0<\/p>\n<p>\u00a0<\/p>\n<p><img loading=\"lazy\" decoding=\"async\" width=\"38\" height=\"38\" class=\"lazy float-right\" alt=\"\" src=\"https:\/\/www.europesays.com\/es\/wp-content\/uploads\/2025\/09\/60f287b9d7e3a.png\"\/> <\/p>\n<p>55&#8242; Conducci\u00f3n de Pina, recibe Alexia, asiste la capitana y Pajor no perdona. Gol del Bar\u00e7a.\u00a0<\/p>\n<p>\u00a0<\/p>\n<p>47&#8242; Las azulgrana han salido enchufadas pero no logran crear peligro claro.<\/p>\n<p>\u00a0<\/p>\n<p><img loading=\"lazy\" decoding=\"async\" width=\"38\" height=\"38\" class=\"lazy float-right\" alt=\"\" src=\"https:\/\/www.europesays.com\/es\/wp-content\/uploads\/2025\/09\/1758137233_769_60f287bb741c3.png\"\/><\/p>\n<p><img loading=\"lazy\" decoding=\"async\" width=\"38\" height=\"38\" class=\"lazy float-right\" alt=\"\" src=\"https:\/\/www.europesays.com\/es\/wp-content\/uploads\/2025\/09\/60f287bc94ef4.png\"\/> <\/p>\n<p>Victoria del Bar\u00e7a por 1-0 gracias al gol de Alexia.\u00a0<\/p>\n<p>\u00a0<\/p>\n<p>49&#8242; Acci\u00f3n individual de la capitana dentro del \u00e1rea que no acaba en gol por poco. En la jugada posterior Pina tira muy alto.<\/p>\n<p>47&#8242; Disparo lejano de <strong>Patri <\/strong>que se estrella en la madera. Alexia caza el rechace y la meta Salvador despeja a c\u00f3rner.\u00a0<\/p>\n<p>\u00a0<\/p>\n<p><img loading=\"lazy\" decoding=\"async\" width=\"38\" height=\"38\" class=\"lazy float-right\" alt=\"\" src=\"https:\/\/www.europesays.com\/es\/wp-content\/uploads\/2025\/09\/60f2881040df8.png\"\/> <\/p>\n<p>45&#8242; Mal gesto con la rodilla derecha y tiene que salir en camilla y con gritos de dolor.\u00a0<\/p>\n<p>\u00a0<\/p>\n<p>42&#8242; Acci\u00f3n de calidad con la espuela superando la l\u00ednea defensiva y creando una ocasi\u00f3n.<\/p>\n<p>\u00a0<\/p>\n<p>38&#8242; Internada por la derecha y tiro cruzado que se le va fuera por poco.<\/p>\n<p>\u00a0<\/p>\n<p>35&#8242; Presi\u00f3n adelantada de la &#8217;11&#8217; cul\u00e9 y la colegiada se\u00f1ala falta.\u00a0<\/p>\n<p>\u00a0<\/p>\n<p>30&#8242; Cabalgada en solitario de la blanquiazul tras un malentendido entre <strong>Aleixandri <\/strong>y <strong>Patri<\/strong>. Se cuela <strong>Browne <\/strong>entre paredes y <strong>A\u00efcha <\/strong>y acaba disparando pero detiene <strong>Gemma<\/strong>.\u00a0<\/p>\n<p>\u00a0<\/p>\n<p>29&#8242; Disparo de <strong>Pina <\/strong>que toca en una zaguera visitante y acaba en saque de esquina.<\/p>\n<p>\u00a0<\/p>\n<p>25&#8242; Choque fortuito con Patri y tiene que ser atendida la jugadora visitante.<\/p>\n<p>\u00a0<\/p>\n<p><img loading=\"lazy\" decoding=\"async\" width=\"38\" height=\"38\" class=\"lazy float-right\" alt=\"\" src=\"https:\/\/www.europesays.com\/es\/wp-content\/uploads\/2025\/09\/60f287b9d7e3a.png\"\/> <\/p>\n<p>21&#8242; Pase magistral de Aitana a Graham y esta llega hasta la l\u00ednea de fondo y asiste atr\u00e1s para que la crack cul\u00e9 remate a gol. Caracas estaba muy mal colocada y romp\u00eda el fuera de juego. Gol legal.<\/p>\n<p>18&#8242; Lo intenta la neerlandesa desde lejos, valiente, pero se le va desviado.<\/p>\n<p>\u00a0<\/p>\n<p>15&#8242; Alexia, Patri y Pina. Con disparo final de Pina. Espectacular triangulaci\u00f3n de las tres cracks cul\u00e9s. El tiro se ha ido fuera por poco.<\/p>\n<p>\u00a0<\/p>\n<p><img loading=\"lazy\" decoding=\"async\" width=\"38\" height=\"38\" class=\"lazy float-right\" alt=\"\" src=\"https:\/\/www.europesays.com\/es\/wp-content\/uploads\/2025\/09\/60f287ba90e4d.png\"\/> <\/p>\n<p>14&#8242; Falta contundente sobre A\u00efcha en el centro del campo. Tarjeta para la visitante.\u00a0<\/p>\n<p>\u00a0<\/p>\n<p>10&#8242; C\u00f3rner a favor del Bar\u00e7a y remate forzado de la central que se pierde por alto.<\/p>\n<p>\u00a0<\/p>\n<p>9&#8242; Disparo alto de la &#8216;9&#8217; azulgrana.<\/p>\n<p>\u00a0<\/p>\n<p>7&#8242; Tiro de <strong>Graham <\/strong>centrado y despeja la meta blanquiazul.<\/p>\n<p>\u00a0<\/p>\n<p>2&#8242; El Bar\u00e7a va calentando motores. Toca y toca en el centro del campo.<\/p>\n<p>\u00a0<\/p>\n<p><img loading=\"lazy\" decoding=\"async\" width=\"38\" height=\"38\" class=\"lazy float-right\" alt=\"\" src=\"https:\/\/www.europesays.com\/es\/wp-content\/uploads\/2025\/09\/1758137233_769_60f287bb741c3.png\"\/><\/p>\n<p>\t\t<img class=\"lazy\"\/><\/p>\n<p>Antes de que d\u00e9 inicio el<strong> Bar\u00e7a-Espanyol<\/strong>, <strong>Aitana Bonmat\u00ed<\/strong>, flamante <strong>Bal\u00f3n de Oro,<\/strong> ofrecer\u00e1 sus tres trofeos dorados a la afici\u00f3n del <strong>FC Barcelona <\/strong>que se d\u00e9 cita en el<strong> Johan Cruyff. Vichy L\u00f3pez<\/strong>, que el lunes tambi\u00e9n fue premiada con el <strong>Trofeo Kopa<\/strong>, y <strong>Ewa Pajor<\/strong>, premiada con el <strong>Gerd M\u00fcller<\/strong>, tambi\u00e9n ofrecer\u00e1n sus premios a los cul\u00e9s.\u00a0<\/p>\n<p>\u00a0<\/p>\n<p>En el <strong>banquillo del Espanyol<\/strong> estar\u00e1n: <br \/>M. Mu\u00f1oz (p.), Coba (p.), J. Pablos, \u00c1. Del \u00c1lamo, C. Baudet, Ona, Naima, Fergusson, A. Torrod\u00e0, Guerra, A. Domenech.\u00a0<br \/>\u00a0<\/p>\n<p><img loading=\"lazy\" decoding=\"async\" width=\"38\" height=\"38\" class=\"lazy float-right\" alt=\"\" src=\"https:\/\/www.europesays.com\/es\/wp-content\/uploads\/2025\/09\/1758137234_122_60f287c0bb1bf.png\"\/> <\/p>\n<p><strong>Once del Espanyol <\/strong>ante el Bar\u00e7a: <br \/><strong>Salvador; Caracas, Simona, Amaia, Vallejo, Perea; Laura M., Ainoa; Mar Torras; Arana, Browne.<\/strong><\/p>\n<p>\t\t<img class=\"lazy\"\/><\/p>\n<p>En el <strong>banquillo del Bar\u00e7a<\/strong> estar\u00e1n: Cata Coll, Mapi, Sydney, Paralluelo, Marta, C. Serrajordi, Vicky y Ona Batlle. <br \/><strong>Baja<\/strong>: Kika Nazareth. \u00a0<\/p>\n<p><img loading=\"lazy\" decoding=\"async\" width=\"38\" height=\"38\" class=\"lazy float-right\" alt=\"\" src=\"https:\/\/www.europesays.com\/es\/wp-content\/uploads\/2025\/09\/1758137234_122_60f287c0bb1bf.png\"\/> <\/p>\n<p><strong>Once del Bar\u00e7a<\/strong> ante el Espanyol: <br \/><strong>Gemma; Brugts, Laia, Paredes, Aicha; Patri, Aitana, Alexia; Graham, Pajor, Pina<\/strong><\/p>\n<p>\t\t<img class=\"lazy\"\/><\/p>\n<p>Muy buenas tardes y bienvenid@s al directo del <strong>Bar\u00e7a-Espanyol Femenino<\/strong>, que dar\u00e1 inicio a las <strong>18:30 horas <\/strong>en el <strong>estadi Johan Cruyff<\/strong><\/p>\n<p>\u00a0<\/p>\n","protected":false},"excerpt":{"rendered":"\ud83d\udea8 Descubre MDScoreDescarga la mejor app para seguir los resultados de f\u00fatbol en directo, los marcadores de todas&hellip;\n","protected":false},"author":2,"featured_media":143657,"comment_status":"","ping_status":"","sticky":false,"template":"","format":"standard","meta":{"footnotes":""},"categories":[5],"tags":[17,18,25,24,13,14,11,19,20,9,10,15,16,23,12,21,22],"class_list":{"0":"post-143656","1":"post","2":"type-post","3":"status-publish","4":"format-standard","5":"has-post-thumbnail","7":"category-titulares","8":"tag-breaking-news","9":"tag-breakingnews","10":"tag-es","11":"tag-espana","12":"tag-featured-news","13":"tag-featurednews","14":"tag-headlines","15":"tag-latest-news","16":"tag-latestnews","17":"tag-news","18":"tag-noticias","19":"tag-noticias-destacadas","20":"tag-noticiasdestacadas","21":"tag-spain","22":"tag-titulares","23":"tag-ultimas-noticias","24":"tag-ultimasnoticias"},"share_on_mastodon":{"url":"","error":""},"_links":{"self":[{"href":"https:\/\/www.europesays.com\/es\/wp-json\/wp\/v2\/posts\/143656","targetHints":{"allow":["GET"]}}],"collection":[{"href":"https:\/\/www.europesays.com\/es\/wp-json\/wp\/v2\/posts"}],"about":[{"href":"https:\/\/www.europesays.com\/es\/wp-json\/wp\/v2\/types\/post"}],"author":[{"embeddable":true,"href":"https:\/\/www.europesays.com\/es\/wp-json\/wp\/v2\/users\/2"}],"replies":[{"embeddable":true,"href":"https:\/\/www.europesays.com\/es\/wp-json\/wp\/v2\/comments?post=143656"}],"version-history":[{"count":0,"href":"https:\/\/www.europesays.com\/es\/wp-json\/wp\/v2\/posts\/143656\/revisions"}],"wp:featuredmedia":[{"embeddable":true,"href":"https:\/\/www.europesays.com\/es\/wp-json\/wp\/v2\/media\/143657"}],"wp:attachment":[{"href":"https:\/\/www.europesays.com\/es\/wp-json\/wp\/v2\/media?parent=143656"}],"wp:term":[{"taxonomy":"category","embeddable":true,"href":"https:\/\/www.europesays.com\/es\/wp-json\/wp\/v2\/categories?post=143656"},{"taxonomy":"post_tag","embeddable":true,"href":"https:\/\/www.europesays.com\/es\/wp-json\/wp\/v2\/tags?post=143656"}],"curies":[{"name":"wp","href":"https:\/\/api.w.org\/{rel}","templated":true}]}}