{"id":143660,"date":"2025-09-28T06:15:08","date_gmt":"2025-09-28T06:15:08","guid":{"rendered":"https:\/\/www.europesays.com\/es\/143660\/"},"modified":"2025-09-28T06:15:08","modified_gmt":"2025-09-28T06:15:08","slug":"el-nuevo-posado-con-el-que-victoria-beckham-presume-de-piernas-infinitas","status":"publish","type":"post","link":"https:\/\/www.europesays.com\/es\/143660\/","title":{"rendered":"el nuevo posado con el que Victoria Beckham presume de piernas infinitas"},"content":{"rendered":"<p data-journey-content=\"true\" data-node-id=\"1\" class=\"body-dropcap css-1vn2egp emevuu60\">No hay manera de <strong data-node-id=\"1.1\">bajar a Victoria Beckham de <a href=\"https:\/\/www.harpersbazaar.com\/es\/moda\/tendencias\/g265684\/zapatos-de-tacon-historia-aguja-sensato-plataforma-cuna\/\" target=\"_blank\" data-vars-ga-outbound-link=\"https:\/\/www.harpersbazaar.com\/es\/moda\/tendencias\/g265684\/zapatos-de-tacon-historia-aguja-sensato-plataforma-cuna\/\" data-vars-ga-ux-element=\"Hyperlink\" data-vars-ga-call-to-action=\"los tacones,\" data-node-id=\"1.1.1\" class=\"body-link css-156jt4g emevuu60\" rel=\"nofollow noopener\">los tacones,<\/a><\/strong> y uno de sus \u00faltimos posados as\u00ed lo demuestra. La dise\u00f1adora brit\u00e1nica, que no ha perdido un \u00e1pice de glamour desde sus d\u00edas como Spice Girl, ha vuelto a sorprender a sus seguidores en Instagram con unas im\u00e1genes que revelan su faceta m\u00e1s espont\u00e1nea.<\/p>\n<p data-journey-content=\"true\" data-node-id=\"4\" class=\"css-6wxqfj emevuu60\">M\u00e1s all\u00e1 de delegar en modelos profesionales, la dise\u00f1adora es quien se encarga personalmente de <strong data-node-id=\"4.1\">probarse las prendas <\/strong>de las colecciones de su firma de moda durante los fittings, ejerciendo como la mejor embajadora de su marca. Precisamente, una de las \u00faltimas fotograf\u00edas que ha compartido en Instagram refleja este lado \u00edntimo del proceso creativo.<\/p>\n<p><img draggable=\"true\" alt=\"victoria beckham albornoz\" title=\"Victoria Beckham posa en albornoz y tacones de aguja\" loading=\"lazy\" width=\"720\" height=\"1246\" decoding=\"async\" data-nimg=\"1\" style=\"color:transparent;width:100%;height:auto;\"   src=\"https:\/\/www.europesays.com\/es\/wp-content\/uploads\/2025\/09\/imagen-de-whatsapp-2025-09-26-a-las-08-25-39-e2cfdce0-68d65945470b5.jpg\" class=\"css-0 e1g79fud0\"\/><\/p>\n<p>@victoriabeckha\/\/Instagram<\/p>\n<p data-journey-content=\"true\" data-node-id=\"7\" class=\"css-6wxqfj emevuu60\">En lugar de mostrar un estilismo terminado, Victoria Beckham ha dejado ver el momento previo posando frente a un gran espejo, tan solo con un<strong data-node-id=\"7.1\"> albornoz blanco<\/strong>, las piernas al descubierto y, fiel a su sello personal, subida a unos stilettos marrones terminados en punta y con<strong data-node-id=\"7.5\"> tac\u00f3n de aguja<\/strong>. Una instant\u00e1nea inesperada que ha dejado a sus seguidores con la boca abierta.<\/p>\n<p><img draggable=\"true\" alt=\"albornoz tacones\" title=\"Victoria Beckham posa en albornoz y tacones\" loading=\"lazy\" width=\"920\" height=\"1600\" decoding=\"async\" data-nimg=\"1\" style=\"color:transparent;width:100%;height:auto;\"   src=\"https:\/\/www.europesays.com\/es\/wp-content\/uploads\/2025\/09\/imagen-de-whatsapp-2025-09-26-a-las-11-17-29-f8f30937-68d65a41d5ca3.jpg\" class=\"css-0 e1g79fud0\"\/><\/p>\n<p>Courtesy of @victoriabeckham\/\/Instagram<\/p>\n<p data-journey-content=\"true\" data-node-id=\"12\" class=\"css-6wxqfj emevuu60\">Pero la historia no acaba ah\u00ed. Despu\u00e9s de esta imagen<a href=\"https:\/\/www.harpersbazaar.com\/es\/famosas\/a64836316\/victoria-beckham-adolescencia-80-complejos-usaba-maquillaje-escudo\/\" target=\"_blank\" data-vars-ga-outbound-link=\"https:\/\/www.harpersbazaar.com\/es\/famosas\/a64836316\/victoria-beckham-adolescencia-80-complejos-usaba-maquillaje-escudo\/\" data-vars-ga-ux-element=\"Hyperlink\" data-vars-ga-call-to-action=\", Victoria Beckham \" data-node-id=\"12.1\" class=\"body-link css-156jt4g emevuu60\" rel=\"nofollow noopener\">, <strong data-node-id=\"12.1.1\">Victoria Beckham<\/strong> <\/a>public\u00f3 otra imagen posando con un sofisticado vestido negro que reafirma su inconfundible estilo. Y, como broche final a la jornada entre bastidores, comparti\u00f3 una entra\u00f1able <strong data-node-id=\"12.3\">fotograf\u00eda junto a su madre,<a href=\"https:\/\/www.harpersbazaar.com\/es\/famosas\/el-estilo-de\/a65098092\/madre-victoria-beckham-74-anos-kimono-zara-crochet\/\" target=\"_blank\" data-vars-ga-outbound-link=\"https:\/\/www.harpersbazaar.com\/es\/famosas\/el-estilo-de\/a65098092\/madre-victoria-beckham-74-anos-kimono-zara-crochet\/\" data-vars-ga-ux-element=\"Hyperlink\" data-vars-ga-call-to-action=\" Jackie Adams,\" data-node-id=\"12.3.1\" class=\"body-link css-156jt4g emevuu60\" rel=\"nofollow noopener\"> Jackie Adams,<\/a><\/strong> y su suegra, Sandra Georgina West. Las tres, enfundadas en trajes sastre de diferentes cortes y colores, demostraron tanto la excelente relaci\u00f3n familiar como su capacidad innata para convertirse en imagen de cualquier campa\u00f1a publicitaria de la firma. As\u00ed, con esta naturalidad, Victoria Beckham confirma una vez m\u00e1s que la moda, para ella, es inseparable de la elegancia, la familia y, por supuesto, de los tacones de aguja.<\/p>\n<p>Contenidos relacionados<\/p>\n","protected":false},"excerpt":{"rendered":"No hay manera de bajar a Victoria Beckham de los tacones, y uno de sus \u00faltimos posados as\u00ed&hellip;\n","protected":false},"author":2,"featured_media":143661,"comment_status":"","ping_status":"","sticky":false,"template":"","format":"standard","meta":{"footnotes":""},"categories":[174],"tags":[255,253,146,147,25,24,256,23],"class_list":{"0":"post-143660","1":"post","2":"type-post","3":"status-publish","4":"format-standard","5":"has-post-thumbnail","7":"category-famosos","8":"tag-celebrities","9":"tag-discover","10":"tag-entertainment","11":"tag-entretenimiento","12":"tag-es","13":"tag-espana","14":"tag-famosos","15":"tag-spain"},"share_on_mastodon":{"url":"","error":""},"_links":{"self":[{"href":"https:\/\/www.europesays.com\/es\/wp-json\/wp\/v2\/posts\/143660","targetHints":{"allow":["GET"]}}],"collection":[{"href":"https:\/\/www.europesays.com\/es\/wp-json\/wp\/v2\/posts"}],"about":[{"href":"https:\/\/www.europesays.com\/es\/wp-json\/wp\/v2\/types\/post"}],"author":[{"embeddable":true,"href":"https:\/\/www.europesays.com\/es\/wp-json\/wp\/v2\/users\/2"}],"replies":[{"embeddable":true,"href":"https:\/\/www.europesays.com\/es\/wp-json\/wp\/v2\/comments?post=143660"}],"version-history":[{"count":0,"href":"https:\/\/www.europesays.com\/es\/wp-json\/wp\/v2\/posts\/143660\/revisions"}],"wp:featuredmedia":[{"embeddable":true,"href":"https:\/\/www.europesays.com\/es\/wp-json\/wp\/v2\/media\/143661"}],"wp:attachment":[{"href":"https:\/\/www.europesays.com\/es\/wp-json\/wp\/v2\/media?parent=143660"}],"wp:term":[{"taxonomy":"category","embeddable":true,"href":"https:\/\/www.europesays.com\/es\/wp-json\/wp\/v2\/categories?post=143660"},{"taxonomy":"post_tag","embeddable":true,"href":"https:\/\/www.europesays.com\/es\/wp-json\/wp\/v2\/tags?post=143660"}],"curies":[{"name":"wp","href":"https:\/\/api.w.org\/{rel}","templated":true}]}}