{"id":143662,"date":"2025-09-28T06:16:29","date_gmt":"2025-09-28T06:16:29","guid":{"rendered":"https:\/\/www.europesays.com\/es\/143662\/"},"modified":"2025-09-28T06:16:29","modified_gmt":"2025-09-28T06:16:29","slug":"casa-minimalista-un-refugio-con-dimension-onirica-que-parece-flotar-sobre-el-agua","status":"publish","type":"post","link":"https:\/\/www.europesays.com\/es\/143662\/","title":{"rendered":"Casa minimalista: Un refugio con dimensi\u00f3n on\u00edrica que parece flotar sobre el agua"},"content":{"rendered":"<p><strong>Esta casa minimalista es una aut\u00e9ntica escultura que parece flotar sobre el agua.<\/strong><\/p>\n<p>Entre las dunas y praderas de Long Island, en Sagaponack, la arquitectura se ti\u00f1e de imaginaci\u00f3n. <strong>Aqu\u00ed, Roger Ferris + Partners dise\u00f1\u00f3 la \u201ccasa Rosada\u201d<\/strong>, una extensi\u00f3n del famoso volumen rosa de Corian que alberga una alberca elevada. Al observarla de cerca, surge una sensaci\u00f3n de d\u00e9j\u00e0 vu: es imposible no pensar en la famosa pintura de David Hockney de 1967, A Bigger Splash.<\/p>\n<p>Al igual que en el ic\u00f3nico lienzo, aqu\u00ed tambi\u00e9n una moderna <strong>casa minimalista se funde con el azul de una alberca<\/strong>, evocando la misma magia suspendida de un chapuz\u00f3n reci\u00e9n dado, dejando solo la estela del agua para revelar su presencia.<\/p>\n<p><img decoding=\"async\" alt=\"Casa minimalista con alberca gigante en el pasto refleja un atardecer\" loading=\"lazy\" class=\"ResponsiveImageContainer-eNxvmU cfBbTk responsive-image__image\"   src=\"https:\/\/www.europesays.com\/es\/wp-content\/uploads\/2025\/09\/PoolHouse10.jpg\"\/><\/p>\n<p>Chris Cooper<\/p>\n<p><img decoding=\"async\" alt=\"Casa minimalista en color rosa\" loading=\"lazy\" class=\"ResponsiveImageContainer-eNxvmU cfBbTk responsive-image__image\"   src=\"https:\/\/www.europesays.com\/es\/wp-content\/uploads\/2025\/09\/PoolHouse02__.jpg\"\/><\/p>\n<p>Chris Cooper<\/p>\n<p>\u00bfQu\u00e9 ocurre cuando se unen dos estilos completamente diferentes?<\/p>\n<p>La petici\u00f3n del cliente era tan precisa como ambiciosa: crear espacios de apoyo, incluyendo ba\u00f1os, pasillos y un peque\u00f1o estudio, que se integraran con la atm\u00f3sfera de mediados de siglo de la propiedad existente. El resultado es una <a href=\"https:\/\/www.admagazine.com\/articulos\/la-arquitectura-japonesa-tiene-un-pacto-primordial-con-la-naturaleza\" target=\"_blank\" rel=\"nofollow noopener\">arquitectura impactante<\/a> que transforma la funcionalidad en un gesto teatral, complementando a la perfecci\u00f3n la dimensi\u00f3n on\u00edrica de la alberca. Tal como en ese famoso cuadro.<\/p>\n<p>\u00abSin fisuras\u00bb, dicen los arquitectos,\u00bbla alberca, situada en un campo de hierba, est\u00e1 dise\u00f1ada para reflejar el color rosa p\u00e1lido del cielo al amanecer y al atardecer\u00bb.<\/p>\n<p><img decoding=\"async\" alt=\"Alberca escultural rodea el espacio de un jard\u00edn\" loading=\"lazy\" class=\"ResponsiveImageContainer-eNxvmU cfBbTk responsive-image__image\"   src=\"https:\/\/www.europesays.com\/es\/wp-content\/uploads\/2025\/09\/PoolHouse12__.jpg\"\/><\/p>\n<p>Chris Cooper<\/p>\n<p>Una casa minimalista flotando en armon\u00eda con un chal\u00e9 de estilo cl\u00e1sico<\/p>\n<p>El coraz\u00f3n del proyecto reside en la <strong>interacci\u00f3n de proporciones y materiales<\/strong>: un volumen compacto, completamente revestido con paneles met\u00e1licos de alto brillo, pintado con una pintura que combina a la perfecci\u00f3n con el tono de la alberca. <strong>Las juntas verticales acent\u00faan el impulso de la fachada<\/strong>, mientras que la atrevida altura parece querer zambullirse en el agua que hay debajo. En la planta superior hay un peque\u00f1o ba\u00f1o y una cocina americana, as\u00ed como un luminoso estudio con <a href=\"https:\/\/www.admagazine.com\/galerias\/visita-esta-casa-de-campo-llena-luz-y-ventanales-de-doble-altura\" target=\"_blank\" rel=\"nofollow noopener\">grandes ventanales<\/a> que dan al paisaje. Parece un cuadro vivo.<\/p>\n<p>\u00abEl resultado&#8230;\u00bb, dicen los dise\u00f1adores de Roger Ferris + Partners,\u00bbes una simbiosis perfecta de arquitectura, paisaje dom\u00e9stico y color: el rosa de la estructura y el verde de la naturaleza\u00bb.<\/p>\n<p><img decoding=\"async\" alt=\"Una casa rosa es rodeada por un jard\u00edn y una alberca\" loading=\"lazy\" class=\"ResponsiveImageContainer-eNxvmU cfBbTk responsive-image__image\"   src=\"https:\/\/www.europesays.com\/es\/wp-content\/uploads\/2025\/09\/PoolHouse04.jpg\"\/><\/p>\n<p>Chris Cooper<\/p>\n","protected":false},"excerpt":{"rendered":"Esta casa minimalista es una aut\u00e9ntica escultura que parece flotar sobre el agua. Entre las dunas y praderas&hellip;\n","protected":false},"author":2,"featured_media":120878,"comment_status":"","ping_status":"","sticky":false,"template":"","format":"standard","meta":{"footnotes":""},"categories":[173],"tags":[229,233,231,230,9258,232,234,146,147,25,24,9257,23],"class_list":{"0":"post-143662","1":"post","2":"type-post","3":"status-publish","4":"format-standard","5":"has-post-thumbnail","7":"category-arte-y-diseno","8":"tag-arte","9":"tag-arte-y-diseno","10":"tag-arts","11":"tag-arts-and-design","12":"tag-casas-pequenas","13":"tag-design","14":"tag-diseno","15":"tag-entertainment","16":"tag-entretenimiento","17":"tag-es","18":"tag-espana","19":"tag-minimalista","20":"tag-spain"},"share_on_mastodon":{"url":"","error":""},"_links":{"self":[{"href":"https:\/\/www.europesays.com\/es\/wp-json\/wp\/v2\/posts\/143662","targetHints":{"allow":["GET"]}}],"collection":[{"href":"https:\/\/www.europesays.com\/es\/wp-json\/wp\/v2\/posts"}],"about":[{"href":"https:\/\/www.europesays.com\/es\/wp-json\/wp\/v2\/types\/post"}],"author":[{"embeddable":true,"href":"https:\/\/www.europesays.com\/es\/wp-json\/wp\/v2\/users\/2"}],"replies":[{"embeddable":true,"href":"https:\/\/www.europesays.com\/es\/wp-json\/wp\/v2\/comments?post=143662"}],"version-history":[{"count":0,"href":"https:\/\/www.europesays.com\/es\/wp-json\/wp\/v2\/posts\/143662\/revisions"}],"wp:featuredmedia":[{"embeddable":true,"href":"https:\/\/www.europesays.com\/es\/wp-json\/wp\/v2\/media\/120878"}],"wp:attachment":[{"href":"https:\/\/www.europesays.com\/es\/wp-json\/wp\/v2\/media?parent=143662"}],"wp:term":[{"taxonomy":"category","embeddable":true,"href":"https:\/\/www.europesays.com\/es\/wp-json\/wp\/v2\/categories?post=143662"},{"taxonomy":"post_tag","embeddable":true,"href":"https:\/\/www.europesays.com\/es\/wp-json\/wp\/v2\/tags?post=143662"}],"curies":[{"name":"wp","href":"https:\/\/api.w.org\/{rel}","templated":true}]}}