{"id":143671,"date":"2025-09-28T06:23:12","date_gmt":"2025-09-28T06:23:12","guid":{"rendered":"https:\/\/www.europesays.com\/es\/143671\/"},"modified":"2025-09-28T06:23:12","modified_gmt":"2025-09-28T06:23:12","slug":"la-lucha-de-inaki-uoho-ex-de-extremoduro-contra-la-covid-persistente-he-estado-dos-anos-y-medio-en-una-cama-cultura","status":"publish","type":"post","link":"https:\/\/www.europesays.com\/es\/143671\/","title":{"rendered":"La lucha de I\u00f1aki \u2018Uoho\u2019, ex de Extremoduro, contra la covid persistente: \u201cHe estado dos a\u00f1os y medio en una cama\u201d | Cultura"},"content":{"rendered":"<p class=\"\">\u201cMira, esa es la cama. Ah\u00ed me he pasado tumbado casi dos a\u00f1os y medio\u201d.<\/p>\n<p class=\"\"><a href=\"https:\/\/elpais.com\/cultura\/2022-04-17\/inaki-uoho-anton-el-arquitecto-del-sonido-extremoduro-tiene-muchas-cosas-que-contar.html\" target=\"_self\" rel=\"nofollow noopener\" title=\"https:\/\/elpais.com\/cultura\/2022-04-17\/inaki-uoho-anton-el-arquitecto-del-sonido-extremoduro-tiene-muchas-cosas-que-contar.html\">I\u00f1aki Uoho Ant\u00f3n<\/a> muestra una habitaci\u00f3n de unos 10 metros cuadros de su casa en Sopela (Bizkaia). Hoy, la cama luce una colcha fina blanca. Huele a limpio en una estancia donde no se percibe rastro de tecnolog\u00eda: ni equipo de m\u00fasica ni ordenador ni televisi\u00f3n. En una mesilla, apilados, algunos libros: Los enemigos del comercio, de Antonio Escohotado; S\u00e9neca; <a href=\"https:\/\/elpais.com\/cultura\/2024-04-02\/david-ucles-novelista-no-me-extranaria-una-futura-guerra-civil-en-espana.html\" target=\"_self\" rel=\"nofollow noopener\" title=\"https:\/\/elpais.com\/cultura\/2024-04-02\/david-ucles-novelista-no-me-extranaria-una-futura-guerra-civil-en-espana.html\">La pen\u00ednsula de las casas vac\u00edas, de David Ucl\u00e9s,<\/a><b> <\/b>regalo de su amigo Fito Cabrales. Por el gran ventanal entran unos rayos del sol, responsables de una agradable tarde de septiembre. Desde el catre, en posici\u00f3n de tumbado, se ven algunos \u00e1rboles. \u201cEse de ah\u00ed\u201d, se\u00f1ala I\u00f1aki, \u201caguanta las hojas durante todo el a\u00f1o. Todos se quedan pelados menos ese\u201d. Es una de las cosas que ha comprobado el m\u00fasico al ver pasar las estaciones desde esa cama que ha ejercido de compa\u00f1era durante tanto tiempo, d\u00eda y noche, primavera, verano, oto\u00f1o, invierno, y vuelta a empezar. Algunos d\u00edas, a primera hora de la tarde, Maio, su hijo de nueve a\u00f1os, llegaba del colegio y se echaba con su padre. Abr\u00eda un tebeo y le\u00eda, entretenido. Los dos en la cama. No hablaban, ya que I\u00f1aki apenas pod\u00eda. \u201cCreo que \u00e9l no es consciente del bien que me hac\u00eda. Su mera compa\u00f1\u00eda, all\u00ed tumbado, en silencio, sin prisa, simplemente para pasar el rato&#8230; Me hac\u00eda un bien inmenso\u201d, se frena en su explicaci\u00f3n para contener la emoci\u00f3n; y remacha: \u201cJoe con el enano\u2026\u201d.<\/p>\n<p class=\"\">I\u00f1aki Ant\u00f3n (Bilbao, 61 a\u00f1os) est\u00e1 aprendiendo a vivir de nuevo estos d\u00edas despu\u00e9s de haber sido diagnosticado de covid persistente, una secuela de la pandemia todav\u00eda con muchas lagunas a la hora de describirla. Incluso resulta complicado ofrecer un n\u00famero de afectados porque es dif\u00edcil de detectar. Una de las cifras que se manejan es de dos millones en Espa\u00f1a, <a href=\"https:\/\/www.bmg-longcovid.de\/en\/timeline\/estimation-up-to-36-million-europeans-could-have-developed-long-covid-in-the-last-three-years\" rel=\"nofollow noopener\" target=\"_blank\">a ra\u00edz de un c\u00e1lculo internacional de 2022<\/a>. Ser\u00edan las personas que lo han padecido hasta ese momento, pero no se sabe en cu\u00e1ntas ha desaparecido la dolencia.<\/p>\n<p><img decoding=\"auto\" class=\"_re lazyload a_m-h\" height=\"281\"  width=\"414\"  src=\"https:\/\/www.europesays.com\/es\/wp-content\/uploads\/2025\/09\/FJMSCNBIZNECXBEHNLVPPQSNLU.jpg\" loading=\"lazy\"\/>\u201cLo mejor que le puede pasar a alguien que padece covid persistente es que lo entiendan. Sentirte comprendido, que sean conscientes de que no te puedes mover, que no puedes pensar, que a veces no puedes ni hablar\u00bb. El m\u00fasico posa en su estudio. Javier Hern\u00e1ndez<\/p>\n<p class=\"\">\u201cEl bicho\u201d, como \u00e9l lo llama, le atrap\u00f3 en diciembre de 2022. El excomponente de Platero y T\u00fa y <a href=\"https:\/\/elpais.com\/cultura\/2019\/12\/21\/actualidad\/1576938882_186186.html\" target=\"_self\" rel=\"nofollow noopener\" title=\"https:\/\/elpais.com\/cultura\/2019\/12\/21\/actualidad\/1576938882_186186.html\">Extremoduro<\/a> se encontraba de gira presentado su nuevo proyecto, Uoho, donde por primera vez en casi cuatro d\u00e9cadas de carrera se atrev\u00eda a cantar. \u201cEn una prueba de sonido en una sala de Bilbao comprob\u00e9 que me ahogaba, que no pod\u00eda respirar. Luego me repuse y pude tocar\u201d. Pero los malestares continuaron. Desde finales de 2022 a julio de 2023 sigui\u00f3 actuando, unos 20 conciertos. Sab\u00eda que no estaba a tope, pero no cej\u00f3 por no dejar al p\u00fablico y a los m\u00fasicos tirados. \u201cIba durmiendo en la furgoneta, dorm\u00eda despu\u00e9s de la prueba de sonido, me iba al hotel a descansar tras el recital, dorm\u00eda en el viaje de vuelta. As\u00ed todos los d\u00edas\u201d. En junio de 2023, despu\u00e9s de un concierto en Gij\u00f3n, le sobrevino una fibrilaci\u00f3n auricular, una arritmia. Un mes despu\u00e9s, tras un recital en Burgos, se desmoron\u00f3. \u201cEstaba sin fuelle, no pod\u00eda moverme. Dije: \u2018Vamos a parar dos meses y cuando est\u00e9 recuperado volvemos\u2019. En aquella ocasi\u00f3n dos meses me parec\u00eda un mundo; y mira ahora, han pasado m\u00e1s de dos a\u00f1os\u201d. <\/p>\n<p class=\"\">I\u00f1aki visit\u00f3 a varios especialistas, que cruzaron los datos y concluyeron <a href=\"https:\/\/elpais.com\/sociedad\/2024-12-13\/cinco-anos-despues-nadie-sabe-cuantas-personas-tienen-covid-persistente-te-ven-como-una-vaga-que-no-quiere-trabajar.html\" target=\"_self\" rel=\"nofollow noopener\" title=\"https:\/\/elpais.com\/sociedad\/2024-12-13\/cinco-anos-despues-nadie-sabe-cuantas-personas-tienen-covid-persistente-te-ven-como-una-vaga-que-no-quiere-trabajar.html\">que padec\u00eda covid persistente.<\/a> \u201cYo les preguntaba: \u2018Y eso qu\u00e9 es\u2019. Y me respond\u00edan: \u2018No lo sabemos muy bien, porque es una enfermedad nueva\u201d. Hablamos de un s\u00edndrome con sintomatolog\u00edas diversas y que puede afectar al sistema respiratorio, al digestivo, al circulatorio y al neurol\u00f3gico. La enfermedad se presenta de forma dispares: existen pacientes de pron\u00f3stico m\u00e1s leve, pero otros m\u00e1s virulentos, el caso de I\u00f1aki. Solo desde julio pasado, <a href=\"https:\/\/elpais.com\/sociedad\/2025-07-04\/la-covid-persistente-y-la-celiaquia-son-reconocidas-como-enfermedades-cronicas.html\" target=\"_self\" rel=\"nofollow noopener\" title=\"https:\/\/elpais.com\/sociedad\/2025-07-04\/la-covid-persistente-y-la-celiaquia-son-reconocidas-como-enfermedades-cronicas.html\">la covid persistente est\u00e1 reconocida como enfermedad cr\u00f3nica.<\/a> <\/p>\n<p><img decoding=\"auto\" class=\"_re lazyload a_m-h\" height=\"276\"  width=\"414\"  src=\"https:\/\/www.europesays.com\/es\/wp-content\/uploads\/2025\/09\/LYWGXSL4YJC37KOI5AM7JTYEJY.jpg\" loading=\"lazy\"\/>Robe Iniesta e I\u00f1aki Ant\u00f3n en un concierto de Extremoduro en el Palau Sant Jordi de Barcelona en noviembre de 2014. Xavi Torrent (Redferns via Getty Images)<\/p>\n<p class=\"\">El cuerpo de I\u00f1aki dej\u00f3 de funcionar. \u00c9l lo explica as\u00ed: \u201cEs como si tuvieras un motor peque\u00f1o aqu\u00ed [y se toca la nuca] que es el que pone en marcha a los motores grandes. Pero ese motorcito no arranca. Yo no pod\u00eda ni mirar un mail, ni hablar. Est\u00e1s espeso, te trabas. Es una enfermedad que te deja hecho una planta, al menos a m\u00ed. Hasta escuchar m\u00fasica me alteraba. Ven\u00edan amigos de visita, pero no pod\u00eda atenderlos, porque el estar sentado te cansa. No puedes mantener el cuerpo erguido para comer durante 15 minutos. Te tienes que ir a la cama. Es una movida heavy que solo entiende la gente que la tiene\u201d. En los peores momentos no pod\u00eda ni ducharse, \u201cporque era un currazo\u201d. Su pareja, Mar\u00eda, le llenaba la ba\u00f1era y le frotaba suavemente con una esponja. \u201cLos movimientos r\u00e1pidos, como restregarme el pelo [e I\u00f1aki conserva pelambrera], son impensables. O batir un huevo. No puedes: parece que lo est\u00e1s acariciando. Tienes capacidad para dormir, para ingerir alimentos, y nada m\u00e1s\u201d. Con el tiempo, consigui\u00f3 abrir el ordenador \u201cpara hacer crucigramas o sudokus f\u00e1ciles. Cosas que puedas ejecutar como un aut\u00f3mata, sin ton ni son, solo para pasar el rato, que no haga falta discurrir\u201d.<\/p>\n<p class=\"\">El desconocimiento social de c\u00f3mo funciona la enfermedad produce situaciones inc\u00f3modas, sobre todo al principio. Sus amigos, con toda la buena intenci\u00f3n, le animaban: \u201cVenga, vamos a tomar algo\u201d; \u201cigual si vas al psic\u00f3logo\u2026\u201d, \u201cpor qu\u00e9 no haces gimnasia\u201d. I\u00f1aki sonr\u00ede y no pierde el humor cuando recuerda lo del ejercicio f\u00edsico: \u201cMe cagoenl\u00e1, si no pod\u00eda ni moverme. Esta enfermedad te deja hecho un in\u00fatil\u201d. Con el tiempo, su c\u00edrculo cercano y sobre todo su familia (tiene tres hijos: 34, 11 y los 9 a\u00f1os de Maio) lo entendieron. \u201cLo mejor que le puede pasar a alguien que padece covid persistente es que le comprendan, que sean conscientes de que no te puedes mover, que no puedes pensar, que a veces no puedes ni hablar ni seguir una conversaci\u00f3n. Que si te tumbas no lo vean raro. Simplemente con esa comprensi\u00f3n ya ayuda mucho al que est\u00e1 con esta porquer\u00eda\u201d. <\/p>\n<p class=\"\">El que habla es el torbellino <a href=\"https:\/\/www.youtube.com\/watch?v=iCvtgyLL98g&amp;list=RDiCvtgyLL98g&amp;start_radio=1\" target=\"_self\" rel=\"nofollow noopener\" title=\"https:\/\/www.youtube.com\/watch?v=iCvtgyLL98g&amp;list=RDiCvtgyLL98g&amp;start_radio=1\">que pisaba el escenario con Platero y T\u00fa y Extremoduro,<\/a> el arquitecto del sonido de esas dos bandas, guitarrista, compositor y productor, ese que agitaba el escenario tocando la guitarra al lado de Robe Iniesta. \u201cI\u00f1aki es hiperactivo. Sube a un escenario y se pone a dar botes y en casa no para de hacer cosas. Y, de repente, lleg\u00f3 esto. Ha sido duro, s\u00ed, sobre todo para \u00e9l\u201d, apunta su pareja, Mar\u00eda. <\/p>\n<p><img decoding=\"auto\" class=\"_re lazyload a_m-h\" height=\"311\"  width=\"414\"  src=\"https:\/\/www.europesays.com\/es\/wp-content\/uploads\/2025\/09\/K5GVWLBRFBPZTBMXJLBFLQXTUI.jpg\" loading=\"lazy\"\/>Fito Cabrales e I\u00f1aki Ant\u00f3n en un recital de Platero y T\u00fa en los a\u00f1os noventa. <\/p>\n<p class=\"\">El m\u00fasico lo intent\u00f3 todo: fue a la sanidad p\u00fablica, a la privada, recurri\u00f3 a la medicina alternativa, africana, asi\u00e1tica\u2026 Se r\u00ede cuando cuenta que en una de estas \u00faltimas le tumbaron en una camilla de una sala sembrada de cristales de colores: \u201cMucho silencio y una musiquilla muy aburrida. Te dejan all\u00ed 50 minutos y luego quitan los cristales y ya est\u00e1. Absurdo, pero es que yo estaba desesperado y probaba cualquier cosa que me recomendasen\u201d. Dice ser un privilegiado: \u201cAfortunadamente no me puedo quejar: tengo un colch\u00f3n, he ganado dinero tocando. Pero me pongo en el lugar de mucha gente sin recursos y debe ser dur\u00edsimo\u201d. <\/p>\n<p class=\"\">Hablar de remedios para la covid persistente es penetrar en un terreno desconocido. I\u00f1aki recuerda el caj\u00f3n de las medicinas, dividido por apartados. Prob\u00f3 de todo, pero con nada alcanz\u00f3 el alivio. \u201cSolo el paso del tiempo ayuda\u201d, apunta. Cuenta que inici\u00f3 terapia, primero presencial, pero cuando ya no pod\u00eda salir de casa, opt\u00f3 por el tel\u00e9fono. A los pocos d\u00edas lo dej\u00f3, porque no pod\u00eda mantener una conversaci\u00f3n con la psic\u00f3loga. Entonces comenz\u00f3 a leer filosof\u00eda, despacio, interpretando los p\u00e1rrafos varias veces, asimil\u00e1ndolos. \u201cMe ayud\u00f3 mucho la filosof\u00eda. <a href=\"https:\/\/elpais.com\/cultura\/2025-01-08\/epicteto-el-gran-olvidado-del-estoicismo-que-vuelve-a-brillar.html\" target=\"_self\" rel=\"nofollow noopener\" title=\"https:\/\/elpais.com\/cultura\/2025-01-08\/epicteto-el-gran-olvidado-del-estoicismo-que-vuelve-a-brillar.html\">Los cl\u00e1sicos: Arist\u00f3teles, Epicteto, S\u00e9neca, los estoicos\u2026<\/a> La conclusi\u00f3n b\u00e1sica es que hay que conformarse. Estoy hecho una mierda, durante el d\u00eda no lo voy a arreglar por mucho que me empe\u00f1e y me voy a frustrar. As\u00ed que vamos a disfrutar de lo que hay. \u00bfY qu\u00e9 hay? Pues mi hijo acurrucado a mi lado. Se trata de disfrutar de eso\u201d.<\/p>\n<p><img decoding=\"auto\" class=\"_re lazyload a_m-h\" height=\"259\"  width=\"414\"  src=\"https:\/\/www.europesays.com\/es\/wp-content\/uploads\/2025\/09\/F6LFCWQZIFGQ3HC363VWSOGARY.jpg\" loading=\"lazy\"\/>\u201cMe ayud\u00f3 mucho la filosof\u00eda. Los cl\u00e1sicos: Arist\u00f3teles, Epicteto, S\u00e9neca, los estoicos\u2026 La conclusi\u00f3n b\u00e1sica es que hay que conformarse. Estoy hecho una mierda, durante el d\u00eda no lo voy a arreglar por mucho que me empe\u00f1e y me voy a frustrar. As\u00ed que vamos a disfrutar de lo que hay\u00bb. Ant\u00f3n, el pasado 16 de septiembre en su casa de Sopela. Javier Hern\u00e1ndez<\/p>\n<p class=\"\">Durante el largo proceso destaca a tres amigos que no dejaron de alentarlo: Fito Cabrales, excompa\u00f1ero de Platero y T\u00fa y l\u00edder de Fito &amp; Fitipaldis; <a href=\"https:\/\/elpais.com\/cultura\/2024-12-08\/marea-cumple-25-anos-de-con-esto-no-vais-a-ningun-lado-a-defender-el-orgullo-del-rock-llenando-pabellones.html\" target=\"_self\" rel=\"nofollow noopener\" title=\"https:\/\/elpais.com\/cultura\/2024-12-08\/marea-cumple-25-anos-de-con-esto-no-vais-a-ningun-lado-a-defender-el-orgullo-del-rock-llenando-pabellones.html\">Kutxi Romero, cabecilla de Marea, banda a la que I\u00f1aki produjo;<\/a> y Manolo Chinato, poeta, con el que colabor\u00f3 en varios discos, el m\u00e1s prolijo <a href=\"https:\/\/elpais.com\/diario\/2001\/04\/26\/espectaculos\/988236004_850215.html\" target=\"_self\" rel=\"nofollow noopener\" title=\"https:\/\/elpais.com\/diario\/2001\/04\/26\/espectaculos\/988236004_850215.html\">Extrechinato y T\u00fa.<\/a> Todas las semanas le llamaban. A veces no ten\u00eda fuerzas para encarar una conversaci\u00f3n, \u201cpero sab\u00eda que estaban ah\u00ed\u201d. Con Robe Iniesta, su excompa\u00f1ero en Extremoduro, no existi\u00f3 contacto. \u201cNo s\u00e9 nada de Robe. \u00c9l no me ha llamado y yo a \u00e9l, tampoco\u201d, remarca. <\/p>\n<p class=\"\">En mayo pasado I\u00f1aki empez\u00f3 a sentirse mejor. Consegu\u00eda sumar 15 d\u00edas buenos al mes. Un poco antes y por consejo de un dise\u00f1ador de guitarras alem\u00e1n afincado en C\u00e1diz se puso en contacto con Jaime Moreno, cantante gaditano. Congeniaron y comenzaron a trabajar. Todo muy despacio. \u201cJaime tuvo mucha paciencia, porque yo estaba bien un d\u00eda y al siguiente encadenaba diez d\u00edas enfermo\u201d. <\/p>\n<p class=\"\">I\u00f1aki lleva desde junio con solo dos o tres d\u00edas inoperativos al mes. Con la compa\u00f1\u00eda de Jaime y su banda, todos exmiembros de Extremoduro, ha compuesto material para dos discos. El primer se publica en octubre. En las nuevas canciones se identifica el estilo de guitarras y melod\u00edas de Uoho, pero sin mimetismos ni con Platero y T\u00fa ni con Extremoduro. La voz de Jaime, vers\u00e1til, personal, acopla con los rocanroles y tambi\u00e9n con los temas de estructuras m\u00e1s elaboradas. Una de las piezas m\u00e1s interesantes, Porque no est\u00e1s t\u00fa, alcanza los nueve minutos. Precisamente fue con esa canci\u00f3n con la que I\u00f1aki se desentumeci\u00f3 despu\u00e9s de dos a\u00f1os sin tocar la guitarra. \u201cLo hac\u00eda todo muy despacio. Estaba 20 minutos y me volv\u00eda a la cama. As\u00ed empec\u00e9, hecho una calamidad. Pero luego, afortunadamente, la enfermedad me ha ido dando vidilla. Y cada vez los d\u00edas son mejores y ahora hay buen ritmo de trabajo\u201d. El nuevo grupo ya tiene nombre: Rebrote. <\/p>\n<p>Fito Cabrales e I\u00f1aki Ant\u00f3n resucitando por unos instantes a Platero y T\u00fa con la canci\u00f3n &#8216;El roce de tu cuerpo&#8217; en un concierto de Fito y Los Fitipaldis en un repleto San Mam\u00e9s (Bilbao), en junio de 2022.\u00a0<\/p>\n<p class=\"\">Tiene previsto salir de gira a medio plazo: \u201cSi de cada 30 d\u00edas estoy mal tres es una se\u00f1al excelente. Esta enfermedad se va a ir. Es la expresi\u00f3n de un deseo, pero tengo indicios para poder cre\u00e9rmelo. S\u00ed, me veo tocando a partir de 2026 como un le\u00f3n\u201d. Durante la charla, un martes, se le ve bien, reflexivo, ri\u00e9ndose, con su habitual nervio. Sin embargo, hace dos d\u00edas sufri\u00f3 una reca\u00edda. \u201cLlevaba un mes estupendo, pero el fin de semana estuve jodido. El viernes llegaban mi mujer y mis hijos de M\u00e1laga [Mar\u00eda es malague\u00f1a], les fui a buscar, les hice una tortilla. Estaba perfectamente. Me fui a dormir por la noche y me levant\u00e9 hecho una mierda. El s\u00e1bado ten\u00eda una boda de un gran amigo al que quiero un mont\u00f3n y no pude ir [se emociona]. As\u00ed es esto. No avisa. Cuando toca, toca, y cuando se va, lo mismo, lo hace de repente\u201d. <\/p>\n<p class=\"\">El m\u00fasico se\u00f1ala que la enfermedad le ha hecho m\u00e1s reflexivo y le ha ense\u00f1ado varias cosas. \u201cCreo que en este tiempo he aprendido much\u00edsimo de la vida. Como que muchas veces creemos que hay cosas que nos parecen importantes y no lo son en absoluto, empezando por el dinero. Lo importante es la poquita gente que tengas a tu alrededor y sobre todo estar bien dentro de tu pellejo, estar contento dentro de tu piel, de tu propio per\u00edmetro\u201d. Y contin\u00faa: \u201cHay que saber vivir y saber morir, que es parte del aprendizaje de vivir. No hay que hacer dramas cuando llegue la hora. Yo no me he visto en riesgo de morir, pero s\u00ed me he dado cuenta de que si te toca morir hay que admitirlo como que debe ser as\u00ed. Y que cuando toque hay que irse con un poquito de clase, sin lloriquear. El bien m\u00e1s preciado que tenemos, la mayor posesi\u00f3n, la m\u00e1s valiosa, es el tiempo para nosotros mismo. Es nuestro mayor valor. El que trabaja mucho tendr\u00e1 muchos bienes materiales, pero poco tiempo para \u00e9l. En mi opini\u00f3n es pobre\u201d. <\/p>\n<p class=\"\">El encuentro debe acabar porque le toca visitar al cardi\u00f3logo ya que hace unos d\u00edas le afect\u00f3 una arritmia. Llegamos al centro de salud. \u201cHola, soy I\u00f1aki Ant\u00f3n, y llego diez minutos tarde, perd\u00f3n\u201d. \u201cS\u00ed, si\u00e9ntese en la sala que enseguida le llaman\u201d. Las dos trabajadoras del mostrador del centro de salud le han reconocido. Se propinan codazos c\u00f3mplices y sonr\u00eden. <\/p>\n","protected":false},"excerpt":{"rendered":"\u201cMira, esa es la cama. Ah\u00ed me he pasado tumbado casi dos a\u00f1os y medio\u201d. I\u00f1aki Uoho Ant\u00f3n&hellip;\n","protected":false},"author":2,"featured_media":143672,"comment_status":"","ping_status":"","sticky":false,"template":"","format":"standard","meta":{"footnotes":""},"categories":[91],"tags":[218,208,9786,209,146,147,25,24,21388,44420,44419,44418,29133,185,44416,44417,1273,23],"class_list":{"0":"post-143671","1":"post","2":"type-post","3":"status-publish","4":"format-standard","5":"has-post-thumbnail","7":"category-entretenimiento","8":"tag-canciones","9":"tag-conciertos","10":"tag-coronavirus-covid-19","11":"tag-cultura","12":"tag-entertainment","13":"tag-entretenimiento","14":"tag-es","15":"tag-espana","16":"tag-extremoduro","17":"tag-fito-los-fitipaldis","18":"tag-fito-cabrales","19":"tag-kutxi-romero","20":"tag-marea","21":"tag-musica","22":"tag-platero-y-tu","23":"tag-robe-iniesta","24":"tag-rock","25":"tag-spain"},"share_on_mastodon":{"url":"","error":""},"_links":{"self":[{"href":"https:\/\/www.europesays.com\/es\/wp-json\/wp\/v2\/posts\/143671","targetHints":{"allow":["GET"]}}],"collection":[{"href":"https:\/\/www.europesays.com\/es\/wp-json\/wp\/v2\/posts"}],"about":[{"href":"https:\/\/www.europesays.com\/es\/wp-json\/wp\/v2\/types\/post"}],"author":[{"embeddable":true,"href":"https:\/\/www.europesays.com\/es\/wp-json\/wp\/v2\/users\/2"}],"replies":[{"embeddable":true,"href":"https:\/\/www.europesays.com\/es\/wp-json\/wp\/v2\/comments?post=143671"}],"version-history":[{"count":0,"href":"https:\/\/www.europesays.com\/es\/wp-json\/wp\/v2\/posts\/143671\/revisions"}],"wp:featuredmedia":[{"embeddable":true,"href":"https:\/\/www.europesays.com\/es\/wp-json\/wp\/v2\/media\/143672"}],"wp:attachment":[{"href":"https:\/\/www.europesays.com\/es\/wp-json\/wp\/v2\/media?parent=143671"}],"wp:term":[{"taxonomy":"category","embeddable":true,"href":"https:\/\/www.europesays.com\/es\/wp-json\/wp\/v2\/categories?post=143671"},{"taxonomy":"post_tag","embeddable":true,"href":"https:\/\/www.europesays.com\/es\/wp-json\/wp\/v2\/tags?post=143671"}],"curies":[{"name":"wp","href":"https:\/\/api.w.org\/{rel}","templated":true}]}}