{"id":143678,"date":"2025-09-28T06:27:07","date_gmt":"2025-09-28T06:27:07","guid":{"rendered":"https:\/\/www.europesays.com\/es\/143678\/"},"modified":"2025-09-28T06:27:07","modified_gmt":"2025-09-28T06:27:07","slug":"incomparecencia-de-begona-gomez-ante-el-juez-peinado-que-puede-pasar-ahora-y-posibles-escenarios","status":"publish","type":"post","link":"https:\/\/www.europesays.com\/es\/143678\/","title":{"rendered":"Incomparecencia de Bego\u00f1a G\u00f3mez ante el juez Peinado: qu\u00e9 puede pasar ahora y posibles escenarios"},"content":{"rendered":"<p class=\"articleParagraph\">Bego\u00f1a G\u00f3mez, la mujer del presidente del Gobierno,<b> no ha acudido a la citaci\u00f3n del juez Peinado<\/b> en los juzgados de Plaza de Castilla este s\u00e1bado a las 18:00 horas. Tampoco se han presentado su asistente en Moncloa, Cristina \u00c1lvarez, ni el delegado del Gobierno en la Comunidad de Madrid, Francisco Mart\u00edn.<\/p>\n<p class=\"articleParagraph\">El magistrado les hab\u00eda citado para comunicarles que, en caso de haber juicio, <b>ser\u00e1 un jurado popular quien decidir\u00e1 <\/b>si se ha cometido delito de malversaci\u00f3n, decisi\u00f3n que Peinado hab\u00eda anunciado hac\u00eda unos d\u00edas y que pill\u00f3 por sorpresa al Gobierno.<\/p>\n<p>El abogado de Bego\u00f1a G\u00f3mez se escuda en la circular 4\/1995<\/p>\n<p class=\"articleParagraph\">Los abogados de las partes, las acusaciones y la Fiscal\u00eda s\u00ed han acudido a la citaci\u00f3n. El abogado de Bego\u00f1a G\u00f3mez, Antonio Camacho, ha comentado a la salida que la incomparecencia de su investigada \u00abno es ninguna irregularidad\u00bb porque <b>\u00abno se le pretend\u00eda tomar declaraci\u00f3n ni realizar ning\u00fan tipo de diligencia\u00bb<\/b>. Por eso, \u00abno se ha planteado en ning\u00fan momento y en ning\u00fan lugar que mi representada estuviera aqu\u00ed\u00bb.<\/p>\n<p class=\"articleParagraph\">Camacho se ha escudado en la circular 4\/1995 de la Fiscal\u00eda General del Estado que manifiesta que <b>\u00abla presencia del investigado constituye un derecho, pero no una obligaci\u00f3n\u00bb<\/b>, por eso tampoco ha \u00abninguna obligaci\u00f3n de comunic\u00e1rselo\u00bb al juez, \u00abes un derecho\u00bb, ha sentenciado a los medios de comunicaci\u00f3n.<\/p>\n<p>Decisiones que podr\u00eda tomar el juez Peinado<\/p>\n<p class=\"articleParagraph\"><a title=\"La circular 4\/1995 dice textualmente\" href=\"https:\/\/www.fiscal.es\/memorias\/estudio2016\/CIR\/CIR_04_1995.html\" target=\"_blank\" rel=\"nofollow noopener\">La circular 4\/1995 dice textualmente<\/a>en el ep\u00edgrafe referente a la comparecencia inicial y suspensi\u00f3n de la comparecencia que \u00ab<b>la ley mantiene en la penumbra dilucidar en qu\u00e9 casos podr\u00e1 celebrarse la comparecencia <\/b>sin la presencia de alguno de los convocados\u00bb. Seg\u00fan el escrito, cuando la incomparecencia sea injustificada \u00abhabr\u00e1 de llegarse a la suspensi\u00f3n y a una nueva convocatoria\u00bb. Ahora bien, \u00ablas dudas surgen cuando se trata de comparecencias injustificadas\u00bb.<\/p>\n<p class=\"articleParagraph\"><b>El art\u00edculo 306 de la Ley y los principios generales del proceso penal <\/b>dice que es \u00abnecesaria\u00bb la presencia del Ministerio Fiscal, \u00abal menos\u00bb una acusaci\u00f3n y \u00abdebe considerarse perceptiva\u00bb la asistencia del abogado defensor.<\/p>\n<p class=\"articleParagraph\">Sobre el resto de personas que deben ser citadas, en este caso las personas investigadas como Bego\u00f1a G\u00f3mez, su asesora o el delegado, la circular indica: \u00ab<b>Cuya presencia no debe considerarse indispensable para la celebraci\u00f3n de la comparecencia <\/b>al no imponerlo as\u00ed expresamente la Ley a diferencia de lo que se hace en otros casos (art. 44 de la Ley Org\u00e1nica 5\/1995; o arts. 504 bis 2, 230.2.\u00ba, o 793.1 de la Ley de Enjuiciamiento Criminal)\u00bb.<\/p>\n<p class=\"articleParagraph\">Pero, a\u00f1ade: \u00abLa inasistencia de alguna de las partes no debe determinar necesariamente la suspensi\u00f3n, sin perjuicio de que el Instructor pueda acordarla\u00bb, es decir, que <b>el juez Peinado puede suspender la comparecencia y convocar una nueva si lo considera oportuno<\/b>, porque crea necesaria la asistencia de Bego\u00f1a G\u00f3mez y el resto de investigados.<\/p>\n<p>La Fiscal\u00eda y la defensa piden archivar la causa; las acusaciones, que se cite a S\u00e1nchez y Bola\u00f1os<\/p>\n<p class=\"articleParagraph\">Si el juez Peinado no suspende la comparecencia, hay varias opciones, <b>que contin\u00fae la causa o que se archive,<\/b> tal y como han pedido la Fiscal\u00eda y la defensa de la mujer de Pedro S\u00e1nchez y las defensas del resto de los investigados. Peinado dispone de varios d\u00edas para tomar la decisi\u00f3n.<\/p>\n<p class=\"articleParagraph\">Camacho ha informado ante los medios que ha solicitado<b> \u00abel archivo de la causa por no ser los hechos constitutivos de delito<\/b>, al igual que el resto de los letrados y que el ministerio fiscal\u00bb. Por su parte, las acusaciones han solicitado al magistrado que cite a Pedro S\u00e1nchez a declarar y al ministro de Presidencia, Justicia y Relaciones con las Cortes, F\u00e9lix Bola\u00f1os.<\/p>\n","protected":false},"excerpt":{"rendered":"Bego\u00f1a G\u00f3mez, la mujer del presidente del Gobierno, no ha acudido a la citaci\u00f3n del juez Peinado en&hellip;\n","protected":false},"author":2,"featured_media":143679,"comment_status":"","ping_status":"","sticky":false,"template":"","format":"standard","meta":{"footnotes":""},"categories":[8],"tags":[17,18,25,24,13,14,11,19,20,9,10,15,16,23,12,21,22],"class_list":{"0":"post-143678","1":"post","2":"type-post","3":"status-publish","4":"format-standard","5":"has-post-thumbnail","7":"category-espana","8":"tag-breaking-news","9":"tag-breakingnews","10":"tag-es","11":"tag-espana","12":"tag-featured-news","13":"tag-featurednews","14":"tag-headlines","15":"tag-latest-news","16":"tag-latestnews","17":"tag-news","18":"tag-noticias","19":"tag-noticias-destacadas","20":"tag-noticiasdestacadas","21":"tag-spain","22":"tag-titulares","23":"tag-ultimas-noticias","24":"tag-ultimasnoticias"},"share_on_mastodon":{"url":"","error":""},"_links":{"self":[{"href":"https:\/\/www.europesays.com\/es\/wp-json\/wp\/v2\/posts\/143678","targetHints":{"allow":["GET"]}}],"collection":[{"href":"https:\/\/www.europesays.com\/es\/wp-json\/wp\/v2\/posts"}],"about":[{"href":"https:\/\/www.europesays.com\/es\/wp-json\/wp\/v2\/types\/post"}],"author":[{"embeddable":true,"href":"https:\/\/www.europesays.com\/es\/wp-json\/wp\/v2\/users\/2"}],"replies":[{"embeddable":true,"href":"https:\/\/www.europesays.com\/es\/wp-json\/wp\/v2\/comments?post=143678"}],"version-history":[{"count":0,"href":"https:\/\/www.europesays.com\/es\/wp-json\/wp\/v2\/posts\/143678\/revisions"}],"wp:featuredmedia":[{"embeddable":true,"href":"https:\/\/www.europesays.com\/es\/wp-json\/wp\/v2\/media\/143679"}],"wp:attachment":[{"href":"https:\/\/www.europesays.com\/es\/wp-json\/wp\/v2\/media?parent=143678"}],"wp:term":[{"taxonomy":"category","embeddable":true,"href":"https:\/\/www.europesays.com\/es\/wp-json\/wp\/v2\/categories?post=143678"},{"taxonomy":"post_tag","embeddable":true,"href":"https:\/\/www.europesays.com\/es\/wp-json\/wp\/v2\/tags?post=143678"}],"curies":[{"name":"wp","href":"https:\/\/api.w.org\/{rel}","templated":true}]}}