{"id":143684,"date":"2025-09-28T06:32:09","date_gmt":"2025-09-28T06:32:09","guid":{"rendered":"https:\/\/www.europesays.com\/es\/143684\/"},"modified":"2025-09-28T06:32:09","modified_gmt":"2025-09-28T06:32:09","slug":"camiral-toma-nota-de-la-ryder-cup-de-nueva-york","status":"publish","type":"post","link":"https:\/\/www.europesays.com\/es\/143684\/","title":{"rendered":"Camiral toma nota de la Ryder Cup de Nueva York"},"content":{"rendered":"<p data-gtm-element-container=\"modulo-texto-link\" class=\"paragraph\">En 1979, la Ryder Cup dio un paso decisivo para alcanzar las cotas de popularidad y el impacto en el aficionado que luce hoy en d\u00eda. Aquella edici\u00f3n, que se celebr\u00f3 en The Greenbrier, en West Virginia, fue la primera en la que Estados Unidos se midi\u00f3 a Europa entera. Hasta entonces, el rival hab\u00eda sido Inglaterra y, desde 1973, tambi\u00e9n Irlanda. Expandir el torneo a un continente entero fue el germen de lo que hoy en d\u00eda es esta competici\u00f3n, que no tiene igual. A la Ryder no se le pueden poner l\u00edmites porque en cada edici\u00f3n se hace m\u00e1s grande, como si fuera una bola de nieve rodando por la ladera de una monta\u00f1a. Estos d\u00edas, en Bethpage Black, con el apellido de Nueva York dando el \u00faltimo empuj\u00f3n, se est\u00e1 pudiendo comprobar de primera mano. M\u00e1s de 50.000 aficionados haciendo cola desde las 5 de la ma\u00f1ana para entrar los primeros, entradas a 750 d\u00f3lares agotadas en apenas unas horas y carpas de hospitality por doquier, inundando cada espacio libre que hay en esta inmensa finca.<\/p>\n<p data-gtm-element-container=\"modulo-texto-link\" class=\"paragraph\">No hay ning\u00fan indicio que invite a pensar que esta gigantesca bola vaya a dejar de rodar y crecer. Su pr\u00f3xima parada tendr\u00e1 lugar dentro de dos a\u00f1os en Adare Manor (Irlanda). Despu\u00e9s rodar\u00e1 hasta Hazeltine (Minnesota). Y, en 2031, la ya esperad\u00edsima Ryder Cup de Camiral, en <a href=\"https:\/\/www.lavanguardia.com\/deportes\/resultados\/laliga-primera-division\/calendario\/girona\" target=\"_blank\" rel=\"noopener noreferrer nofollow\">Girona<\/a>. Aunque la fecha puede parecer lejana, cuando se trata de un evento de estas dimensiones, el tiempo vuela. Las carpetas se acumulan. Las tareas se multiplican. Y, por ende, los problemas aparecen.<\/p>\n<p>En Bethpage hay 1.000.000 de metros cuadrados (100 campos de f\u00fatbol) construidos s\u00f3lo para el hospitality<\/p>\n<p data-gtm-element-container=\"modulo-texto-link\" class=\"paragraph\">Aunque el trabajo ha sido intenso desde hace a\u00f1os, <a href=\"https:\/\/www.lavanguardia.com\/deportes\/golf\/20250725\/10922429\/ryder-cup-2031-camiral-reunion-generalitat.html\" title=\"La reuni\u00f3n que enderez\u00f3 la Ryder Cup de Camiral\" rel=\"nofollow noopener\" target=\"_blank\">cuando el pasado mes de julio la organizaci\u00f3n oficializaba que el resort catal\u00e1n acoger\u00eda la Ryder Cup<\/a> todo se aceler\u00f3. Y una de las primeras cosas que apareci\u00f3 en la agenda fue viajar hasta Nueva York y tomar notas para que nada se escape. Dicho y hecho, una delegaci\u00f3n de Camiral, encabezada por su CEO, y uno de los responsables en la sombra de que el sue\u00f1o se convirtiera en realidad, David Plana, se encuentra estos d\u00edas observando de cerca todo lo que rodea al torneo, de puertas afuera y, sobre todo, de puertas adentro.<\/p>\n<p data-gtm-element-container=\"modulo-texto-link\" class=\"paragraph\">La expedici\u00f3n no s\u00f3lo cuenta con miembros del resort de Caldes, tambi\u00e9n se han desplazado representantes pol\u00edticos y alg\u00fan patrocinador para comprobar de primera mano lo que significa una Ryder Cup. Entre otros, en Bethpage est\u00e1n Berni \u00c1lvarez, conseller d\u2019Esports de la Generalitat; Fernando Molinero, director general del Consejo Superior de Deportes; Arantxa Calvera, directora de la Ag\u00e8ncia Catalana de Turisme; o Jos\u00e9 Carceller, de Damm, empresa implicada en la candidatura y que patrocinar\u00e1 los cinco Estrella Damm Catalunya Championships del DP World Tour que se disputar\u00e1n en tierras catalanas antes de 2031.<\/p>\n<p>        Lee tambi\u00e9n<\/p>\n<p>    Luis Buxeres<\/p>\n<p>             <img loading=\"lazy\" decoding=\"async\" data-full-src=\"https:\/\/www.lavanguardia.com\/uploads\/2025\/09\/26\/68d6cdac9da6d.jpeg\" alt=\"Golf - The 2025 Ryder Cup - Bethpage Black Golf Course, Farmingdale, New York, United States - September 26, 2025 Team Europe's Jon Rahm and Tyrrell Hatton celebrate on the 11th hole during the foursomes REUTERS\/Brendan Mcdermid\" width=\"104\" height=\"108\" src=\"https:\/\/www.europesays.com\/es\/wp-content\/uploads\/2025\/09\/68d6cdac9da6d.r_d.2763-1275.jpeg\" class=\"lazy\"\/><\/p>\n<p data-gtm-element-container=\"modulo-texto-link\" class=\"paragraph\">Con una agenda de lo m\u00e1s apretada, todos han podido disfrutar de la competici\u00f3n pero tambi\u00e9n entender lo que significa organizar un evento de estas dimensiones desde dentro, visitando todas las instalaciones y reuni\u00e9ndose con los responsables organizativos de todo.<\/p>\n<p data-gtm-element-container=\"modulo-texto-link\" class=\"paragraph\">Aunque la Ryder Cup es una organizaci\u00f3n global, cuando se disputa en Estados Unidos es la PGA de Am\u00e9rica la que se pone al mando y cuando se traslada a Europa es el Circuito Europeo, a trav\u00e9s de Ryder Cup Europe, la que lo hace. Y aunque en el pliego de condiciones hay unos m\u00ednimos que se deben cumplir, hay varios aspectos que quedan en manos de los organizadores y que cambian significativamente a un lado y al otro del charco. La tolerancia del p\u00fablico estadounidense en algunos aspectos es mucho mayor a la de muchos aficionados europeos. En EE.UU. no se presta tanta atenci\u00f3n a los detalles como en Europa, algo que ha podido comprobar la expedici\u00f3n espa\u00f1ola estos d\u00edas. En la Ryder de Bethpage el acceso no es especialmente grande a pesar de los m\u00e1s de 50.000 espectadores diarios con entrada. No hay protestas por las largas y pesadas colas, un aspecto que en el continente se cuida m\u00e1s. Como la imagen del evento, que en Roma, por ejemplo, aparec\u00eda por todas partes, incluidos los centenares de autobuses oficiales. En Bethpage no hay ni rastro del escudo de la Ryder hasta que se pisa Bethpage. A todo esto tambi\u00e9n colaboran las leyes, mucho m\u00e1s laxas a este lado del Atl\u00e1ntico cuando se trata de organizar eventos.<\/p>\n<p>                <img loading=\"lazy\" decoding=\"async\" data-full-src=\"https:\/\/www.lavanguardia.com\/uploads\/2025\/09\/27\/68d8239168ffa.jpeg\" alt=\"Horizontal\" width=\"449\" height=\"253\" src=\"https:\/\/www.europesays.com\/es\/wp-content\/uploads\/2025\/09\/68d8239168ffa.r_d.1872-1509-1222.jpeg\" class=\"lazy\"\/><\/p>\n<p class=\"caption-title \">Valientes aficionados europeos en Nueva York<\/p>\n<p>                    ANDREW REDINGTON \/ AFP<\/p>\n<p data-gtm-element-container=\"modulo-texto-link\" class=\"paragraph\">Sin ninguna duda, lo que m\u00e1s ha impresionado a los representantes de Camiral es lo que en los torneos de golf se califica como TV Compound, una zona de la finca en la que se instala todo lo que tiene que ver con las retransmisiones televisivas, aspecto absolutamente vital en una Ryder Cup. Y no estamos hablando de un par de unidades m\u00f3viles sino de m\u00e1s de 30 h\u00e9ctareas de terreno reservadas para los diferentes estudios m\u00f3viles de las distintas cadenas con derechos, en los que pueden llegar a trabajar m\u00e1s de 100 personas en cada uno. Una brutalidad.<\/p>\n<p data-gtm-element-container=\"modulo-texto-link\" class=\"paragraph\">Aunque lo que m\u00e1s pesadillas genera a Camiral es la exigencia de hospitality que impone la Ryder Cup. Es decir, los espacios para los VIPs, las numerosas carpas que se reparten a lo largo del recorrido, con sus caterings incluidos, para acoger a los miles de invitados de los patrocinadores. Para entender un poco lo que esto significa se pueden coger las cifras. En Bethpage Black hay 1.000.000 de metros cuadrados construidos s\u00f3lo para espacios de hospitality, o sea, 100 campos de <a href=\"https:\/\/www.lavanguardia.com\/deportes\/resultados?utm_source=google&amp;utm_medium=search&amp;utm_campaign=enlace_cuerpo_automatico\" target=\"_blank\" rel=\"noopener noreferrer nofollow\">f\u00fatbol<\/a>. Esto multiplica por bastante, por ejemplo, lo que hubo en el \u00faltimo PGA Championship, torneo del Grand Slam, no cabe olvidar. Adem\u00e1s, hay m\u00e1s de 2.000 personas trabajando en ellas. Cada jornada de Ryder<\/p>\n<p data-gtm-element-container=\"modulo-texto-link\" class=\"paragraph\">Incrustado entre las calles del 1 y del 18 emerge en Bethpage el Pavilion 1927, una de las joyas de la corona, nombrado en recuerdo del a\u00f1o de fundaci\u00f3n de la Ryder Cup. Los aficionados lo miran y ven una carpa colosal de tres pisos de altura. La delegaci\u00f3n de Camiral piensa en las carreteras de 6 metros de ancho que se necesitan para que lleguen los camiones para erigirla o en las cocinas que no se ven, y que ocupan el mismo espacio que utilizan los VIPs. Todo son puntos de vista.<\/p>\n","protected":false},"excerpt":{"rendered":"En 1979, la Ryder Cup dio un paso decisivo para alcanzar las cotas de popularidad y el impacto&hellip;\n","protected":false},"author":2,"featured_media":143685,"comment_status":"","ping_status":"","sticky":false,"template":"","format":"standard","meta":{"footnotes":""},"categories":[275],"tags":[168,25,24,329,23,167],"class_list":{"0":"post-143684","1":"post","2":"type-post","3":"status-publish","4":"format-standard","5":"has-post-thumbnail","7":"category-golf","8":"tag-deportes","9":"tag-es","10":"tag-espana","11":"tag-golf","12":"tag-spain","13":"tag-sports"},"share_on_mastodon":{"url":"","error":""},"_links":{"self":[{"href":"https:\/\/www.europesays.com\/es\/wp-json\/wp\/v2\/posts\/143684","targetHints":{"allow":["GET"]}}],"collection":[{"href":"https:\/\/www.europesays.com\/es\/wp-json\/wp\/v2\/posts"}],"about":[{"href":"https:\/\/www.europesays.com\/es\/wp-json\/wp\/v2\/types\/post"}],"author":[{"embeddable":true,"href":"https:\/\/www.europesays.com\/es\/wp-json\/wp\/v2\/users\/2"}],"replies":[{"embeddable":true,"href":"https:\/\/www.europesays.com\/es\/wp-json\/wp\/v2\/comments?post=143684"}],"version-history":[{"count":0,"href":"https:\/\/www.europesays.com\/es\/wp-json\/wp\/v2\/posts\/143684\/revisions"}],"wp:featuredmedia":[{"embeddable":true,"href":"https:\/\/www.europesays.com\/es\/wp-json\/wp\/v2\/media\/143685"}],"wp:attachment":[{"href":"https:\/\/www.europesays.com\/es\/wp-json\/wp\/v2\/media?parent=143684"}],"wp:term":[{"taxonomy":"category","embeddable":true,"href":"https:\/\/www.europesays.com\/es\/wp-json\/wp\/v2\/categories?post=143684"},{"taxonomy":"post_tag","embeddable":true,"href":"https:\/\/www.europesays.com\/es\/wp-json\/wp\/v2\/tags?post=143684"}],"curies":[{"name":"wp","href":"https:\/\/api.w.org\/{rel}","templated":true}]}}