{"id":143692,"date":"2025-09-28T06:38:09","date_gmt":"2025-09-28T06:38:09","guid":{"rendered":"https:\/\/www.europesays.com\/es\/143692\/"},"modified":"2025-09-28T06:38:09","modified_gmt":"2025-09-28T06:38:09","slug":"la-gran-complicidad-entre-la-reina-letizia-y-la-princesa-leonor-y-el-llamativo-gesto-del-rey-felipe-en-su-visita-a-olite","status":"publish","type":"post","link":"https:\/\/www.europesays.com\/es\/143692\/","title":{"rendered":"La gran complicidad entre la Reina Letizia y la Princesa Leonor y el llamativo gesto del Rey Felipe en su visita a Olite"},"content":{"rendered":"<p class=\"c-paragraph\">La <b>familia real<\/b> contin\u00faa disfrutando de <b>su viaje a Navarra<\/b>,\u00a0el primero que hace la heredera\u00a0como Princesa de Viana, t\u00edtulo que que ostenta desde el a\u00f1o 2014, pero con el que a\u00fan no hab\u00eda debutado. En su segunda jornada,\u00a0<b>el Rey Felipe,\u00a0la Reina Letizia y la Princesa Leonor han visitado la localidad de Olite<\/b>, donde han dejado im\u00e1genes y an\u00e9cdotas para el recuerdo.<\/p>\n<p class=\"c-paragraph\">Lo que no ha pasado desapercibido ha sido <b>la gran complicidad entre la Reina Letizia y la Princesa Leonor<\/b>. La monarca no ha parado de agarrar por la espalda a su hija mayor, junto a la que se ha situado bien <b>cerca durante toda la visita<\/b> y hacia la que ha mostrado <b>constantes gestos de cari\u00f1o.<\/b><\/p>\n<p class=\"c-paragraph\">Pero tambi\u00e9n ha llamado mucho la atenci\u00f3n <b>el gesto que el Rey Felipe ha tenido con la monarca y la heredera<\/b>. Presente en todo momento y atento a todo lo que estaba sucediendo, <b>Felipe VI se ha situado en un segundo plano, <\/b>dejando que la Reina Letizia y la Princesa Leonor se llevaran el protagonismo. \u00a0 \u00a0<\/p>\n<p class=\"c-paragraph\">La familia real, que ha estado casi al completo <b>a falta de la presencia de la infanta Sofia<\/b>, que se encuentra cumpliendo con sus estudios universitarios en Lisboa, ha vuelto a mostrar p\u00fablicamente <b>la gran complicidad y la buena sinton\u00eda<\/b> que existe entre ellos. \u00a0<\/p>\n<p class=\"c-paragraph\">Al llegar a Olite, los Reyes y la Princesa Leonor han tenido un\u00a0<b>encuentro con los alumnos de\u00a04\u00ba de primaria del Colegio Pr\u00edncipe de Viana,<\/b> que les han presentado\u00a0el proyecto que han realizado en el aula con motivo del 600\u00ba aniversario del fallecimiento de Carlos III.\u00a0<\/p>\n<p class=\"c-paragraph\">Tras una charla discernida con los j\u00f3venes, <b>la familia real ha estrechado manos y se han sacado fotos con los vecinos <\/b>de la localidad que les esperaban en la plaza. Despu\u00e9s, <b>se han encontrado con las autoridades pertinentes.<\/b><\/p>\n","protected":false},"excerpt":{"rendered":"La familia real contin\u00faa disfrutando de su viaje a Navarra,\u00a0el primero que hace la heredera\u00a0como Princesa de Viana,&hellip;\n","protected":false},"author":2,"featured_media":143693,"comment_status":"","ping_status":"","sticky":false,"template":"","format":"standard","meta":{"footnotes":""},"categories":[174],"tags":[255,44423,146,160,147,25,24,256,3956,11644,10717,23],"class_list":{"0":"post-143692","1":"post","2":"type-post","3":"status-publish","4":"format-standard","5":"has-post-thumbnail","7":"category-famosos","8":"tag-celebrities","9":"tag-complicidad","10":"tag-entertainment","11":"tag-entre","12":"tag-entretenimiento","13":"tag-es","14":"tag-espana","15":"tag-famosos","16":"tag-gran","17":"tag-letizia","18":"tag-reina","19":"tag-spain"},"share_on_mastodon":{"url":"","error":""},"_links":{"self":[{"href":"https:\/\/www.europesays.com\/es\/wp-json\/wp\/v2\/posts\/143692","targetHints":{"allow":["GET"]}}],"collection":[{"href":"https:\/\/www.europesays.com\/es\/wp-json\/wp\/v2\/posts"}],"about":[{"href":"https:\/\/www.europesays.com\/es\/wp-json\/wp\/v2\/types\/post"}],"author":[{"embeddable":true,"href":"https:\/\/www.europesays.com\/es\/wp-json\/wp\/v2\/users\/2"}],"replies":[{"embeddable":true,"href":"https:\/\/www.europesays.com\/es\/wp-json\/wp\/v2\/comments?post=143692"}],"version-history":[{"count":0,"href":"https:\/\/www.europesays.com\/es\/wp-json\/wp\/v2\/posts\/143692\/revisions"}],"wp:featuredmedia":[{"embeddable":true,"href":"https:\/\/www.europesays.com\/es\/wp-json\/wp\/v2\/media\/143693"}],"wp:attachment":[{"href":"https:\/\/www.europesays.com\/es\/wp-json\/wp\/v2\/media?parent=143692"}],"wp:term":[{"taxonomy":"category","embeddable":true,"href":"https:\/\/www.europesays.com\/es\/wp-json\/wp\/v2\/categories?post=143692"},{"taxonomy":"post_tag","embeddable":true,"href":"https:\/\/www.europesays.com\/es\/wp-json\/wp\/v2\/tags?post=143692"}],"curies":[{"name":"wp","href":"https:\/\/api.w.org\/{rel}","templated":true}]}}