{"id":143694,"date":"2025-09-28T06:40:12","date_gmt":"2025-09-28T06:40:12","guid":{"rendered":"https:\/\/www.europesays.com\/es\/143694\/"},"modified":"2025-09-28T06:40:12","modified_gmt":"2025-09-28T06:40:12","slug":"dos-fabulosos-libros-para-conectarnos-con-la-tierra-y-con-la-tierra","status":"publish","type":"post","link":"https:\/\/www.europesays.com\/es\/143694\/","title":{"rendered":"Dos fabulosos libros para conectarnos con la Tierra y con la tierra"},"content":{"rendered":"<p>Hay escritores admirables e indispensables que ten\u00edan un huerto, como Ant\u00f3n Ch\u00e9jov, y luego hay escritores admirables e indispensables que no tienen un huerto, sino que son un huerto. Es el caso de mi querido amigo Joaqu\u00edn Ara\u00fajo, el hombre emboscado. <b>Hoy leemos en \u2018\u00c1rea de Descanso\u2019, el \u00faltimo libro de Ara\u00fajo, \u2018Tterra\u2019 (Tundra), y la fabulosa novela \u2018Cordillera\u2019 (AdN), de Marta del Riego.<\/b><\/p>\n<p>Su huerto es en realidad una huerta y se llama Alba. Como el propio naturalista, tambi\u00e9n Alba tiene personalidad propia y escribe, pero en su caso en los surcos labrados en la tierra que la alberga. Es una huerta tan f\u00e9rtil como el propio Ara\u00fajo, quien es autor de m\u00e1s de 100 t\u00edtulos (su actividad se expande m\u00e1s all\u00e1 de lo literario, en documentales, conferencias\u2026), libros que muchas veces se mueven entre varios g\u00e9neros: la poes\u00eda (con especial predilecci\u00f3n por el haiku), el epigrama, la sentencia filos\u00f3fica, la narraci\u00f3n, el ensayo. Libros que son como la propia condici\u00f3n de la tierra que labra, la Tterra, como se titula su \u00faltimo trabajo, publicado por la editorial Tundra y que est\u00e1 alimentado de ese esp\u00edritu h\u00edbrido y anfibio.<\/p>\n<p>Siento no poder reproducir el idiograma chino que aparece en la portada y que sintetiza en un solo car\u00e1cter la filosof\u00eda de vida de este escritor campesino: la interdependencia de todos los seres vivos, de la Natura, y del campesinado como una v\u00eda para conectar con lo que nos sustenta y nos hace humanos, aunque cada vez parezcamos m\u00e1s alejados de ese ideal.\u00a0<\/p>\n<p><a href=\"https:\/\/www.museothyssen.org\/amigos-thyssen?utm_source=asombrario&amp;utm_medium=display&amp;utm_campaign=amigos&amp;utm_group=medios-online\" rel=\"nofollow noopener\" target=\"_blank\"> <img decoding=\"async\" src=\"https:\/\/www.europesays.com\/es\/wp-content\/uploads\/2025\/09\/Thyssen-Amigos-Mujer-0078-300x300-1.gif\"\/><\/a><a href=\"https:\/\/ekoetxea.eus\/es\/\" rel=\"nofollow noopener\" target=\"_blank\"> <img decoding=\"async\" src=\"https:\/\/www.europesays.com\/es\/wp-content\/uploads\/2025\/09\/banner_ES-Ekotxea.jpg\"\/><\/a><\/p>\n<p>Joaqu\u00edn Ara\u00fajo escribe a mano, con una caligraf\u00eda pulcra y elegante (\u00a1que ya quisiera yo!), labrada con el mismo cuidado con el que cultiva su huerta. Quien nunca haya tenido la oportunidad de contar con una dedicatoria o de ver esa caligraf\u00eda de primera mano, ahora puede hacerlo en Tterra, pues tanto el autor como el editor decidieron que esta vez el libro ser\u00eda como una fotograf\u00eda de su cuaderno de escritura, donde ha anotado los haikus, poemas y sentencias que entreveran esta reflexi\u00f3n necesaria y oportuna que nos propone Ara\u00fajo sobre nuestra relaci\u00f3n con la tierra que nos da de comer, de la que dependemos. \u201c\u00a1Qu\u00e9 formidables historias nos cuenta el hogar de las ra\u00edces\u201d, escribe Ara\u00fajo.<\/p>\n<p><a href=\"https:\/\/elasombrario.publico.es\/category\/el-asombrario-recicla\/\" rel=\"nofollow noopener\" target=\"_blank\"> <img decoding=\"async\" src=\"https:\/\/www.europesays.com\/es\/wp-content\/uploads\/2025\/09\/Banner-animado_Ecovidrio_El-Asombrario_23_300x300.gif\"\/><\/a><\/p>\n<p>Y, ciertamente, la tierra, el suelo, parecen condenados al olvido incluso en los ensayos sobre ecolog\u00eda. \u201cLa ignorancia precede a todas las violencias\u2026\u201d, dice este pacifista, instruido en el Tao cuando nadie en Espa\u00f1a hablaba del tao\u00edsmo o del budismo. \u201cSi fu\u00e9ramos m\u00e1s los que ech\u00e1ramos ra\u00edces tal vez conseguir\u00edamos que la Tierra no colapse\u201d, escribe en otro momento.\u00a0 De ese modo, pienso yo, estar\u00edamos conectados por las micorrizas, por ese mundo subterr\u00e1neo que nos sustenta. \u201cLa fertilidad derrota al tiempo\u201d, anota. Y esa fertilidad es la del propio Ara\u00fajo, que ha derrotado al tiempo con una labor incansable tanto en el plano intelectual como personal para ense\u00f1arnos a caminar por la vida.\u00a0<\/p>\n<p><img fetchpriority=\"high\" decoding=\"async\" aria-describedby=\"caption-attachment-3259927\" data-attachment-id=\"3259927\" data-permalink=\"https:\/\/elasombrario.publico.es\/dos-fabulosos-libros-para-conectarnos-con-la-tierra-y-con-la-tierra\/joaquin-araujo-4\/\" data-orig-file=\"https:\/\/elasombrario.publico.es\/wp-content\/uploads\/sites\/1\/2025\/09\/joaquin-araujo.jpeg\" data-orig-size=\"900,675\" data-comments-opened=\"1\" data-image-meta=\"{&quot;aperture&quot;:&quot;0&quot;,&quot;credit&quot;:&quot;&quot;,&quot;camera&quot;:&quot;&quot;,&quot;caption&quot;:&quot;&quot;,&quot;created_timestamp&quot;:&quot;0&quot;,&quot;copyright&quot;:&quot;&quot;,&quot;focal_length&quot;:&quot;0&quot;,&quot;iso&quot;:&quot;0&quot;,&quot;shutter_speed&quot;:&quot;0&quot;,&quot;title&quot;:&quot;&quot;,&quot;orientation&quot;:&quot;0&quot;}\" data-image-title=\"joaquin-araujo\" data-image-description=\"\" data-image-caption=\"&lt;p&gt;El naturalista Joaqu\u00edn Ara\u00fajo. &lt;\/p&gt;&#10;\" data-medium-file=\"https:\/\/www.europesays.com\/es\/wp-content\/uploads\/2025\/09\/joaquin-araujo-590x443.jpeg\" data-large-file=\"https:\/\/elasombrario.publico.es\/wp-content\/uploads\/sites\/1\/2025\/09\/joaquin-araujo.jpeg\" tabindex=\"0\" role=\"button\" class=\"size-medium wp-image-3259927\" src=\"https:\/\/www.europesays.com\/es\/wp-content\/uploads\/2025\/09\/joaquin-araujo-590x443.jpeg\" alt=\"El naturalista Joaqu\u00edn Ara\u00fajo. \" width=\"590\" height=\"443\"\/><\/p>\n<p id=\"caption-attachment-3259927\" class=\"wp-caption-text\">El naturalista, agricultor y escritor Joaqu\u00edn Ara\u00fajo.<\/p>\n<p>Ser\u00eda maravilloso que este tipo de libros llegaran a las poblaciones rurales, a quienes viven all\u00ed, que sus habitantes se dieran cuenta de que sus enemigos no son los ecologistas, sino las grandes multinacionales y un modelo de producci\u00f3n intensivo que esquilma los suelos y contamina los r\u00edos y la tierra, que mata a sus habitantes. Ser\u00eda maravilloso, repito, que los peque\u00f1os agricultores, los que de verdad viven del campo, y los ecologistas y animalistas pudieran entenderse para revitalizar la naturaleza. Pero lo cierto es que pesan m\u00e1s los conflictos, creo que por la informaci\u00f3n distorsionada e interesada que les llega.\u00a0<\/p>\n<p><b>El \u2018thriller\u2019 rural de Marta del Riego<\/b><\/p>\n<p>Uno de esos conflictos, en este caso el de la ganader\u00eda con la fauna salvaje (el oso), es el hilo conductor de Cordillera (AdN), novela de Marta del Riego que le\u00edmos recientemente en el curso de escritura de naturaleza que imparto desde hace varios veranos en el Taller de Clara Obligado. Tuvimos la suerte de contar con la autora para dialogar sobre su thriller rural, una historia que es muchas historias, que cuenta con una estructura poderosa que bebe de la tragedia griega y de la \u00f3pera, como explic\u00f3 la propia autora, muy musical, escrita con un castellano a veces po\u00e9tico a veces crudo en el que uno atisba el murmullo de un afluente ling\u00fc\u00edstico subterr\u00e1neo: el leon\u00e9s.<\/p>\n<p>Ambientada en el lado sur de la ladera cant\u00e1brica, Cordillera es una novela coral, en la que la autora da voz a varios personajes: desde la protagonista, Nidia, una pastora trashumante; Diego, un bi\u00f3logo desencantado del mundo acad\u00e9mico que emprende una investigaci\u00f3n sobre el oso; una osa que lucha por su supervivencia y la de sus cr\u00edas en un entorno hostil y, en cierta forma, a trav\u00e9s del coro, la propia monta\u00f1a, quiz\u00e1s la otra gran protagonista de esta historia envolvente cuya lectura te atrapa desde la primera l\u00ednea.<\/p>\n<p>En esta nueva narrativa de naturaleza, Marta del Riego es de las que han dado voz a la propia naturaleza, a los animales que viven en ella, todo un riesgo desde el punto de vista literario. El conflicto entre el mundo rural y la naturaleza en la que vive, el papel de la mujer, la amistad, la relaci\u00f3n con los otros seres vivos, la violencia, el machismo, la sexualidad, el \u201cchoque cultural\u201d entre cient\u00edficos\/bi\u00f3logos y los habitantes de una zona al borde del despoblamiento total, son algunos de los temas que aborda Marta del Riego, temas que se solapan como una cebolla.<\/p>\n<p>Aunque me alegro y celebro la fertilidad del ensayo de naturaleza, me parece fundamental tambi\u00e9n la ficci\u00f3n para narrar nuestro paso por el mundo, nuestra relaci\u00f3n con los otros seres vivos. La buena ficci\u00f3n es capar de llegar a lugares donde otros g\u00e9neros no pueden. Nos lleva a empatizar, a entender al otro, a los otros, aunque no pensemos de la misma manera. Quiz\u00e1 sea este un camino por explorar para lograr el encuentro entre quienes habitamos en Gaia, para que nuestro mundo siga siendo habitable para todos. <\/p>\n<p>\n\tRelacionado\n<\/p>\n<p class=\"entry__author-title\">Sobre el autor<\/p>\n<p>\t\t\t\t\t\t\t\t<a href=\"https:\/\/elasombrario.publico.es\/author\/javier-morales\/\" rel=\"nofollow noopener\" target=\"_blank\"><br \/>\n\t\t\t\t\t\t\t\t\t<img loading=\"lazy\" alt=\"\" src=\"https:\/\/www.europesays.com\/es\/wp-content\/uploads\/2025\/09\/javier-morales_avatar-96x96.jpg\"  class=\"avatar avatar-96 photo\" height=\"96\" width=\"96\" decoding=\"async\"\/>\t\t\t\t\t\t\t\t<\/a><\/p>\n<p><a href=\"https:\/\/elasombrario.publico.es\/author\/javier-morales\/\" rel=\"nofollow noopener\" target=\"_blank\"><strong>Javier Morales<\/strong><\/a><\/p>\n<p>Narrador y profesor de escritura creativa. Autor de novelas, ensayos y libros de relatos. Creo que hay pocas cosas que aporten tanto sosiego y que enriquezcan tanto como leer al abrigo de un \u00e1rbol, en medio del bosque. En silencio. De eso escribo en \u00c1rea de Descanso.<\/p>\n<p>Puedes seguirme en: @javiermorales en Bluesky<\/p>\n<p>\t\t\t\t\t\t\t\t<a href=\"https:\/\/elasombrario.publico.es\/author\/javier-morales\/\" rel=\"nofollow noopener\" target=\"_blank\">\u00bfQuieres leer m\u00e1s art\u00edculos de este autor?<\/a><\/p>\n","protected":false},"excerpt":{"rendered":"Hay escritores admirables e indispensables que ten\u00edan un huerto, como Ant\u00f3n Ch\u00e9jov, y luego hay escritores admirables e&hellip;\n","protected":false},"author":2,"featured_media":143695,"comment_status":"","ping_status":"","sticky":false,"template":"","format":"standard","meta":{"footnotes":""},"categories":[172],"tags":[224,146,147,25,24,44424,225,44425,23,1934],"class_list":{"0":"post-143694","1":"post","2":"type-post","3":"status-publish","4":"format-standard","5":"has-post-thumbnail","7":"category-libros","8":"tag-books","9":"tag-entertainment","10":"tag-entretenimiento","11":"tag-es","12":"tag-espana","13":"tag-joaquin-araujo","14":"tag-libros","15":"tag-marta-del-riego","16":"tag-spain","17":"tag-tierra"},"share_on_mastodon":{"url":"","error":""},"_links":{"self":[{"href":"https:\/\/www.europesays.com\/es\/wp-json\/wp\/v2\/posts\/143694","targetHints":{"allow":["GET"]}}],"collection":[{"href":"https:\/\/www.europesays.com\/es\/wp-json\/wp\/v2\/posts"}],"about":[{"href":"https:\/\/www.europesays.com\/es\/wp-json\/wp\/v2\/types\/post"}],"author":[{"embeddable":true,"href":"https:\/\/www.europesays.com\/es\/wp-json\/wp\/v2\/users\/2"}],"replies":[{"embeddable":true,"href":"https:\/\/www.europesays.com\/es\/wp-json\/wp\/v2\/comments?post=143694"}],"version-history":[{"count":0,"href":"https:\/\/www.europesays.com\/es\/wp-json\/wp\/v2\/posts\/143694\/revisions"}],"wp:featuredmedia":[{"embeddable":true,"href":"https:\/\/www.europesays.com\/es\/wp-json\/wp\/v2\/media\/143695"}],"wp:attachment":[{"href":"https:\/\/www.europesays.com\/es\/wp-json\/wp\/v2\/media?parent=143694"}],"wp:term":[{"taxonomy":"category","embeddable":true,"href":"https:\/\/www.europesays.com\/es\/wp-json\/wp\/v2\/categories?post=143694"},{"taxonomy":"post_tag","embeddable":true,"href":"https:\/\/www.europesays.com\/es\/wp-json\/wp\/v2\/tags?post=143694"}],"curies":[{"name":"wp","href":"https:\/\/api.w.org\/{rel}","templated":true}]}}