{"id":143700,"date":"2025-09-28T06:45:07","date_gmt":"2025-09-28T06:45:07","guid":{"rendered":"https:\/\/www.europesays.com\/es\/143700\/"},"modified":"2025-09-28T06:45:07","modified_gmt":"2025-09-28T06:45:07","slug":"lenacapavir-la-inyeccion-barata-contra-el-vih-llegara-a-120-paises-en-2027","status":"publish","type":"post","link":"https:\/\/www.europesays.com\/es\/143700\/","title":{"rendered":"Lenacapavir: La inyecci\u00f3n barata contra el VIH llegar\u00e1 a 120 pa\u00edses en 2027"},"content":{"rendered":"<p>\n         Publicado<br \/>\n            28\/09\/2025 &#8211; 6:15 CEST\n            <\/p>\n<p>          <img decoding=\"async\" class=\"c-ad__placeholder__logo\" src=\"https:\/\/static.euronews.com\/website\/images\/logos\/logo-euronews-stacked-outlined-72x72-grey-9.svg\" width=\"72\" height=\"72\" alt=\"\" loading=\"lazy\"\/><br \/>\n          PUBLICIDAD<\/p>\n<p>A partir de 2027, <strong>120 pa\u00edses de renta baja tendr\u00e1n acceso a una inyecci\u00f3n semestral para prevenir el VIH<\/strong> a bajo coste. El f\u00e1rmaco, <strong>lenacapavir<\/strong>, ha sido calificado como un avance m\u00e9dico capaz de <a href=\"https:\/\/es.euronews.com\/salud\/2025\/08\/16\/aumentan-las-infecciones-de-transmision-sexual-entre-los-europeos-de-la-tercera-edad\" rel=\"nofollow noopener\" target=\"_blank\">cambiar la trayectoria de la epidemia<\/a>, que afecta a unos 40,8 millones de personas en el mundo.<\/p>\n<p>Gracias a un nuevo acuerdo, una versi\u00f3n gen\u00e9rica de la inyecci\u00f3n estar\u00e1 disponible por <strong>40 d\u00f3lares (34 euros) al a\u00f1o<\/strong>, el mismo precio que la profilaxis oral m\u00e1s utilizada actualmente, que debe tomarse diariamente. La iniciativa cuenta con el respaldo de Unitaid, organismo que trabaja para mejorar el acceso a medicamentos en pa\u00edses de ingresos bajos.<\/p>\n<p>El plan busca ampliar el acceso en un momento de <strong>recortes en los presupuestos sanitarios internacionales<\/strong> y de incertidumbre sobre programas clave como el <strong>PEPFAR<\/strong> estadounidense. El acuerdo se anunci\u00f3 pocas semanas despu\u00e9s de la aprobaci\u00f3n del lenacapavir por la Agencia Europea del Medicamento (EMA) y la FDA de EE.UU. Seg\u00fan Jessica Burry, responsable t\u00e9cnica de Unitaid, se trata de \u00abuno de los procesos m\u00e1s r\u00e1pidos de introducci\u00f3n de gen\u00e9ricos en el mercado\u00bb. <\/p>\n<p>El tratamiento tendr\u00e1 un <strong>coste inicial ligeramente superior<\/strong>: junto a la primera inyecci\u00f3n, los pacientes deber\u00e1n tomar cuatro comprimidos en dos d\u00edas (16,8 d\u00f3lares, unos 14 euros) para <a href=\"https:\/\/es.euronews.com\/salud\/2025\/04\/07\/el-peligro-del-vih-crece-entre-los-drogodependientes-en-sudafrica-tras-la-congelacion-de-a\" rel=\"nofollow noopener\" target=\"_blank\">garantizar protecci\u00f3n inmediata<\/a>. En las siguientes dosis semestrales ya no ser\u00e1 necesario.<\/p>\n<p>Un acceso mucho m\u00e1s asequible<\/p>\n<p>El <strong>lenacapavir es una forma de profilaxis preexposici\u00f3n (PrEP)<\/strong> que impide la replicaci\u00f3n del virus y <a href=\"https:\/\/es.euronews.com\/salud\/2025\/02\/19\/la-congelacion-de-ayudas-de-trump-hara-que-los-pacientes-con-vih-no-reciban-tratamiento-ad\" rel=\"nofollow noopener\" target=\"_blank\">reduce el riesgo de infecci\u00f3n tanto en adultos<\/a> como en adolescentes. Mientras que en pa\u00edses ricos el ciclo anual cuesta m\u00e1s de 28.000 d\u00f3lares (24.000 euros), el acuerdo permitir\u00e1 un acceso mucho m\u00e1s asequible en regiones con alta incidencia, especialmente en \u00c1frica subsahariana.<\/p>\n<p>La farmac\u00e9utica Gilead, fabricante del inyectable, permitir\u00e1 a <strong>seis compa\u00f1\u00edas de gen\u00e9ricos<\/strong> producirlo para 120 pa\u00edses de renta baja. Unitaid colabora con Dr. Reddy\u2019s Laboratories, la Clinton Health Access Initiative (CHAI) y el Instituto Wits de Salud Reproductiva y VIH para organizar la distribuci\u00f3n y los plazos.<\/p>\n<p>Se espera que <strong>donantes internacionales como el Fondo Mundial<\/strong> cubran parte de los costes iniciales, aunque algunos pa\u00edses podr\u00edan pagar directamente. Adem\u00e1s, Unitaid trabaja para extender el acceso tambi\u00e9n a pa\u00edses de renta media, como Brasil, donde las nuevas infecciones por VIH siguen en aumento.<\/p>\n","protected":false},"excerpt":{"rendered":"Publicado 28\/09\/2025 &#8211; 6:15 CEST PUBLICIDAD A partir de 2027, 120 pa\u00edses de renta baja tendr\u00e1n acceso a&hellip;\n","protected":false},"author":2,"featured_media":143701,"comment_status":"","ping_status":"","sticky":false,"template":"","format":"standard","meta":{"footnotes":""},"categories":[92],"tags":[44426,25,24,165,7950,681,166,1452,23,6877],"class_list":{"0":"post-143700","1":"post","2":"type-post","3":"status-publish","4":"format-standard","5":"has-post-thumbnail","7":"category-salud","8":"tag-enfermedades-emergentes","9":"tag-es","10":"tag-espana","11":"tag-health","12":"tag-industria-farmaceutica","13":"tag-medicina","14":"tag-salud","15":"tag-salud-publica","16":"tag-spain","17":"tag-vih"},"share_on_mastodon":{"url":"","error":""},"_links":{"self":[{"href":"https:\/\/www.europesays.com\/es\/wp-json\/wp\/v2\/posts\/143700","targetHints":{"allow":["GET"]}}],"collection":[{"href":"https:\/\/www.europesays.com\/es\/wp-json\/wp\/v2\/posts"}],"about":[{"href":"https:\/\/www.europesays.com\/es\/wp-json\/wp\/v2\/types\/post"}],"author":[{"embeddable":true,"href":"https:\/\/www.europesays.com\/es\/wp-json\/wp\/v2\/users\/2"}],"replies":[{"embeddable":true,"href":"https:\/\/www.europesays.com\/es\/wp-json\/wp\/v2\/comments?post=143700"}],"version-history":[{"count":0,"href":"https:\/\/www.europesays.com\/es\/wp-json\/wp\/v2\/posts\/143700\/revisions"}],"wp:featuredmedia":[{"embeddable":true,"href":"https:\/\/www.europesays.com\/es\/wp-json\/wp\/v2\/media\/143701"}],"wp:attachment":[{"href":"https:\/\/www.europesays.com\/es\/wp-json\/wp\/v2\/media?parent=143700"}],"wp:term":[{"taxonomy":"category","embeddable":true,"href":"https:\/\/www.europesays.com\/es\/wp-json\/wp\/v2\/categories?post=143700"},{"taxonomy":"post_tag","embeddable":true,"href":"https:\/\/www.europesays.com\/es\/wp-json\/wp\/v2\/tags?post=143700"}],"curies":[{"name":"wp","href":"https:\/\/api.w.org\/{rel}","templated":true}]}}