{"id":143706,"date":"2025-09-28T06:49:07","date_gmt":"2025-09-28T06:49:07","guid":{"rendered":"https:\/\/www.europesays.com\/es\/143706\/"},"modified":"2025-09-28T06:49:07","modified_gmt":"2025-09-28T06:49:07","slug":"millares-exigen-justicia-por-triple-feminicidio-dw-28-09-2025","status":"publish","type":"post","link":"https:\/\/www.europesays.com\/es\/143706\/","title":{"rendered":"millares exigen justicia por triple feminicidio \u2013 DW \u2013 28\/09\/2025"},"content":{"rendered":"<p>Bajo la consigna \u00abninguna v\u00edctima es descartable\u201d, miles de personas marcharon el s\u00e1bado (27.09.2025) en distintas ciudades de Argentina para exigir justicia ante los feminicidios de Morena Verdi (20), Brenda del Castillo (20) y Lara Guti\u00e9rrez (15), ocurridos en la provincia de Buenos Aires y que las autoridades relacionan con una banda del narcotr\u00e1fico.<\/p>\n<p>La movilizaci\u00f3n fue convocada por el colectivo feminista Ni Una Menos en la capital argentina y se replic\u00f3 en varias ciudades como Rosario, C\u00f3rdoba, Tucum\u00e1n, Bariloche y San Juan.<\/p>\n<p>En la ciudad de Buenos Aires los manifestantes se congregaron pasadas las 16:00 hora local (19:00 GMT) en la Plaza de Mayo, frente a la sede de Gobierno, y se movilizaron al Congreso Nacional.<\/p>\n<blockquote class=\"tweet embed\" data-id=\"1972062443041067464\"\/>\n<p>Familiares responsabilizan al Estado<\/p>\n<p>Los familiares de las j\u00f3venes encabezaron la columna principal con una bandera con los nombres de las v\u00edctimas y carteles que ped\u00edan justicia.\u00bbNo hay v\u00edctimas buenas ni malas, hay feminicidios. \u00a1El Estado es responsable!\u201d, fue una de las consignas de los manifestantes.<\/p>\n<p>El abuelo de Morena y Brenda agradeci\u00f3 el acompa\u00f1amiento de la sociedad. \u00abEsta vez se llevaron tres vidas, ma\u00f1ana se van a llevar cuatro y se van a llevar cinco. Esto no pre manifestantes y efectivos de la Polic\u00eda. La madre de Morena, Sabrina del Castillo, denunci\u00f3 en unauede seguir as\u00ed\u201d, expres\u00f3 en di\u00e1logo con la prensa al llegar a la zona del Congreso.<\/p>\n<p>Federico Celed\u00f3n, primo de Brenda y Morena, dijo que el dolor uni\u00f3 a la familia y afirm\u00f3: \u00abAlgunos tuvimos la posibilidad de estudiar, ellas no. Pero eso no las hace menos. Queremos que haya justicia y que no se repita\u201d.<\/p>\n<p>Madre denuncia agresi\u00f3n policial<\/p>\n<p>Casi al final de la movilizaci\u00f3n hubo algunos forcejeos entre manifestantes y efectivos de la Polic\u00eda. La madre de Morena, Sabrina del Castillo, denunci\u00f3 en una\u00a0entrevista con el canal C5N que fue agredida por los agentes: \u00abMe empujaron contra un cord\u00f3n y me pegaron. Mi hijo se meti\u00f3 y les dijo: \u2018Me mataron a mi hermana&#8217;\u201d.<\/p>\n<p><img data-format=\"MASTER_LANDSCAPE\" data-id=\"74162922\" data-url=\"https:\/\/static.dw.com\/image\/74162922_${formatId}.jpg\" data-aspect-ratio=\"16\/9\" alt=\"Familiares y amigos de las j\u00f3venes asesinadas se enfrentan a la polic\u00eda antidisturbios durante una manifestaci\u00f3n en Buenos Aires, Argentina, el s\u00e1bado (27.09.2025), convocada por grupos defensores de derechos humanos bajo el lema: &quot;No hay v\u00edctimas buenas o malas, solo feminicidios&quot;. \" style=\"padding-bottom: 56.25%; height: 0; max-height: 0;\"\/>Familiares y amigos de las j\u00f3venes asesinadas se enfrentan a la polic\u00eda antidisturbios durante una manifestaci\u00f3n en Buenos Aires, Argentina, el s\u00e1bado (27.09.2025), convocada por grupos defensores de derechos humanos bajo el lema: \u00abNo hay v\u00edctimas buenas o malas, solo feminicidios\u00bb. Imagen: Luis Robayo\/AFP<\/p>\n<p>L\u00e1zaro V\u00edctor Sotacuro, el quinto implicado en el triple feminicidio, fue extraditado este s\u00e1bado desde Bolivia, donde fue detenido el viernes por la noche en la ciudad de Villaz\u00f3n, a 3 kil\u00f3metros de la frontera con Argentina.<\/p>\n<p>Sotacuro es se\u00f1alado como el due\u00f1o de un auto que actu\u00f3 de apoyo a la camioneta en la que trasladaron a las j\u00f3venes a una vivienda de Florencio Varela, provincia de Buenos Aires, donde fueron torturadas y asesinadas, seg\u00fan revel\u00f3 la secretaria de Seguridad de la Naci\u00f3n, Alejandra Monteoliva, en una entrevista con el canal TN.<\/p>\n<p>Tony Janzen Valverde Victoriano, conocido por el alias de \u00abPeque\u00f1o J\u00bb, fue se\u00f1alado por las autoridades argentinas como el l\u00edder de la banda narco y presunto autor intelectual de los feminicidios.<\/p>\n<blockquote class=\"tweet embed\" data-id=\"1972060232189989057\"\/>\n<p>El hombre de 20 a\u00f1os, oriundo del departamento peruano de La Libertad, se encuentra pr\u00f3fugo y tiene pedido de captura internacional.<\/p>\n<p>Miguel \u00c1ngel Villanueva (27), Daniela Ibarra (19), Maximiliano Parra (18) y Magal\u00ed Celeste Gonz\u00e1lez (28), los otros cuatro detenidos, se negaron a declarar el jueves ante la Justicia.<\/p>\n<p>Todos se encuentran imputados por homicidio calificado por ser premeditado de dos o m\u00e1s personas, por ser cometido por alevos\u00eda y ensa\u00f1amiento y mediante violencia de g\u00e9nero.<\/p>\n<p>Los cuerpos sin vida de las tres j\u00f3venes, que estaban desaparecidas desde el 19 de septiembre, fueron encontrados el mi\u00e9rcoles enterrados en el patio de una vivienda en la localidad de Florencio Varela, provincia de Buenos Aires.<\/p>\n<p>Seg\u00fan revel\u00f3 el ministro provincial de Seguridad, Javier Alonso, las tres mujeres habr\u00edan sido v\u00edctimas de \u00abuna trampa organizada por una banda narco\u201d, que tendr\u00eda base en una villa popular del barrio de Flores, en la capital argentina.<\/p>\n<p>gs (efe, afp)<\/p>\n","protected":false},"excerpt":{"rendered":"Bajo la consigna \u00abninguna v\u00edctima es descartable\u201d, miles de personas marcharon el s\u00e1bado (27.09.2025) en distintas ciudades de&hellip;\n","protected":false},"author":2,"featured_media":143707,"comment_status":"","ping_status":"","sticky":false,"template":"","format":"standard","meta":{"footnotes":""},"categories":[42],"tags":[17,18,13,14,11,61,62,63,64,19,20,9,10,15,16,12,21,22,65,66,67],"class_list":{"0":"post-143706","1":"post","2":"type-post","3":"status-publish","4":"format-standard","5":"has-post-thumbnail","7":"category-internacional","8":"tag-breaking-news","9":"tag-breakingnews","10":"tag-featured-news","11":"tag-featurednews","12":"tag-headlines","13":"tag-internacional","14":"tag-international","15":"tag-international-news","16":"tag-internationalnews","17":"tag-latest-news","18":"tag-latestnews","19":"tag-news","20":"tag-noticias","21":"tag-noticias-destacadas","22":"tag-noticiasdestacadas","23":"tag-titulares","24":"tag-ultimas-noticias","25":"tag-ultimasnoticias","26":"tag-world","27":"tag-world-news","28":"tag-worldnews"},"share_on_mastodon":{"url":"","error":""},"_links":{"self":[{"href":"https:\/\/www.europesays.com\/es\/wp-json\/wp\/v2\/posts\/143706","targetHints":{"allow":["GET"]}}],"collection":[{"href":"https:\/\/www.europesays.com\/es\/wp-json\/wp\/v2\/posts"}],"about":[{"href":"https:\/\/www.europesays.com\/es\/wp-json\/wp\/v2\/types\/post"}],"author":[{"embeddable":true,"href":"https:\/\/www.europesays.com\/es\/wp-json\/wp\/v2\/users\/2"}],"replies":[{"embeddable":true,"href":"https:\/\/www.europesays.com\/es\/wp-json\/wp\/v2\/comments?post=143706"}],"version-history":[{"count":0,"href":"https:\/\/www.europesays.com\/es\/wp-json\/wp\/v2\/posts\/143706\/revisions"}],"wp:featuredmedia":[{"embeddable":true,"href":"https:\/\/www.europesays.com\/es\/wp-json\/wp\/v2\/media\/143707"}],"wp:attachment":[{"href":"https:\/\/www.europesays.com\/es\/wp-json\/wp\/v2\/media?parent=143706"}],"wp:term":[{"taxonomy":"category","embeddable":true,"href":"https:\/\/www.europesays.com\/es\/wp-json\/wp\/v2\/categories?post=143706"},{"taxonomy":"post_tag","embeddable":true,"href":"https:\/\/www.europesays.com\/es\/wp-json\/wp\/v2\/tags?post=143706"}],"curies":[{"name":"wp","href":"https:\/\/api.w.org\/{rel}","templated":true}]}}