{"id":143710,"date":"2025-09-28T06:51:08","date_gmt":"2025-09-28T06:51:08","guid":{"rendered":"https:\/\/www.europesays.com\/es\/143710\/"},"modified":"2025-09-28T06:51:08","modified_gmt":"2025-09-28T06:51:08","slug":"continua-la-campana-divulgativa-y-de-control-a-los-usuarios-de-vmp-en-santander","status":"publish","type":"post","link":"https:\/\/www.europesays.com\/es\/143710\/","title":{"rendered":"Contin\u00faa la campa\u00f1a divulgativa y de control a los usuarios de VMP en Santander"},"content":{"rendered":"<p>\t\t\t\t\t\tCampa\u00f1a VMP en Santander\t\t\t\t\t<\/p>\n<tr>\n<td>\n\t\t\t\t\t\t<img decoding=\"async\" src=\"https:\/\/www.europesays.com\/es\/wp-content\/uploads\/2025\/09\/campana_vmp.jpg\" alt=\"noticias\/imagen-asociada\/2025\/09\/campana_vmp.jpg\" class=\"col-xs-12 col-md-12 img-responsive img-left\"\/>\n\t\t\t\t\t<\/td>\n<\/tr>\n<p class=\"lead\">\n\t\t\t\tSantander ha desplegado una campa\u00f1a informativa y de concienciaci\u00f3n dirigida a usuarios de patinetes y bicicletas, que pone el foco en la obligaci\u00f3n de moverse de manera consciente sin invadir aceras y zonas peatonales.\t\t\t<\/p>\n<p style=\"text-align: justify;\">El concejal de Protecci\u00f3n Ciudadana, Eduardo Castillo, ha hecho balance de las actuaciones llevadas a cabo en el marco de la campa\u00f1a municipal sobre el uso de Veh\u00edculos de Movilidad Personal (VMP), que impulsa el Ayuntamiento de Santander bajo el lema \u201cM\u00e1s cuidado, m\u00e1s respeto, mejor ciudad\u201d.<\/p>\n<p style=\"text-align: justify;\">Como ha recordado, esta campa\u00f1a se puso en marcho el pasado mes de mayo, ya que con la llegada del buen tiempo se produce un notable aumento en el uso de patinetes el\u00e9ctricos y bicicletas en la ciudad.<\/p>\n<p style=\"text-align: justify;\">Desde mayo hasta agosto, se formularon 188 denuncias, 140 m\u00e1s que en el mismo periodo del a\u00f1o anterior.<\/p>\n<p style=\"text-align: justify;\">Seg\u00fan ha detallado, la Polic\u00eda Local tramit\u00f3 un total de 145 denuncias a usuarios de patinetes, frente a las 43 registradas en los mismos meses de 2024, y en el caso de las bicicletas, las denuncias alcanzaron las 33, frente a las 5 del verano pasado.<\/p>\n<p style=\"text-align: justify;\">Castillo ha incidido en que la labor policial no ha consistido solo en la formulaci\u00f3n de denuncias, sino que ha primado la labor did\u00e1ctica y la advertencia. \u201cMuchos de los conductores de estos veh\u00edculos son adolescentes y j\u00f3venes que, en la mayor parte de los casos, desconocen la normativa al respecto\u201d, ha a\u00f1adido.<\/p>\n<p style=\"text-align: justify;\">El responsable municipal ha destacado que la acci\u00f3n municipal tiene como objetivo concienciar a los usuarios de VMP sobre la necesidad de desplazarse de manera segura y respetuosa, evitando la circulaci\u00f3n por aceras y espacios peatonales, y contribuyendo a reducir el riesgo de accidentes.<\/p>\n<p style=\"text-align: justify;\">La campa\u00f1a, en marcha desde mayo en el TUS y en redes sociales, volver\u00e1 a estar presente durante el mes de septiembre mediante nueva carteler\u00eda en marquesinas, recordando las obligaciones, prohibiciones y sanciones previstas para el uso indebido de estos veh\u00edculos.<\/p>\n<p style=\"text-align: justify;\">Entre las infracciones m\u00e1s habituales se encuentran circular por aceras o zonas peatonales (100 euros de sanci\u00f3n), cruzar pasos de peatones en bici o patinete (100 euros), as\u00ed como usar el m\u00f3vil o auriculares mientras se conduce, o circular con patinete por t\u00faneles, sancionadas con 200 euros.<\/p>\n<p style=\"text-align: justify;\">Castillo ha asegurado que la forma en la que nos movemos est\u00e1 cambiando y cada vez hay m\u00e1s usuarios de VMP en Santander. \u201cPor eso, es fundamental concienciar sobre los riesgos de utilizarlos en lugares reservados al peat\u00f3n\u201d, ha a\u00f1adido.<\/p>\n<p style=\"text-align: justify;\">\u201cLa seguridad vial, la protecci\u00f3n del peat\u00f3n y el ordenamiento del espacio p\u00fablico son prioridades en una ciudad segura como Santander. Queremos recordar las normas que debemos cumplir e informar sobre las medidas que estamos obligados a tomar para prevenir accidentes\u201d, ha concluido.<\/p>\n","protected":false},"excerpt":{"rendered":"Campa\u00f1a VMP en Santander Santander ha desplegado una campa\u00f1a informativa y de concienciaci\u00f3n dirigida a usuarios de patinetes&hellip;\n","protected":false},"author":2,"featured_media":143711,"comment_status":"","ping_status":"","sticky":false,"template":"","format":"standard","meta":{"footnotes":""},"categories":[5],"tags":[17,18,25,24,13,14,11,19,20,9,10,15,16,23,12,21,22],"class_list":{"0":"post-143710","1":"post","2":"type-post","3":"status-publish","4":"format-standard","5":"has-post-thumbnail","7":"category-titulares","8":"tag-breaking-news","9":"tag-breakingnews","10":"tag-es","11":"tag-espana","12":"tag-featured-news","13":"tag-featurednews","14":"tag-headlines","15":"tag-latest-news","16":"tag-latestnews","17":"tag-news","18":"tag-noticias","19":"tag-noticias-destacadas","20":"tag-noticiasdestacadas","21":"tag-spain","22":"tag-titulares","23":"tag-ultimas-noticias","24":"tag-ultimasnoticias"},"share_on_mastodon":{"url":"","error":""},"_links":{"self":[{"href":"https:\/\/www.europesays.com\/es\/wp-json\/wp\/v2\/posts\/143710","targetHints":{"allow":["GET"]}}],"collection":[{"href":"https:\/\/www.europesays.com\/es\/wp-json\/wp\/v2\/posts"}],"about":[{"href":"https:\/\/www.europesays.com\/es\/wp-json\/wp\/v2\/types\/post"}],"author":[{"embeddable":true,"href":"https:\/\/www.europesays.com\/es\/wp-json\/wp\/v2\/users\/2"}],"replies":[{"embeddable":true,"href":"https:\/\/www.europesays.com\/es\/wp-json\/wp\/v2\/comments?post=143710"}],"version-history":[{"count":0,"href":"https:\/\/www.europesays.com\/es\/wp-json\/wp\/v2\/posts\/143710\/revisions"}],"wp:featuredmedia":[{"embeddable":true,"href":"https:\/\/www.europesays.com\/es\/wp-json\/wp\/v2\/media\/143711"}],"wp:attachment":[{"href":"https:\/\/www.europesays.com\/es\/wp-json\/wp\/v2\/media?parent=143710"}],"wp:term":[{"taxonomy":"category","embeddable":true,"href":"https:\/\/www.europesays.com\/es\/wp-json\/wp\/v2\/categories?post=143710"},{"taxonomy":"post_tag","embeddable":true,"href":"https:\/\/www.europesays.com\/es\/wp-json\/wp\/v2\/tags?post=143710"}],"curies":[{"name":"wp","href":"https:\/\/api.w.org\/{rel}","templated":true}]}}