{"id":143738,"date":"2025-09-28T07:12:05","date_gmt":"2025-09-28T07:12:05","guid":{"rendered":"https:\/\/www.europesays.com\/es\/143738\/"},"modified":"2025-09-28T07:12:05","modified_gmt":"2025-09-28T07:12:05","slug":"polonia-cierra-temporalmente-su-espacio-aereo-e-inicia-maniobras-aereas-preventivas-por-los-ataque-onda-cero","status":"publish","type":"post","link":"https:\/\/www.europesays.com\/es\/143738\/","title":{"rendered":"Polonia cierra temporalmente su espacio a\u00e9reo e inicia maniobras a\u00e9reas &quot;preventivas&quot; por los ataque &#8211; Onda Cero"},"content":{"rendered":"<ol>\n<li><a href=\"https:\/\/news.google.com\/rss\/articles\/CBMi_gFBVV95cUxPNXhhM01IUWFjMUtKY0lpZDhTNnhjWlhqTE02bDF6UVNfcjAta21UQlY3UktWVDBXUGMwVy1GY1hacUlvRGs5T2tJY1dwOWx6SXV0bkZFd0gzVEJPamptakNma3gxaGppT0VVMnZLdVRfLTlvSWhWVmtMTnY0UjU3eEdYbXcybWFUWUZ0NEdrVGdNRWJNd01QWndTYW9JYW9SSlU1cTJ2S3k2WndCaVNHM0VBZXlZVzRQaWtvQ0ItWEtTUVh5T0xmOXV5bHluNl9vdDE3VU9Ub1ZkeThYeTNOX3dnN2N2U0I5bkNkQTB3WUR0bWhPb05JOHUyNnlhQdIB_gFBVV95cUxQcUFremJPN3NoVjF4TnRubXFsT2VPU3BONGFONVU2RHRDeVVlN3NDaHdfNW4yYWUxZjhKTmwzTUdlOHpJS3RJQ0Zocm5OcGQxWlJfeUVubDczeTBTY005WXdJZFYxNHRjVzVxRzZHUkxvU2tmdXNOYUZ3RHA0cUhsZ1FwVng5U2xMSjAyMVpvWi1zNjBtX2lJaktEa3IyelhhaHdGcEYzMlNMUHJma1ZleW5NSkt0R2hIM2xJRjJBY0N1RGpJa1Z2cjRnUW5ySzlrNWN0ZlhHdnI4cDVjUTFYdUIwQTRqR0N6b3RIQ3FLRW5LZk9YNi1Xa25KZkFEdw?oc=5\" target=\"_blank\" rel=\"nofollow noopener\">Polonia cierra temporalmente su espacio a\u00e9reo e inicia maniobras a\u00e9reas \u00abpreventivas\u00bb por los ataque<\/a>&nbsp;&nbsp;Onda Cero<\/li>\n<li><a href=\"https:\/\/news.google.com\/rss\/articles\/CBMisgFBVV95cUxNWUk5aktqbC1WSmdHLTNfbDlhcUdsSlZNUjhMM2ZsaUNQQ0ZHcXRGSGpNVFNoR2F4OUJJVWY5b2hkcEZnMlJTTUhwUDUzTWdIMEExSEQ2T1VYMHp5Q0prMzNlZ25GOTIzeC1QaTNlMFN6bjQ5VVhlUXJJdUxvWWZyOE5XTmNKTnFuMkREcnpTaTVaR2x4V25PWWpxOXhVWUk3bW95YkdPRWFuUTV5Qlp4UlRB?oc=5\" target=\"_blank\" rel=\"nofollow noopener\">Rusia redobla las injerencias y sabotajes para dividir a Europa<\/a>&nbsp;&nbsp;EL PA\u00cdS<\/li>\n<li><a href=\"https:\/\/news.google.com\/rss\/articles\/CBMi7wFBVV95cUxPSmc5anZQV2xOUHd1a1poQk9XaUFLYVNIUzk4NDUtbGxGSE1UWWRkRjJPMFNaOGZTVHdQOVhOc3NMVkJtNUVJOGRMSVAzcTJrZ1c2djVabVVvMGtGUXNIMWZZbUFiTnZBWVhyOWRqWTdlRUNCblkySjNsRXROdzlES2lWWGRwVUkxQ0c3aC1aRjYwU0cxajJTNklkT3R2bXg4c3RkWTdhMjBmSmVnbG12aU91MUk1NnlmTEM1amtmNVNyTFJaR1FPTm01V3FDNkswaXRBMDNjY0ItajFqX2pLRVc2bHh4Rk1rcVlZNkZWONIB9AFBVV95cUxPZzAyZjVWNmNfRWs3UGZTTjFVajU2NU9KdE5ZV0s3SkkzWlVlSl8xRXlhVFBiUGdIWVh4VVpRSzU3ZllGTmMxN3RiUGVhUnJQc0dMZ0VWOGFpSGhEeDZTNHE5Z2JWTjdjd041V2dHVUFEZXh4ZGZoRjlHM1I2MW9hVDRONG8xb1RiX2o0NmJ1MVRvN2lteWNzWmtQRmVGUVRWTFRsbkdHYVpwcXZaU20xek1fWGhlRjRkZlowM1JrX2kzd2I3NFlzU29VR2xCTW5zZkU5OFlsS3k3a3l0OHp5M1kyZHhOMWZDVHpfNXVnWmdpRVVv?oc=5\" target=\"_blank\" rel=\"nofollow noopener\">Polonia cierra temporalmente su espacio a\u00e9reo e inicia maniobras a\u00e9reas \u00abpreventivas\u00bb por ataques rusos<\/a>&nbsp;&nbsp;El Confidencial<\/li>\n<li><a href=\"https:\/\/news.google.com\/rss\/articles\/CBMizAFBVV95cUxQZVRYd1g3RkQwWHNWbkk0dEIxcm9FcGJfTXVOc3FiOXNpVmJoYjF6Z0pKSzBsTDJrWmtBb1Q0aEJud0FBenNDYXNCeHNOeVFqYTBUNTJWSTRwalBtSmx3T2JvWnJ5aldiSUdWYmhROUxBcFBlMS1sTXZ0M2NOUUJteHBka0FIVURMMV9DajBnSElrRnpfUFljOWZaZVBPSkxwZE1veEpCenRIQXpyMVIxbmRxeFFiMUU3Q0tSRHFxQkJDSXNVcVA0bXp3SVg?oc=5\" target=\"_blank\" rel=\"nofollow noopener\">Los l\u00edderes militares de la OTAN se re\u00fanen en Riga para tratar las violaciones rusas del espacio a\u00e9reo<\/a>&nbsp;&nbsp;La Vanguardia<\/li>\n<li><a href=\"https:\/\/news.google.com\/rss\/articles\/CBMitgFBVV95cUxQbGRIX3g5YWJNbG9uN1l4Q0FJQjM5M0dyUUdUMEFQLUhvbTdJU09CeFJmdmUtc0hzRXBzWDVPYnN2SXE4WUFVQnIxaHRjVURsLXB5bzBWVUgwNDlIX2VWSWdUc0x0V0dlU3JYa3NWaHdrbkIzQndJS21zNUtZRHZ1M3hacV9GTUNiWUJGazc5VE1XdmZTenpicmxsRURiNDF6TW8tdW1RWE1zS09jYTQ2Nkw2QVl0QQ?oc=5\" target=\"_blank\" rel=\"nofollow noopener\">Derribar aviones rusos, ah\u00ed est\u00e1 el dilema<\/a>&nbsp;&nbsp;La Voz de Galicia<\/li>\n<\/ol>\n","protected":false},"excerpt":{"rendered":"Polonia cierra temporalmente su espacio a\u00e9reo e inicia maniobras a\u00e9reas \u00abpreventivas\u00bb por los ataque&nbsp;&nbsp;Onda Cero Rusia redobla las&hellip;\n","protected":false},"author":2,"featured_media":143739,"comment_status":"","ping_status":"","sticky":false,"template":"","format":"standard","meta":{"footnotes":""},"categories":[42],"tags":[17,18,13,14,11,61,62,63,64,19,20,9,10,15,16,12,21,22,65,66,67],"class_list":{"0":"post-143738","1":"post","2":"type-post","3":"status-publish","4":"format-standard","5":"has-post-thumbnail","7":"category-internacional","8":"tag-breaking-news","9":"tag-breakingnews","10":"tag-featured-news","11":"tag-featurednews","12":"tag-headlines","13":"tag-internacional","14":"tag-international","15":"tag-international-news","16":"tag-internationalnews","17":"tag-latest-news","18":"tag-latestnews","19":"tag-news","20":"tag-noticias","21":"tag-noticias-destacadas","22":"tag-noticiasdestacadas","23":"tag-titulares","24":"tag-ultimas-noticias","25":"tag-ultimasnoticias","26":"tag-world","27":"tag-world-news","28":"tag-worldnews"},"share_on_mastodon":{"url":"","error":""},"_links":{"self":[{"href":"https:\/\/www.europesays.com\/es\/wp-json\/wp\/v2\/posts\/143738","targetHints":{"allow":["GET"]}}],"collection":[{"href":"https:\/\/www.europesays.com\/es\/wp-json\/wp\/v2\/posts"}],"about":[{"href":"https:\/\/www.europesays.com\/es\/wp-json\/wp\/v2\/types\/post"}],"author":[{"embeddable":true,"href":"https:\/\/www.europesays.com\/es\/wp-json\/wp\/v2\/users\/2"}],"replies":[{"embeddable":true,"href":"https:\/\/www.europesays.com\/es\/wp-json\/wp\/v2\/comments?post=143738"}],"version-history":[{"count":0,"href":"https:\/\/www.europesays.com\/es\/wp-json\/wp\/v2\/posts\/143738\/revisions"}],"wp:featuredmedia":[{"embeddable":true,"href":"https:\/\/www.europesays.com\/es\/wp-json\/wp\/v2\/media\/143739"}],"wp:attachment":[{"href":"https:\/\/www.europesays.com\/es\/wp-json\/wp\/v2\/media?parent=143738"}],"wp:term":[{"taxonomy":"category","embeddable":true,"href":"https:\/\/www.europesays.com\/es\/wp-json\/wp\/v2\/categories?post=143738"},{"taxonomy":"post_tag","embeddable":true,"href":"https:\/\/www.europesays.com\/es\/wp-json\/wp\/v2\/tags?post=143738"}],"curies":[{"name":"wp","href":"https:\/\/api.w.org\/{rel}","templated":true}]}}