{"id":143742,"date":"2025-09-28T07:14:14","date_gmt":"2025-09-28T07:14:14","guid":{"rendered":"https:\/\/www.europesays.com\/es\/143742\/"},"modified":"2025-09-28T07:14:14","modified_gmt":"2025-09-28T07:14:14","slug":"gancedo-los-puntos-violetas-son-un-recurso-necesario-y-util-en-el-ambito-del-ocio-nocturno","status":"publish","type":"post","link":"https:\/\/www.europesays.com\/es\/143742\/","title":{"rendered":"Gancedo: Los puntos violetas son un recurso necesario y \u00fatil en el \u00e1mbito del ocio nocturno"},"content":{"rendered":"<p>\t\t\t\t\t\tPuntos violeta Ayuntamiento de Santander\t\t\t\t\t<\/p>\n<tr>\n<td>\n\t\t\t\t\t\t<img decoding=\"async\" src=\"https:\/\/www.europesays.com\/es\/wp-content\/uploads\/2025\/09\/puntos_violeta_verano_2025_1.jpeg\" alt=\"noticias\/imagen-asociada\/2025\/09\/puntos_violeta_verano_2025_1.jpeg\" class=\"col-xs-12 col-md-12 img-responsive img-left\"\/>\n\t\t\t\t\t<\/td>\n<\/tr>\n<p class=\"lead\">\n\t\t\t\tCerca de 2.500 personas han solicitado informaci\u00f3n o han recibido atenci\u00f3n en los 30 puntos violeta instalados por el Ayuntamiento en diferentes zonas de la ciudad.\t\t\t<\/p>\n<p style=\"text-align: justify;\">La concejala de Igualdad del Ayuntamiento de Santander, Zulema Gancedo, ha asegurado que los puntos violetas son \u201cun recurso necesario y \u00fatil\u201d en el \u00e1mbito del ocio nocturno ya que \u201ctristemente\u201d las agresiones sexistas contin\u00faan sucediendo.<\/p>\n<p style=\"text-align: justify;\">Adem\u00e1s, ha realizado un balance muy positivo de los puntos violeta instalados durante el verano en diferentes zonas de la ciudad, destacando \u00abel \u00e9xito de participaci\u00f3n y la importancia creciente\u00bb de estos espacios como herramientas fundamentales en la lucha contra la violencia de g\u00e9nero.<\/p>\n<p style=\"text-align: justify;\">En total, 2.492 personas han solicitado alg\u00fan tipo de informaci\u00f3n o han recibido atenci\u00f3n por parte del equipo profesional encargado de estos puntos.<\/p>\n<p style=\"text-align: justify;\">Seg\u00fan los datos obtenidos, de las 2.492 personas atendidas, 1.632 fueron mujeres y 860 hombres. Estos n\u00fameros reflejan una participaci\u00f3n activa de ambos g\u00e9neros, lo cual es crucial para el \u00e9xito de la misi\u00f3n de los puntos violeta: la erradicaci\u00f3n de la violencia sexual y la promoci\u00f3n de un entorno seguro y equitativo en lugares de ocio.<\/p>\n<p style=\"text-align: justify;\">\u00abEs fundamental que tanto mujeres como hombres se involucren en esta causa, y estos resultados demuestran un avance significativo en ese sentido\u00bb, ha subrayado Gancedo.<\/p>\n<p style=\"text-align: justify;\">Igualmente, la edil ha puesto en valor estos espacios a los que acudir no solo ante agresiones sexistas, sino como punto de referencia para ser escuchados, para pedir ayuda y atenci\u00f3n ante malestares f\u00edsicos ocasionados por el calor o la masificaci\u00f3n en algunos eventos y como punto de encuentro.<\/p>\n<p style=\"text-align: justify;\">El programa de puntos violeta, que se ha llevado a cabo en cerca de 30 ubicaciones estrat\u00e9gicas de Santander, comenz\u00f3 en julio y termin\u00f3 a principios de septiembre. Este despliegue ha incluido su presencia en eventos destacados como la Semana Grande y en festivales de m\u00fasica como el Reggaeton Beach en la Virgen del Mar y el Magdalena en Vivo, Hoky Music, Santander Music y Sonorama Day, celebrados en la campa de la Magdalena.<\/p>\n<p style=\"text-align: justify;\">Tambi\u00e9n, como el a\u00f1o pasado, se ha instalado un punto violeta permanente en la Plaza Ca\u00f1ad\u00edo, uno de los epicentros del ocio nocturno de Santander. Este punto ha funcionado todos los viernes y s\u00e1bados de julio y agosto, y se ha mantenido activo hasta los primeros dos s\u00e1bados de septiembre, en horario de 21.00 a 02.00 horas.<\/p>\n<p style=\"text-align: justify;\">Cada punto violeta ha estado atendido por un equipo de profesionales con formaci\u00f3n en igualdad de g\u00e9nero y prevenci\u00f3n de la violencia, quienes han llevado a cabo dos tipos de actuaciones: por un lado, actividades preventivas, que incluyen la difusi\u00f3n de informaci\u00f3n, la organizaci\u00f3n de din\u00e1micas y la distribuci\u00f3n de materiales divulgativos como gu\u00edas y d\u00edpticos; y, por otro lado, una labor asistencial, proporcionando atenci\u00f3n y acompa\u00f1amiento a posibles v\u00edctimas de agresi\u00f3n.<\/p>\n<p style=\"text-align: justify;\">Este enfoque dual ha permitido no solo ofrecer ayuda directa, sino tambi\u00e9n sensibilizar a la poblaci\u00f3n sobre la importancia de actuar ante situaciones de acoso o violencia sexual.<\/p>\n<p style=\"text-align: justify;\">Gancedo ha recordado que el \u00e9xito de los puntos violeta durante este verano se suma a los resultados positivos obtenidos en a\u00f1os anteriores, consolidando la relevancia de este tipo de iniciativas dentro del Plan Estrat\u00e9gico Municipal de Igualdad de Oportunidades entre Mujeres y Hombres<\/p>\n<p style=\"text-align: justify;\">Finalmente, ha subrayado que este balance positivo, que supera las expectativas de participaci\u00f3n, \u201creafirma el compromiso del Ayuntamiento de Santander en la lucha contra la violencia de g\u00e9nero y en la promoci\u00f3n de un ocio seguro y en igualdad para toda la ciudadan\u00eda\u201d.<\/p>\n","protected":false},"excerpt":{"rendered":"Puntos violeta Ayuntamiento de Santander Cerca de 2.500 personas han solicitado informaci\u00f3n o han recibido atenci\u00f3n en los&hellip;\n","protected":false},"author":2,"featured_media":143743,"comment_status":"","ping_status":"","sticky":false,"template":"","format":"standard","meta":{"footnotes":""},"categories":[5],"tags":[17,18,25,24,13,14,11,19,20,9,10,15,16,23,12,21,22],"class_list":{"0":"post-143742","1":"post","2":"type-post","3":"status-publish","4":"format-standard","5":"has-post-thumbnail","7":"category-titulares","8":"tag-breaking-news","9":"tag-breakingnews","10":"tag-es","11":"tag-espana","12":"tag-featured-news","13":"tag-featurednews","14":"tag-headlines","15":"tag-latest-news","16":"tag-latestnews","17":"tag-news","18":"tag-noticias","19":"tag-noticias-destacadas","20":"tag-noticiasdestacadas","21":"tag-spain","22":"tag-titulares","23":"tag-ultimas-noticias","24":"tag-ultimasnoticias"},"share_on_mastodon":{"url":"","error":""},"_links":{"self":[{"href":"https:\/\/www.europesays.com\/es\/wp-json\/wp\/v2\/posts\/143742","targetHints":{"allow":["GET"]}}],"collection":[{"href":"https:\/\/www.europesays.com\/es\/wp-json\/wp\/v2\/posts"}],"about":[{"href":"https:\/\/www.europesays.com\/es\/wp-json\/wp\/v2\/types\/post"}],"author":[{"embeddable":true,"href":"https:\/\/www.europesays.com\/es\/wp-json\/wp\/v2\/users\/2"}],"replies":[{"embeddable":true,"href":"https:\/\/www.europesays.com\/es\/wp-json\/wp\/v2\/comments?post=143742"}],"version-history":[{"count":0,"href":"https:\/\/www.europesays.com\/es\/wp-json\/wp\/v2\/posts\/143742\/revisions"}],"wp:featuredmedia":[{"embeddable":true,"href":"https:\/\/www.europesays.com\/es\/wp-json\/wp\/v2\/media\/143743"}],"wp:attachment":[{"href":"https:\/\/www.europesays.com\/es\/wp-json\/wp\/v2\/media?parent=143742"}],"wp:term":[{"taxonomy":"category","embeddable":true,"href":"https:\/\/www.europesays.com\/es\/wp-json\/wp\/v2\/categories?post=143742"},{"taxonomy":"post_tag","embeddable":true,"href":"https:\/\/www.europesays.com\/es\/wp-json\/wp\/v2\/tags?post=143742"}],"curies":[{"name":"wp","href":"https:\/\/api.w.org\/{rel}","templated":true}]}}