{"id":143795,"date":"2025-09-28T07:55:09","date_gmt":"2025-09-28T07:55:09","guid":{"rendered":"https:\/\/www.europesays.com\/es\/143795\/"},"modified":"2025-09-28T07:55:09","modified_gmt":"2025-09-28T07:55:09","slug":"actriz-selena-gomez-y-productor-benny-blanco-se-casan-en-california","status":"publish","type":"post","link":"https:\/\/www.europesays.com\/es\/143795\/","title":{"rendered":"Actriz Selena Gomez Y Productor Benny Blanco Se Casan En California"},"content":{"rendered":"<p data-type=\"paragraph\" data=\"[object Object]\">La actriz y cantante estadounidense Selena Gomez contrajo matrimonio el s\u00e1bado con el productor musical Benny Blanco, en una ceremonia repleta de figuras del espect\u00e1culo en el sur de California.<\/p>\n<p data-type=\"paragraph\" data=\"[object Object]\" class=\"emotion-1akm6h5-Paragraph e1e4oisd0\">La estrella de la serie \u00abOnly Murders in the Building\u00bb public\u00f3 una presentaci\u00f3n de fotos y videos en Instagram. Gomez, de 33 a\u00f1os, aparece con un vestido de novia mientras Blanco -cuyo nombre real es Benjamin Joseph Levin- est\u00e1 en esmoquin.<\/p>\n<p data-type=\"paragraph\" data=\"[object Object]\" class=\"emotion-1akm6h5-Paragraph e1e4oisd0\">La publicaci\u00f3n incluye la leyenda \u00ab9.27.25\u00bb entre dos emojis de corazones blancos, con Blanco comentando: \u00abmi esposa en la vida real\u00bb.<\/p>\n<p data-type=\"paragraph\" data=\"[object Object]\" class=\"emotion-1akm6h5-Paragraph e1e4oisd0\">Blanco, de 37 a\u00f1os, particip\u00f3 en la producci\u00f3n de algunos de los mayores \u00e9xitos musicales de Gomez, incluidos los sencillos de 2015 \u00abSame Old Love\u00bb y \u00abKill Em with Kindness\u00bb.<\/p>\n<p data-type=\"paragraph\" data=\"[object Object]\" class=\"emotion-1akm6h5-Paragraph e1e4oisd0\">La ceremonia se realiz\u00f3 en Hope Ranch, condado de Santa B\u00e1rbara, unos 145 kil\u00f3metros al noroeste de Los \u00c1ngeles, seg\u00fan la revista Vogue.<\/p>\n<p data-type=\"paragraph\" data=\"[object Object]\" class=\"emotion-1akm6h5-Paragraph e1e4oisd0\">Entre los 170 invitados estaban la superestrella del pop estadounidense -y mejor amiga de Gomez- Taylor Swift, as\u00ed como el cantautor brit\u00e1nico Ed Sheeran, la socialit\u00e9 Paris Hilton, y colegas de Gomez en la serie, como los c\u00f3micos Steve Martin y Martin Short.<\/p>\n<p data-type=\"paragraph\" data=\"[object Object]\" class=\"emotion-1akm6h5-Paragraph e1e4oisd0\">La famosa pareja hizo p\u00fablica su relaci\u00f3n en diciembre de 2023, comprometi\u00e9ndose un a\u00f1o despu\u00e9s, seg\u00fan Vogue.<\/p>\n<p data-type=\"paragraph\" data=\"[object Object]\" class=\"emotion-1akm6h5-Paragraph e1e4oisd0\">jgc\/mtp\/cjc\/mas<\/p>\n","protected":false},"excerpt":{"rendered":"La actriz y cantante estadounidense Selena Gomez contrajo matrimonio el s\u00e1bado con el productor musical Benny Blanco, en&hellip;\n","protected":false},"author":2,"featured_media":123368,"comment_status":"","ping_status":"","sticky":false,"template":"","format":"standard","meta":{"footnotes":""},"categories":[91],"tags":[115,146,147,25,24,6019,185,44434,23,116],"class_list":{"0":"post-143795","1":"post","2":"type-post","3":"status-publish","4":"format-standard","5":"has-post-thumbnail","7":"category-entretenimiento","8":"tag-eeuu","9":"tag-entertainment","10":"tag-entretenimiento","11":"tag-es","12":"tag-espana","13":"tag-matrimonio","14":"tag-musica","15":"tag-selenagomez","16":"tag-spain","17":"tag-synd"},"share_on_mastodon":{"url":"","error":""},"_links":{"self":[{"href":"https:\/\/www.europesays.com\/es\/wp-json\/wp\/v2\/posts\/143795","targetHints":{"allow":["GET"]}}],"collection":[{"href":"https:\/\/www.europesays.com\/es\/wp-json\/wp\/v2\/posts"}],"about":[{"href":"https:\/\/www.europesays.com\/es\/wp-json\/wp\/v2\/types\/post"}],"author":[{"embeddable":true,"href":"https:\/\/www.europesays.com\/es\/wp-json\/wp\/v2\/users\/2"}],"replies":[{"embeddable":true,"href":"https:\/\/www.europesays.com\/es\/wp-json\/wp\/v2\/comments?post=143795"}],"version-history":[{"count":0,"href":"https:\/\/www.europesays.com\/es\/wp-json\/wp\/v2\/posts\/143795\/revisions"}],"wp:featuredmedia":[{"embeddable":true,"href":"https:\/\/www.europesays.com\/es\/wp-json\/wp\/v2\/media\/123368"}],"wp:attachment":[{"href":"https:\/\/www.europesays.com\/es\/wp-json\/wp\/v2\/media?parent=143795"}],"wp:term":[{"taxonomy":"category","embeddable":true,"href":"https:\/\/www.europesays.com\/es\/wp-json\/wp\/v2\/categories?post=143795"},{"taxonomy":"post_tag","embeddable":true,"href":"https:\/\/www.europesays.com\/es\/wp-json\/wp\/v2\/tags?post=143795"}],"curies":[{"name":"wp","href":"https:\/\/api.w.org\/{rel}","templated":true}]}}