{"id":143800,"date":"2025-09-28T07:58:08","date_gmt":"2025-09-28T07:58:08","guid":{"rendered":"https:\/\/www.europesays.com\/es\/143800\/"},"modified":"2025-09-28T07:58:08","modified_gmt":"2025-09-28T07:58:08","slug":"polonia-inicia-maniobras-preventivas-y-cierra-parcialmente-su-espacio-aereo-por-los-ataques-rusos-en-ucrania","status":"publish","type":"post","link":"https:\/\/www.europesays.com\/es\/143800\/","title":{"rendered":"Polonia inicia maniobras \u00abpreventivas\u00bb y cierra parcialmente su espacio a\u00e9reo por los ataques rusos en Ucrania"},"content":{"rendered":"\n<p> El Mando Operativo de las Fuerzas Armadas polacas ha informado a primera hora de este domingo de que se han desplegado cazas y se han activado sistemas de defensa a\u00e9rea como medida \u00abpreventiva\u00bb, tras los \u00faltimos ataques a\u00e9reos rusos contra territorio ucraniano, a fin de \u00abgarantizar<strong> la seguridad del espacio a\u00e9reo nacional <\/strong>y proteger a la poblaci\u00f3n\u00bb. <\/p>\n<p> Las fuerzas a\u00e9reas de Polonia, en coordinaci\u00f3n con pa\u00edses aliados, han comenzado a operar en el espacio a\u00e9reo polaco como reacci\u00f3n a <strong>los recientes bombardeos <\/strong>lanzados por la aviaci\u00f3n de largo alcance de <a href=\"https:\/\/www.elconfidencial.com\/tags\/temas\/noticias-de-rusia-5200\/\" target=\"_self\" rel=\"nofollow noopener\">Rusia<\/a> contra Ucrania, seg\u00fan ha notificado el propio mando operativo en un comunicado difundido a trav\u00e9s de la red social X. <\/p>\n<p> El mencionado texto se\u00f1ala que estas actuaciones se han llevado a cabo \u00abde acuerdo con los procedimientos aplicables\u00bb y <strong>activando todas \u00ablas fuerzas <\/strong>y los recursos a su disposici\u00f3n\u00bb. <\/p>\n<p> Como parte de la operaci\u00f3n,<strong> las autoridades militares polacas<\/strong> han reforzado asimismo la vigilancia en las regiones fronterizas para dar seguimiento a la situaci\u00f3n actual y mantiene \u00absus fuerzas y recursos subordinados listos para una respuesta inmediata\u00bb. <\/p>\n<p>              <img decoding=\"async\" class=\"inTextNews__img\" alt=\"Foto: polonia-derriba-un-dron-que-sobrevolaba-varios-edificios-gubernamentales-en-varsovia\" src=\"https:\/\/www.europesays.com\/es\/wp-content\/uploads\/2025\/09\/f.elconfidencial.com\/original\/d2f\/ba5\/422\/d2fba54226a5af92d3e6486a156d8e32.jpg\"  \/>     <\/p>\n<p>TE PUEDE INTERESAR<\/p>\n<p>      <a class=\"inTextNews__title\" href=\"https:\/\/www.elconfidencial.com\/mundo\/2025-09-15\/polonia-derriba-un-dron-que-sobrevolaba-varios-edificios-gubernamentales-en-varsovia_4209655\/\" onclick=\"window.ECCO.emit(&#039;amplitude&#039;, { dataEventName: &#039;click_related_article_module&#039;, data: { related_article_url: &#039;https:\/\/www.elconfidencial.com\/mundo\/2025-09-15\/polonia-derriba-un-dron-que-sobrevolaba-varios-edificios-gubernamentales-en-varsovia_4209655\/&#039;, related_article_author: &#039;Alba Sanz,Alba Sanz&#039;, related_article_section: &#039;mundo&#039; } })\" rel=\"nofollow noopener\" target=\"_blank\"> Polonia derriba un dron que sobrevolaba varios edificios gubernamentales en Varsovia <\/a>   <\/p>\n<p>    A. S.     Agencias   <\/p>\n<p> Medios ucranianos hab\u00edan reportado previamente que <a href=\"https:\/\/www.elconfidencial.com\/mundo\/2025-09-27\/central-nuclear-zaporiyia-rusia-ucrania-1tps_4217476\/\" target=\"_self\" rel=\"nofollow noopener\">Kiev<\/a> y otras ciudades ucranianas &#8211;como Zaporiyia o Jmelnitskii&#8211; hab\u00edan sido objeto de<strong> ataques enviados por Mosc\u00fa<\/strong>, incluyendo \u00abbombarderos de largo alcance, misiles y enjambres de drones\u00bb, que han provocado interrupciones parciales en el tr\u00e1fico a\u00e9reo nacional. <\/p>\n<p> En este contexto, seg\u00fan datos de la plataforma de seguimiento de vuelos<strong> FlightRadar24<\/strong> recogidos por la emisora nacional TVN24, tambi\u00e9n las autoridades polacas han cerrado temporalmente ete domingo el espacio a\u00e9reo en torno a los aeropuertos de Rzesz\u00f3w y Lublin debido a una \u00abactividad militar no planificada relacionada con garantizar la seguridad del Estado\u00bb. <\/p>\n<p> As\u00ed las cosas,<strong> el Mando Operativo de las Fuerzas Armadas <\/strong>ha incidido en que las acciones emprendidas por la aviaci\u00f3n polaca y aliada han sido estrictamente de car\u00e1cter defensivo y preventivo, poniendo el foco en la disuasi\u00f3n de posibles amenazas y en el mantenimiento de la integridad del espacio a\u00e9reo nacional en el marco del conflicto b\u00e9lico que se desarrolla en la vecina Ucrania desde que Rusia invadiera el pa\u00eds en febrero de 2022. <\/p>\n<p> El Mando Operativo de las Fuerzas Armadas polacas ha informado a primera hora de este domingo de que se han desplegado cazas y se han activado sistemas de defensa a\u00e9rea como medida \u00abpreventiva\u00bb, tras los \u00faltimos ataques a\u00e9reos rusos contra territorio ucraniano, a fin de \u00abgarantizar<strong> la seguridad del espacio a\u00e9reo nacional <\/strong>y proteger a la poblaci\u00f3n\u00bb. <\/p>\n","protected":false},"excerpt":{"rendered":"El Mando Operativo de las Fuerzas Armadas polacas ha informado a primera hora de este domingo de que&hellip;\n","protected":false},"author":2,"featured_media":143801,"comment_status":"","ping_status":"","sticky":false,"template":"","format":"standard","meta":{"footnotes":""},"categories":[42],"tags":[17,18,13,14,11,61,62,63,64,19,20,9,10,15,16,12,21,22,65,66,67],"class_list":{"0":"post-143800","1":"post","2":"type-post","3":"status-publish","4":"format-standard","5":"has-post-thumbnail","7":"category-internacional","8":"tag-breaking-news","9":"tag-breakingnews","10":"tag-featured-news","11":"tag-featurednews","12":"tag-headlines","13":"tag-internacional","14":"tag-international","15":"tag-international-news","16":"tag-internationalnews","17":"tag-latest-news","18":"tag-latestnews","19":"tag-news","20":"tag-noticias","21":"tag-noticias-destacadas","22":"tag-noticiasdestacadas","23":"tag-titulares","24":"tag-ultimas-noticias","25":"tag-ultimasnoticias","26":"tag-world","27":"tag-world-news","28":"tag-worldnews"},"share_on_mastodon":{"url":"","error":""},"_links":{"self":[{"href":"https:\/\/www.europesays.com\/es\/wp-json\/wp\/v2\/posts\/143800","targetHints":{"allow":["GET"]}}],"collection":[{"href":"https:\/\/www.europesays.com\/es\/wp-json\/wp\/v2\/posts"}],"about":[{"href":"https:\/\/www.europesays.com\/es\/wp-json\/wp\/v2\/types\/post"}],"author":[{"embeddable":true,"href":"https:\/\/www.europesays.com\/es\/wp-json\/wp\/v2\/users\/2"}],"replies":[{"embeddable":true,"href":"https:\/\/www.europesays.com\/es\/wp-json\/wp\/v2\/comments?post=143800"}],"version-history":[{"count":0,"href":"https:\/\/www.europesays.com\/es\/wp-json\/wp\/v2\/posts\/143800\/revisions"}],"wp:featuredmedia":[{"embeddable":true,"href":"https:\/\/www.europesays.com\/es\/wp-json\/wp\/v2\/media\/143801"}],"wp:attachment":[{"href":"https:\/\/www.europesays.com\/es\/wp-json\/wp\/v2\/media?parent=143800"}],"wp:term":[{"taxonomy":"category","embeddable":true,"href":"https:\/\/www.europesays.com\/es\/wp-json\/wp\/v2\/categories?post=143800"},{"taxonomy":"post_tag","embeddable":true,"href":"https:\/\/www.europesays.com\/es\/wp-json\/wp\/v2\/tags?post=143800"}],"curies":[{"name":"wp","href":"https:\/\/api.w.org\/{rel}","templated":true}]}}