{"id":143804,"date":"2025-09-28T08:04:07","date_gmt":"2025-09-28T08:04:07","guid":{"rendered":"https:\/\/www.europesays.com\/es\/143804\/"},"modified":"2025-09-28T08:04:07","modified_gmt":"2025-09-28T08:04:07","slug":"estados-unidos-se-aferra-al-milagro-de-tom-brady-para-la-remontada-en-la-ryder-cup","status":"publish","type":"post","link":"https:\/\/www.europesays.com\/es\/143804\/","title":{"rendered":"Estados Unidos se aferra al milagro de Tom Brady para la remontada en la Ryder Cup"},"content":{"rendered":"<p data-gtm-element-container=\"modulo-texto-link\" class=\"paragraph\"><strong>Keegan Bradley<\/strong>, capit\u00e1n del equipo estadounidense,<strong> cit\u00f3 este s\u00e1bado el milagro de los New England Patriots del &#8216;quarterback&#8217; Tom Brady en la Super Bowl de 2017<\/strong>, cuando su equipo remont\u00f3 un 3-28, para motivar a Estados Unidos de cara a la \u00faltima jornada de la Copa Ryder, tras la debacle vivida en los primeros dos d\u00edas.<\/p>\n<p data-gtm-element-container=\"modulo-texto-link\" class=\"paragraph\"><strong>Europa domina la Copa Ryder con una ventaja de 11.5 &#8211; 4.5<\/strong> para llegar al \u00faltimo d\u00eda, lo que le deja a 2.5 puntos del t\u00edtulo.<\/p>\n<p data-gtm-element-container=\"modulo-texto-link\" class=\"paragraph\">\u00ab<strong>28-3. Estuve en ese S\u00faper Bowl. Lo vi. Vaya cosa m\u00e1s bonita haberlo vivido en persona<\/strong>\u00ab, dijo Keegan Bradley sin dudar en la rueda de prensa organizada al acabar los partidos del s\u00e1bado, al ser preguntado sobre cu\u00e1l era su mensaje para sus jugadores.<\/p>\n<p data-gtm-element-container=\"modulo-texto-link\" class=\"paragraph\">Bradley se refiri\u00f3 al S\u00faper Bowl de 2017 en Houston, cuando los Patriots de Brady perd\u00edan 28-3 y fueron capaces de triunfar 34-28, en la que fue la mayor remontada en la historia de la gran final de la NFL.<\/p>\n<p data-gtm-element-container=\"modulo-texto-link\" class=\"paragraph\">Europa gan\u00f3 seis de los ocho partidos disputados este s\u00e1bado y ya acaricia su segunda Copa Ryder seguida.<\/p>\n<p data-gtm-element-container=\"modulo-texto-link\" class=\"paragraph\">\u00ab<strong>Lucharon todo el d\u00eda, es lo que hicieron. Lucharon hasta el final. Estoy orgulloso por la manera en lo que lo hicieron<\/strong>. Europa jug\u00f3 un golf fenomenal, pero los chicos lucharon. Fue un d\u00eda duro, pero lucharon\u00bb, dijo Bradley.<\/p>\n<p data-gtm-element-container=\"modulo-texto-link\" class=\"paragraph\">Por su parte, el capit\u00e1n europeo, Luke Donald, reconoci\u00f3 que no esperaba un dominio tan claro de su equipo.<\/p>\n<p data-gtm-element-container=\"modulo-texto-link\" class=\"paragraph\">\u00abNo me lo imaginaba. El trabajo no ha terminado, pero estar en Nueva York con tanto apoyo para nuestro equipo es incre\u00edble. La resiliencia y la confianza que tienen estos chicos en sus compa\u00f1eros es realmente incre\u00edble\u00bb, afirm\u00f3.<\/p>\n","protected":false},"excerpt":{"rendered":"Keegan Bradley, capit\u00e1n del equipo estadounidense, cit\u00f3 este s\u00e1bado el milagro de los New England Patriots del &#8216;quarterback&#8217;&hellip;\n","protected":false},"author":2,"featured_media":143805,"comment_status":"","ping_status":"","sticky":false,"template":"","format":"standard","meta":{"footnotes":""},"categories":[275],"tags":[168,25,24,329,23,167],"class_list":{"0":"post-143804","1":"post","2":"type-post","3":"status-publish","4":"format-standard","5":"has-post-thumbnail","7":"category-golf","8":"tag-deportes","9":"tag-es","10":"tag-espana","11":"tag-golf","12":"tag-spain","13":"tag-sports"},"share_on_mastodon":{"url":"","error":""},"_links":{"self":[{"href":"https:\/\/www.europesays.com\/es\/wp-json\/wp\/v2\/posts\/143804","targetHints":{"allow":["GET"]}}],"collection":[{"href":"https:\/\/www.europesays.com\/es\/wp-json\/wp\/v2\/posts"}],"about":[{"href":"https:\/\/www.europesays.com\/es\/wp-json\/wp\/v2\/types\/post"}],"author":[{"embeddable":true,"href":"https:\/\/www.europesays.com\/es\/wp-json\/wp\/v2\/users\/2"}],"replies":[{"embeddable":true,"href":"https:\/\/www.europesays.com\/es\/wp-json\/wp\/v2\/comments?post=143804"}],"version-history":[{"count":0,"href":"https:\/\/www.europesays.com\/es\/wp-json\/wp\/v2\/posts\/143804\/revisions"}],"wp:featuredmedia":[{"embeddable":true,"href":"https:\/\/www.europesays.com\/es\/wp-json\/wp\/v2\/media\/143805"}],"wp:attachment":[{"href":"https:\/\/www.europesays.com\/es\/wp-json\/wp\/v2\/media?parent=143804"}],"wp:term":[{"taxonomy":"category","embeddable":true,"href":"https:\/\/www.europesays.com\/es\/wp-json\/wp\/v2\/categories?post=143804"},{"taxonomy":"post_tag","embeddable":true,"href":"https:\/\/www.europesays.com\/es\/wp-json\/wp\/v2\/tags?post=143804"}],"curies":[{"name":"wp","href":"https:\/\/api.w.org\/{rel}","templated":true}]}}