{"id":143806,"date":"2025-09-28T08:06:40","date_gmt":"2025-09-28T08:06:40","guid":{"rendered":"https:\/\/www.europesays.com\/es\/143806\/"},"modified":"2025-09-28T08:06:40","modified_gmt":"2025-09-28T08:06:40","slug":"el-mundial-de-ciclismo-es-la-mejor-carrera-de-la-temporada","status":"publish","type":"post","link":"https:\/\/www.europesays.com\/es\/143806\/","title":{"rendered":"el Mundial de ciclismo es la mejor carrera de la temporada"},"content":{"rendered":"<p>\t\t\t\t\t\t\t\t\t\t\t\t\t\t<a href=\"https:\/\/www.dtswiss.com\/es\" rel=\"nofollow noopener\" target=\"_blank\"><img loading=\"lazy\" decoding=\"async\" class=\"aligncenter wp-image-65007 size-full\" src=\"data:image\/svg+xml,%3Csvg%20xmlns=\" http:=\"\" alt=\"\" width=\"1024\" height=\"140\" data-lazy- data-lazy- data-lazy-src=\"https:\/\/www.europesays.com\/es\/wp-content\/uploads\/2025\/08\/joanseguidor-1024x140px-es-erc1100.png\"\/><\/a><br \/>\nPeque\u00f1ita, c\u00f3moda y muy respetuosa, as\u00ed es Ljubliana para el ciclista<\/p>\n<p data-start=\"145\" data-end=\"539\">Si hay una ciudad en Europa que parece pensada para descubrir sobre dos ruedas, esa es Ljubliana.<\/p>\n<p data-start=\"145\" data-end=\"539\">Es c\u00f3moda, todo relativamente cerca, carriles bici muy bien conectados, sin las trampas que nos encontramos por aqu\u00ed y, muy importante, un respeto no voy a decir reverencial, pero s\u00ed exagerado al ciclista por parte de coches e incluso peatones.<\/p>\n<p data-start=\"145\" data-end=\"539\">Desde el primer momento <strong>notar\u00e1s que la bicicleta forma parte de la vida diaria de sus habitantes<\/strong>: la usan para ir a trabajar, hacer recados o simplemente moverse por el centro.<\/p>\n<p><a class=\"wppaslink\" href=\"https:\/\/joanseguidor.com\/pas\/ccmm-valenciana\/44016\/0\" target=\"_blank\" rel=\"nofollow noopener\"><img decoding=\"async\" src=\"data:image\/svg+xml,%3Csvg%20xmlns=\" http:=\"\" alt=\"CCMM Valenciana\" border=\"0\" data-lazy-src=\"https:\/\/www.europesays.com\/es\/wp-content\/uploads\/2025\/09\/1759046785_976_tl-joanseguidorcom-1024x140-1.png\"\/><\/a><\/p>\n<p data-start=\"145\" data-end=\"539\"><img loading=\"lazy\" decoding=\"async\" class=\"aligncenter size-full wp-image-66879\" src=\"data:image\/svg+xml,%3Csvg%20xmlns=\" http:=\"\" alt=\"\" width=\"900\" height=\"1200\" data-lazy- data-lazy- data-lazy-src=\"https:\/\/www.europesays.com\/es\/wp-content\/uploads\/2025\/09\/ljubliana-ciclista-bicicleta-ciudad.jpeg\"\/><\/p>\n<p data-start=\"541\" data-end=\"949\">Todo fluye con naturalidad, porque <strong>la ciudad est\u00e1 dise\u00f1ada para que el ciclista se sienta c\u00f3modo, seguro y respetado<\/strong>.<\/p>\n<p data-start=\"541\" data-end=\"949\"><strong>Liubliana es bastante plana<\/strong>, lo que la convierte en un destino perfecto incluso si no eres un ciclista experimentado.<\/p>\n<p data-start=\"541\" data-end=\"949\">Pedalear aqu\u00ed no supone un gran esfuerzo y, adem\u00e1s, las rutas est\u00e1n muy bien se\u00f1alizadas, con tracks que la propia oficina de turismo tiene para los usuarios, <a href=\"https:\/\/www.visitljubljana.com\/en\/visitors\/sights-and-activities\/active-holidays\/cycling-around-ljubljana\/\" target=\"_blank\" rel=\"noopener nofollow\">rutas dentro y alrededor de la ciudad<\/a>.<\/p>\n<p data-start=\"541\" data-end=\"949\">Como digo, el tr\u00e1fico de coches convive de manera respetuosa con quienes se mueven en bici, algo que se nota nada m\u00e1s empezar a rodar: no hay prisas ni pitidos, todo parece pensado para disfrutar del trayecto.<\/p>\n<p data-start=\"951\" data-end=\"1319\">Dentro de la ciudad, las bicicletas son el medio ideal para descubrir sus plazas, puentes y rincones junto al r\u00edo Ljubljanica, ah y parques, enormes parques.<\/p>\n<p data-start=\"951\" data-end=\"1319\"><img loading=\"lazy\" decoding=\"async\" class=\"aligncenter size-full wp-image-66873\" src=\"data:image\/svg+xml,%3Csvg%20xmlns=\" http:=\"\" alt=\"\" width=\"900\" height=\"1200\" data-lazy- data-lazy- data-lazy-src=\"https:\/\/www.europesays.com\/es\/wp-content\/uploads\/2025\/09\/ljubliana-ciclista-bicicleta-on-board.jpeg\"\/><\/p>\n<p data-start=\"951\" data-end=\"1319\"><img loading=\"lazy\" decoding=\"async\" class=\"aligncenter size-full wp-image-66874\" src=\"data:image\/svg+xml,%3Csvg%20xmlns=\" http:=\"\" alt=\"\" width=\"900\" height=\"773\" data-lazy- data-lazy- data-lazy-src=\"https:\/\/www.europesays.com\/es\/wp-content\/uploads\/2025\/09\/ljubliana-ciclista-bicicleta-parque.jpeg\"\/><\/p>\n<p data-start=\"951\" data-end=\"1319\"><img loading=\"lazy\" decoding=\"async\" class=\"aligncenter size-full wp-image-66871\" src=\"data:image\/svg+xml,%3Csvg%20xmlns=\" http:=\"\" alt=\"\" width=\"900\" height=\"1200\" data-lazy- data-lazy- data-lazy-src=\"https:\/\/www.europesays.com\/es\/wp-content\/uploads\/2025\/09\/ljubliana-ciclista-bicicleta.jpeg\"\/><\/p>\n<p data-start=\"951\" data-end=\"1319\"><strong>Moverte en bici te da libertad para detenerte donde quieras, tomarte un caf\u00e9 en una terraza o improvisar una parada en alguno de sus mercados.<\/strong><\/p>\n<p data-start=\"951\" data-end=\"1319\">Es una forma diferente y mucho m\u00e1s aut\u00e9ntica de conectar con el ambiente de la capital eslovena.<\/p>\n<p data-start=\"951\" data-end=\"1319\"><img loading=\"lazy\" decoding=\"async\" class=\"aligncenter size-full wp-image-66877\" src=\"data:image\/svg+xml,%3Csvg%20xmlns=\" http:=\"\" alt=\"\" width=\"900\" height=\"1200\" data-lazy- data-lazy- data-lazy-src=\"https:\/\/www.europesays.com\/es\/wp-content\/uploads\/2025\/09\/ljubliana-ciclista-bicicleta-centro.jpeg\"\/><\/p>\n<p data-start=\"1321\" data-end=\"1744\"><img loading=\"lazy\" decoding=\"async\" class=\"aligncenter size-full wp-image-66876\" src=\"data:image\/svg+xml,%3Csvg%20xmlns=\" http:=\"\" alt=\"\" width=\"900\" height=\"1200\" data-lazy- data-lazy- data-lazy-src=\"https:\/\/www.europesays.com\/es\/wp-content\/uploads\/2025\/09\/ljubliana-ciclista-bicicleta-paisaje.jpeg\"\/><\/p>\n<p data-start=\"1321\" data-end=\"1744\">Y si te apetece salir un poco m\u00e1s all\u00e1, los alrededores ofrecen un mont\u00f3n de posibilidades.<\/p>\n<p data-start=\"1321\" data-end=\"1744\">Entre semana ver\u00e1s a los locales dar un paseo corto por la tarde, mientras que los fines de semana muchos aprovechan para lanzarse a rutas m\u00e1s largas y disfrutar de la naturaleza que rodea la ciudad.<\/p>\n<p data-start=\"1321\" data-end=\"1744\">Siempre puedes acercarte al <a href=\"https:\/\/joanseguidor.com\/vivir-el-tour-en-casa-de-tadej-pogacar\/\" target=\"_blank\" rel=\"noopener nofollow\">Velo Bar<\/a> y ver qu\u00e9 tienen planeado.<\/p>\n<p data-start=\"1321\" data-end=\"1744\"><img loading=\"lazy\" decoding=\"async\" class=\"aligncenter size-full wp-image-66291\" src=\"data:image\/svg+xml,%3Csvg%20xmlns=\" http:=\"\" alt=\"\" width=\"900\" height=\"600\" data-lazy- data-lazy- data-lazy-src=\"https:\/\/www.europesays.com\/es\/wp-content\/uploads\/2025\/08\/tour-pogacar-eslovenia-4.jpg\"\/><\/p>\n<p data-start=\"1321\" data-end=\"1744\"><strong>Esa mezcla de vida urbana y escapadas verdes convierte a Liubliana en un destino redondo para quienes disfrutan del cicloturismo.<\/strong><\/p>\n<p data-start=\"1746\" data-end=\"1870\">En plena efervescencia con Tadej Pogacar, la ciudad, adem\u00e1s, acoge eventos ciclistas de primer nivel, que demuestran la importancia de la bicicleta en su identidad:<\/p>\n<ul data-start=\"1872\" data-end=\"2768\">\n<li data-start=\"1872\" data-end=\"2062\">\n<p data-start=\"1874\" data-end=\"2062\"><strong data-start=\"1874\" data-end=\"1894\">Tour of Slovenia<\/strong>: la mayor carrera ciclista del pa\u00eds y un referente internacional desde 1993. Cada edici\u00f3n re\u00fane a los mejores corredores y atraviesa la capital en un ambiente \u00fanico.<\/p>\n<\/li>\n<li data-start=\"2063\" data-end=\"2203\">\n<p data-start=\"2065\" data-end=\"2203\"><strong data-start=\"2065\" data-end=\"2092\">Marat\u00f3n Franja BTC City<\/strong>: la gran fiesta del ciclismo esloveno, con rutas para todos los niveles, desde profesionales hasta familias.<\/p>\n<\/li>\n<\/ul>\n<p><a href=\"https:\/\/www.turismodecastellon.com\/es\/que-hacer\/rutaCicloturismo\" rel=\"nofollow noopener\" target=\"_blank\"><img loading=\"lazy\" decoding=\"async\" class=\"aligncenter wp-image-66569 size-medium\" src=\"data:image\/svg+xml,%3Csvg%20xmlns=\" http:=\"\" alt=\"\" width=\"300\" height=\"293\" data-lazy- data-lazy- data-lazy-src=\"https:\/\/www.europesays.com\/es\/wp-content\/uploads\/2025\/09\/bn-castellon-cycling-1024x1000-3-300x293.gif\"\/><\/a><\/p>\n<ul data-start=\"1872\" data-end=\"2768\">\n<li data-start=\"2204\" data-end=\"2385\">\n<p data-start=\"2206\" data-end=\"2385\"><strong data-start=\"2206\" data-end=\"2218\">Barjanka<\/strong>: parte del Marat\u00f3n Franja, es una ruta que muestra la belleza natural de los humedales de Liubliana y recupera el esp\u00edritu de las competiciones en caminos de grava.<\/p>\n<\/li>\n<li data-start=\"2386\" data-end=\"2535\">\n<p data-start=\"2388\" data-end=\"2535\"><strong data-start=\"2388\" data-end=\"2413\">Ljubljana MTB Weekend<\/strong>: un festival de septiembre que celebra la bicicleta de monta\u00f1a, conectando a ciclistas y espacios en la propia capital.<\/p>\n<\/li>\n<li data-start=\"2536\" data-end=\"2672\">\n<p data-start=\"2538\" data-end=\"2672\"><strong data-start=\"2538\" data-end=\"2560\">BMX Race Ljubljana<\/strong>: una competici\u00f3n internacional que re\u00fane a riders de toda la regi\u00f3n en un evento vibrante y lleno de energ\u00eda.<\/p>\n<\/li>\n<li data-start=\"2673\" data-end=\"2768\">\n<p data-start=\"2675\" data-end=\"2768\"><strong data-start=\"2675\" data-end=\"2688\">XC Ra\u0161ica<\/strong>: prueba de la SloXcup, ideal para los amantes del cross-country y la monta\u00f1a.<\/p>\n<\/li>\n<\/ul>\n<p><img loading=\"lazy\" decoding=\"async\" class=\"aligncenter size-full wp-image-66878\" src=\"data:image\/svg+xml,%3Csvg%20xmlns=\" http:=\"\" alt=\"\" width=\"900\" height=\"1200\" data-lazy- data-lazy- data-lazy-src=\"https:\/\/www.europesays.com\/es\/wp-content\/uploads\/2025\/09\/ljubliana-ciclista-bicicleta-pogacar.jpeg\"\/><\/p>\n<p data-start=\"2770\" data-end=\"2968\"><img loading=\"lazy\" decoding=\"async\" class=\"aligncenter size-full wp-image-66875\" src=\"data:image\/svg+xml,%3Csvg%20xmlns=\" http:=\"\" alt=\"\" width=\"900\" height=\"1200\" data-lazy- data-lazy- data-lazy-src=\"https:\/\/www.europesays.com\/es\/wp-content\/uploads\/2025\/09\/ljubliana-ciclista-bicicleta-pared.jpeg\"\/><\/p>\n<p data-start=\"2770\" data-end=\"2968\">En resumen, Liubliana es acogedora, f\u00e1cil de recorrer y vibrante.<\/p>\n<p data-start=\"2770\" data-end=\"2968\">Subirse a una bici aqu\u00ed no es solo una manera pr\u00e1ctica de moverse, sino la mejor forma de vivir la ciudad como un aut\u00e9ntico local, una revoluci\u00f3n, dice ese cartel que es silenciosa, cambia las cosas para bien y te da una perspectiva in\u00e9dita.<\/p>\n<p data-start=\"2770\" data-end=\"2968\"><img loading=\"lazy\" decoding=\"async\" class=\"aligncenter\" src=\"data:image\/svg+xml,%3Csvg%20xmlns=\" http:=\"\" alt=\"\" width=\"1024\" height=\"400\" data-lazy-src=\"https:\/\/www.europesays.com\/es\/wp-content\/uploads\/2025\/07\/1753913949_219_1024x400-cicloturisme-joanseguidor.jpg\"\/><\/p>\n","protected":false},"excerpt":{"rendered":"Peque\u00f1ita, c\u00f3moda y muy respetuosa, as\u00ed es Ljubliana para el ciclista Si hay una ciudad en Europa que&hellip;\n","protected":false},"author":2,"featured_media":143807,"comment_status":"","ping_status":"","sticky":false,"template":"","format":"standard","meta":{"footnotes":""},"categories":[273],"tags":[313,312,168,25,24,2548,41314,23,167],"class_list":{"0":"post-143806","1":"post","2":"type-post","3":"status-publish","4":"format-standard","5":"has-post-thumbnail","7":"category-ciclismo","8":"tag-ciclismo","9":"tag-cycling","10":"tag-deportes","11":"tag-es","12":"tag-espana","13":"tag-featured","14":"tag-mundialciclismo","15":"tag-spain","16":"tag-sports"},"share_on_mastodon":{"url":"","error":""},"_links":{"self":[{"href":"https:\/\/www.europesays.com\/es\/wp-json\/wp\/v2\/posts\/143806","targetHints":{"allow":["GET"]}}],"collection":[{"href":"https:\/\/www.europesays.com\/es\/wp-json\/wp\/v2\/posts"}],"about":[{"href":"https:\/\/www.europesays.com\/es\/wp-json\/wp\/v2\/types\/post"}],"author":[{"embeddable":true,"href":"https:\/\/www.europesays.com\/es\/wp-json\/wp\/v2\/users\/2"}],"replies":[{"embeddable":true,"href":"https:\/\/www.europesays.com\/es\/wp-json\/wp\/v2\/comments?post=143806"}],"version-history":[{"count":0,"href":"https:\/\/www.europesays.com\/es\/wp-json\/wp\/v2\/posts\/143806\/revisions"}],"wp:featuredmedia":[{"embeddable":true,"href":"https:\/\/www.europesays.com\/es\/wp-json\/wp\/v2\/media\/143807"}],"wp:attachment":[{"href":"https:\/\/www.europesays.com\/es\/wp-json\/wp\/v2\/media?parent=143806"}],"wp:term":[{"taxonomy":"category","embeddable":true,"href":"https:\/\/www.europesays.com\/es\/wp-json\/wp\/v2\/categories?post=143806"},{"taxonomy":"post_tag","embeddable":true,"href":"https:\/\/www.europesays.com\/es\/wp-json\/wp\/v2\/tags?post=143806"}],"curies":[{"name":"wp","href":"https:\/\/api.w.org\/{rel}","templated":true}]}}