{"id":143812,"date":"2025-09-28T08:09:17","date_gmt":"2025-09-28T08:09:17","guid":{"rendered":"https:\/\/www.europesays.com\/es\/143812\/"},"modified":"2025-09-28T08:09:17","modified_gmt":"2025-09-28T08:09:17","slug":"al-athletic-se-le-hace-el-partido-largo-en-la-ceramica","status":"publish","type":"post","link":"https:\/\/www.europesays.com\/es\/143812\/","title":{"rendered":"Al Athletic se le hace el partido largo en La Cer\u00e1mica"},"content":{"rendered":"<p>\n        Septiembre negro. <strong>A un punto y un gol en cinco compromisos se reduce el c\u00f3mputo del <\/strong><a href=\"https:\/\/www.deia.eus\/athletic\/\" title=\"Athletic\" class=\"link copy\" rel=\"nofollow noopener\" target=\"_blank\"><strong>Athletic<\/strong><\/a><strong> en el mes<\/strong> y dicho logro tuvo lugar en casa frente al colista. Anoche se volvi\u00f3 a poner en evidencia que solo con voluntad y trabajo, virtudes inherentes a la personalidad del equipo, en vez de opositar a premio se acaba cayendo en los brazos de la frustraci\u00f3n. Fue incuestionable que<strong> el Athletic quiso agarrar el partido por la pechera,<\/strong> tanto como que en realidad fue capaz de ofrecer un nivel netamente superior al del Villarreal. Pero solo durante la mitad del partido.<strong> En la segunda parte asom\u00f3 una debilidad progresiva, <\/strong>no \u00fanicamente f\u00edsica, aunque haya gente que va con el gancho. Se trata de un d\u00e9ficit de convicci\u00f3n, se dir\u00eda que a los jugadores les pesa en exceso la escasa lucidez que exhiben en ataque. No reflejar su af\u00e1n atacante en el marcador acaba siendo una r\u00e9mora que les impide ser competitivos hasta la conclusi\u00f3n. De eso se benefici\u00f3 <strong>un adversario rampl\u00f3n en l\u00edneas generales, <\/strong>que se llev\u00f3 los tres puntos con una comodidad impensable visto como discurri\u00f3 el asunto hasta el intermedio.\n<\/p>\n<p class=\"article-body__text \">\n        Con un gol fue suficiente para decidir el signo del encuentro. Pudo haber entrado en cualquiera de las dos porter\u00edas, a lo largo de una amplia fase prevaleci\u00f3 la sensaci\u00f3n de que ser\u00eda el Athletic quien estrenase su casillero, lo mereci\u00f3 de hecho. Sin embargo, de alg\u00fan modo <strong>se revivi\u00f3 el guion de la anterior salida, a Mestalla, <\/strong>donde asimismo no hubo color en el primer acto, aunque los chicos de Valverde no supiesen rentabilizarlo y luego vino la roja a Vivian y ya se sabe de qu\u00e9 forma termin\u00f3 aquello. Este s\u00e1bado acabaron con once sobre el campo, eso s\u00ed, con una formaci\u00f3n bastante circunstancial salvo en defensa, pero se repiti\u00f3 la historia pues el Villarreal se recompuso y fabric\u00f3 pr\u00e1cticamente todo en ataque. <strong>Un gran chut lejano que Rego estamp\u00f3 en una escuadra pudo evitar la derrota, <\/strong>pero acaso sea mucho pedir que esa solitaria acci\u00f3n valga para neutralizar todo el flujo ofensivo que aport\u00f3 un activo Pep\u00e9.\n<\/p>\n<p>            <a href=\"https:\/\/www.deia.eus\/athletic\/2025\/09\/27\/notas-pako-ruiz-duro-galarreta-10137967.html\" title=\"Las notas de Pako Ruiz: hasta que dur\u00f3 Galarreta\" class=\"new__media\" rel=\"nofollow noopener\" target=\"_blank\"><\/p>\n<p>                <img alt=\"Las notas de Pako Ruiz: hasta que dur\u00f3 Galarreta\" data-src=\"https:\/\/www.europesays.com\/es\/wp-content\/uploads\/2025\/09\/f3fcd741-8f2e-4e4d-9cdd-bc61c88d7ef3_16-9-aspect-ratio_default_0.jpg\" class=\"lozad\"\/><\/p>\n<p>        <\/a><\/p>\n<p>        <a href=\"https:\/\/www.deia.eus\/athletic\/2025\/09\/27\/notas-pako-ruiz-duro-galarreta-10137967.html\" title=\"Las notas de Pako Ruiz: hasta que dur\u00f3 Galarreta\" class=\"new__headline\" rel=\"nofollow noopener\" target=\"_blank\"><br \/>\n            Las notas de Pako Ruiz: hasta que dur\u00f3 Galarreta<br \/>\n        <\/a><\/p>\n<p class=\"article-body__text \">\n        Si estando inmerso en una din\u00e1mica tan negativa diesen a elegir, La Cer\u00e1mica no figurar\u00eda entre los escenarios deseables. Antes se nombrar\u00edan como m\u00ednimo y de carrerilla una docena de campos m\u00e1s propicios en teor\u00eda para aspirar a un marcador reconfortante, justo lo que el Athletic buscaba con ansia. Pero nunca se sabe, por algo se suele decir que los partidos est\u00e1n para ser jugados. Y s\u00ed, no hay ninguna duda de que l<strong>a reacci\u00f3n comenzaba a ser una cuesti\u00f3n urgente<\/strong> para la tropa de Valverde. El arranque no invit\u00f3 a templar el nervio: abierto, con idas y venidas, pero pronto se registraron un par de sustos no respondidos, los intentos rojiblancos fueron repelidos por defensas sin que Junior tuviese que intervenir y <strong>Sim\u00f3n se anot\u00f3 una parada y la madera repeli\u00f3 una volea de Pep\u00e9.<\/strong>\n<\/p>\n<p class=\"article-body__text \">\n        No obstante, no tard\u00f3 en apreciarse una disposici\u00f3n correcta, ambiciosa. Suele decirse que el Athletic no sabe especular, desde luego no parec\u00eda la opci\u00f3n ideal anoche. Si hay que morir que sea peleando por la gloria, valdr\u00eda como lema para la ocasi\u00f3n. As\u00ed que, paulatinamente, pese a que<strong> no faltaron varios sobresaltos que sirvieron para ratificar la categor\u00eda de Sim\u00f3n,<\/strong> el Athletic fue amasando iniciativa, dominio, profundidad. La presi\u00f3n avanzada surt\u00eda el efecto pretendido, robos frecuentes en zonas pr\u00f3ximas al \u00e1rea local.\u00a0\n<\/p>\n<p>            <a href=\"https:\/\/www.deia.eus\/athletic\/2025\/09\/27\/siguen-problemas-medular-athletic-vesga-lesionado-10138594.html\" title=\"Siguen los problemas en la medular del Athletic: Vesga, lesionado\" class=\"new__media\" rel=\"nofollow noopener\" target=\"_blank\"><\/p>\n<p>                <img alt=\"Siguen los problemas en la medular del Athletic: Vesga, lesionado\" data-src=\"https:\/\/www.europesays.com\/es\/wp-content\/uploads\/2025\/09\/44f4e6b6-b876-445e-88fb-9683bfb41f7a_16-9-aspect-ratio_default_0.jpg\" class=\"lozad\"\/><\/p>\n<p>        <\/a><\/p>\n<p>        <a href=\"https:\/\/www.deia.eus\/athletic\/2025\/09\/27\/siguen-problemas-medular-athletic-vesga-lesionado-10138594.html\" title=\"Siguen los problemas en la medular del Athletic: Vesga, lesionado\" class=\"new__headline\" rel=\"nofollow noopener\" target=\"_blank\"><br \/>\n            Siguen los problemas en la medular del Athletic: Vesga, lesionado<br \/>\n        <\/a><\/p>\n<p class=\"article-body__text \">\n        Fruto de una t\u00f3nica que logr\u00f3 desfigurar por completo al Villarreal se sucedieron las oportunidades, dos o tres con peligro aut\u00e9ntico. <strong>La m\u00e1s clara, a cargo de Sancet,<\/strong> al desviar un tiro de Galarreta que oblig\u00f3 al meta brasile\u00f1o a repeler con una excelente estirada de pierna. En dicho lance hubo tres intentos m\u00e1s. Luego tom\u00f3 el relevo Guruzeta, a inteligente cesi\u00f3n de Sancet, y de nuevo Junior estuvo firme. Result\u00f3 evidente que, un poco recordando a lo ocurrido una semana antes, <strong>al Athletic le volvi\u00f3 a traicionar su escasa precisi\u00f3n para finalizar<\/strong> todo el caudal de juego que gener\u00f3. Demasiados centros mal dirigidos, horribles unos cuantos, o remates que se marcharon al limbo por una d\u00e9cima de segundo.\n<\/p>\n<p>            <a href=\"https:\/\/www.deia.eus\/athletic\/2025\/09\/27\/inaki-williams-nico-costando-10138583.html\" title=\"I\u00f1aki Williams: &quot;Desde que no est\u00e1 Nico nos est\u00e1 costando todo m\u00e1s&quot;\" class=\"new__media\" rel=\"nofollow noopener\" target=\"_blank\"><\/p>\n<p>                <img alt=\"I\u00f1aki Williams: &quot;Desde que no est\u00e1 Nico nos est\u00e1 costando todo m\u00e1s&quot;\" data-src=\"https:\/\/www.europesays.com\/es\/wp-content\/uploads\/2025\/09\/7023f43a-a75c-4539-b246-3d6d9d843647_16-9-aspect-ratio_default_0.jpg\" class=\"lozad\"\/><\/p>\n<p>        <\/a><\/p>\n<p>        <a href=\"https:\/\/www.deia.eus\/athletic\/2025\/09\/27\/inaki-williams-nico-costando-10138583.html\" title=\"I\u00f1aki Williams: &quot;Desde que no est\u00e1 Nico nos est\u00e1 costando todo m\u00e1s&quot;\" class=\"new__headline\" rel=\"nofollow noopener\" target=\"_blank\"><br \/>\n            I\u00f1aki Williams: \u00abDesde que no est\u00e1 Nico nos est\u00e1 costando todo m\u00e1s\u00bb<br \/>\n        <\/a><\/p>\n<p class=\"article-body__text \">\n        En suma, que siendo de agradecer el esfuerzo y la constancia por gobernar la contienda y percutir, <strong>al descanso no hab\u00eda excesivos motivos para ilusionarse.<\/strong> El equipo se ha metido en un bucle y no es f\u00e1cil adivinar la salida, cu\u00e1ndo tendr\u00e1 lugar y qu\u00e9 factores contribuir\u00e1n. Por ahora se observan unas constantes en el plano individual que afectan a mucha gente y apenas experimentan evoluci\u00f3n. As\u00ed es irremediable que su efecto no se note en la tarea colectiva. Sin ser un desastre ni mucho menos, la situaci\u00f3n se est\u00e1 alargando y causa desaz\u00f3n. Sobre todo, porque hay un instante en que el bloque deja de pitar, va decayendo y ya no se atisba la manera de voltear tal tendencia, que al final se materializa en un marcador adverso. Esta fue la historia del segundo acto frente a <strong>un Villarreal que, aparte de aprovechar su fondo de armario, no necesit\u00f3 una actuaci\u00f3n notable<\/strong> para apropiarse de los tres puntos.\n<\/p>\n<p class=\"article-body__text \">\n        Si se quiere es posible apelar al infortunio, que si se pierde el \u00fanico delantero en forma por una lesi\u00f3n anunciada entre semana y luego, en plena faena, <strong>cae lesionado Vesga al de siete minutos de entrar en el terreno<\/strong>. Bueno, a perro flaco ya se sabe y tal es la imagen que est\u00e1 transmitiendo un Athletic que no consigue un rendimiento sostenido, de principio a fin, que dure noventa minutos. En La Cer\u00e1mica volvi\u00f3 a amagar con brindar una alegr\u00eda, flirte\u00f3 con la probabilidad de romper la triste tendencia del mes, pero la inconsistencia asom\u00f3 y se tradujo en un disgusto m\u00e1s.<\/p>\n","protected":false},"excerpt":{"rendered":"Septiembre negro. A un punto y un gol en cinco compromisos se reduce el c\u00f3mputo del Athletic en&hellip;\n","protected":false},"author":2,"featured_media":143813,"comment_status":"","ping_status":"","sticky":false,"template":"","format":"standard","meta":{"footnotes":""},"categories":[268],"tags":[2182,168,25,24,280,282,21440,8918,24011,1045,281,23,167,10560],"class_list":{"0":"post-143812","1":"post","2":"type-post","3":"status-publish","4":"format-standard","5":"has-post-thumbnail","7":"category-futbol","8":"tag-athletic","9":"tag-deportes","10":"tag-es","11":"tag-espana","12":"tag-football","13":"tag-futbol","14":"tag-hace","15":"tag-largo","16":"tag-otro","17":"tag-partido","18":"tag-soccer","19":"tag-spain","20":"tag-sports","21":"tag-villarreal"},"share_on_mastodon":{"url":"","error":""},"_links":{"self":[{"href":"https:\/\/www.europesays.com\/es\/wp-json\/wp\/v2\/posts\/143812","targetHints":{"allow":["GET"]}}],"collection":[{"href":"https:\/\/www.europesays.com\/es\/wp-json\/wp\/v2\/posts"}],"about":[{"href":"https:\/\/www.europesays.com\/es\/wp-json\/wp\/v2\/types\/post"}],"author":[{"embeddable":true,"href":"https:\/\/www.europesays.com\/es\/wp-json\/wp\/v2\/users\/2"}],"replies":[{"embeddable":true,"href":"https:\/\/www.europesays.com\/es\/wp-json\/wp\/v2\/comments?post=143812"}],"version-history":[{"count":0,"href":"https:\/\/www.europesays.com\/es\/wp-json\/wp\/v2\/posts\/143812\/revisions"}],"wp:featuredmedia":[{"embeddable":true,"href":"https:\/\/www.europesays.com\/es\/wp-json\/wp\/v2\/media\/143813"}],"wp:attachment":[{"href":"https:\/\/www.europesays.com\/es\/wp-json\/wp\/v2\/media?parent=143812"}],"wp:term":[{"taxonomy":"category","embeddable":true,"href":"https:\/\/www.europesays.com\/es\/wp-json\/wp\/v2\/categories?post=143812"},{"taxonomy":"post_tag","embeddable":true,"href":"https:\/\/www.europesays.com\/es\/wp-json\/wp\/v2\/tags?post=143812"}],"curies":[{"name":"wp","href":"https:\/\/api.w.org\/{rel}","templated":true}]}}