{"id":143818,"date":"2025-09-28T08:13:09","date_gmt":"2025-09-28T08:13:09","guid":{"rendered":"https:\/\/www.europesays.com\/es\/143818\/"},"modified":"2025-09-28T08:13:09","modified_gmt":"2025-09-28T08:13:09","slug":"avance-del-capitulo-45-del-29-y-30-de-septiembre-de-renacer-la-serie-turca-de-antena-3-otro-amor-para-evren","status":"publish","type":"post","link":"https:\/\/www.europesays.com\/es\/143818\/","title":{"rendered":"Avance del cap\u00edtulo 45 del 29 y 30 de septiembre de &#8216;Renacer&#8217;, la serie turca de Antena 3: \u00bfOtro amor para Evren?"},"content":{"rendered":"<p data-journey-content=\"true\" data-node-id=\"3\" class=\"css-6wxqfj emevuu60\">Esta semana en &#8216;<a href=\"https:\/\/www.diezminutos.es\/renacer-serie-turca\/\" target=\"_blank\" data-vars-ga-outbound-link=\"https:\/\/www.diezminutos.es\/renacer-serie-turca\/\" data-vars-ga-ux-element=\"Hyperlink\" data-vars-ga-call-to-action=\"Renacer\" data-node-id=\"3.1\" class=\"body-link css-177bzfx emevuu60\" rel=\"nofollow noopener\">Renacer<\/a>&#8216;, Mehmet ingresa en el hospital y su llegada no resulta sencilla. Su hija Naz choca con Evren, quien ha decidido alargar un poco m\u00e1s su estancia en el centro m\u00e9dico. La tensi\u00f3n entre ambos es palpable desde el primer encuentro, cada mirada y cada gesto parecen chispas a punto de encenderse. Sin embargo, cuando la salud de Mehmet se complica seriamente, <strong data-node-id=\"3.3\">Naz deposita toda su confianza en Evren<\/strong> y le pide expresamente que sea \u00e9l quien opere a su padre. Aunque todos se muestran sorprendidos, <a href=\"https:\/\/www.diezminutos.es\/telenovela\/turcas\/a67959011\/renacer-capitulo-44-avance-semanal-martes-23-septiembre-serie-turca-antena-3\/\" target=\"_blank\" data-vars-ga-outbound-link=\"https:\/\/www.diezminutos.es\/telenovela\/turcas\/a67959011\/renacer-capitulo-44-avance-semanal-martes-23-septiembre-serie-turca-antena-3\/\" data-vars-ga-ux-element=\"Hyperlink\" data-vars-ga-call-to-action=\"Evren acepta el reto\" data-node-id=\"3.5\" class=\"body-link css-177bzfx emevuu60\" rel=\"nofollow noopener\">Evren acepta el reto<\/a>. Bahar, siguiendo \u00f3rdenes de Rengin, ser\u00e1 su asistente en el quir\u00f3fano; la idea no le entusiasma, pero no puede rechazarla.<\/p>\n<p><img draggable=\"true\" alt=\"renacer\" title=\"Renacer\" loading=\"lazy\" width=\"1800\" height=\"1200\" decoding=\"async\" data-nimg=\"1\" style=\"color:transparent;width:100%;height:auto;\"   src=\"https:\/\/hips.hearstapps.com\/hmg-prod\/images\/g00wtsawcaafyf-68d5260ca5a92.jpg?resize=980:*\" class=\"css-0 e1g79fud0\"\/><\/p>\n<p>Add twitter<\/p>\n<p>Evren le salva la vida a Mehmet en &#8216;Renacer&#8217;<\/p>\n<p data-journey-content=\"true\" data-node-id=\"8\" class=\"css-6wxqfj emevuu60\">Antes de la operaci\u00f3n, \u00c7agla lucha por consolidar su relaci\u00f3n con Tolga, esforz\u00e1ndose por acercarse a \u00e9l, pero la conexi\u00f3n entre ambos nunca fluye con la naturalidad que desea. Mientras tanto, <strong data-node-id=\"8.1\">Naz aprovecha cada momento<\/strong> previo a la cirug\u00eda para permanecer junto a su padre. Bahar, cada vez m\u00e1s unida a la joven, le ofrece un apoyo incondicional, fortaleciendo un v\u00ednculo de amistad sincero que ninguna de las dos esperaba.<\/p>\n<p data-journey-content=\"true\" data-node-id=\"10\" class=\"css-6wxqfj emevuu60\">La operaci\u00f3n se presenta como un desaf\u00edo may\u00fasculo. <strong data-node-id=\"10.1\">La tensi\u00f3n entre Bahar y Evren alcanza niveles insospechados<\/strong>: cruzarse en los pasillos se vuelve un suplicio, y ambos luchan por contener una pasi\u00f3n que amenaza con desbordarlos en cualquier instante. Aun as\u00ed, cumplen con su deber, concentrados en salvar la vida de Mehmet.<\/p>\n<p data-journey-content=\"true\" data-node-id=\"14\" class=\"css-6wxqfj emevuu60\">En paralelo, Umay se mete en nuevos problemas. Una pelea en la escuela obliga a Timur a asumir las consecuencias. La adolescencia de la joven se muestra rebelde y desafiante: se niega incluso a considerar la universidad. Seren intenta tranquilizar a su cu\u00f1ada, pero la situaci\u00f3n se desborda: <strong data-node-id=\"14.1\">Umay sufre un fuerte ataque de ansiedad<\/strong> y es Bahar quien logra calmarla, ausent\u00e1ndose justo cuando Mehmet est\u00e1 en quir\u00f3fano.<\/p>\n<p>El cumplea\u00f1os de Bahar se vuelve amargo en &#8216;Renacer&#8217;<img draggable=\"true\" alt=\"renacer\" title=\"Renacer\" loading=\"lazy\" width=\"2100\" height=\"1181\" decoding=\"async\" data-nimg=\"1\" style=\"color:transparent;width:100%;height:auto;\"   src=\"https:\/\/www.europesays.com\/es\/wp-content\/uploads\/2025\/09\/1759047188_547_3760593-1920x1080-68b95b715b9fc.jpg\" class=\"css-0 e1g79fud0\"\/><\/p>\n<p>Add twitter<\/p>\n<p data-journey-content=\"true\" data-node-id=\"18\" class=\"css-6wxqfj emevuu60\">Finalmente, la intervenci\u00f3n es un \u00e9xito. Evren salva a Mehmet, y Naz, emocionada, agradece al m\u00e9dico su labor, invit\u00e1ndolo a cenar como muestra de gratitud. Bahar, que ha acompa\u00f1ado a Naz durante toda la espera, comparte con ella un abrazo lleno de emoci\u00f3n y alivio. Pero la jornada no termina. Una nueva urgencia: una paciente llega con una embolia pulmonar grave. Bahar y Evren vuelven a trabajar juntos y logran salvarla. La intensidad del momento los envuelve; al final, se abrazan, incapaces de disimular lo que sienten. <strong data-node-id=\"18.1\">D\u00edas despu\u00e9s, se acerca el cumplea\u00f1os de Bahar<\/strong>. Cree que todos lo han olvidado, pero su familia le prepara una fiesta sorpresa en el restaurante de Naz. La alegr\u00eda se mezcla con la tensi\u00f3n cuando Evren aparece para cenar con Naz, dejando a Bahar desconcertada y herida.<\/p>\n<p><img src=\"https:\/\/www.europesays.com\/es\/wp-content\/uploads\/2025\/09\/1759047189_424_43af9b8f-983e-4e74-8e74-9a7479b0966b_1681831601.file\" alt=\"Headshot of Pilar Mart\u00ednez\" title=\"Headshot of Pilar Mart\u00ednez\" width=\"100%\" height=\"100%\" decoding=\"async\" loading=\"lazy\" class=\"css-o0wq4v ev8dhu53\"\/><\/p>\n<p>Pilar Mart\u00ednez es periodista especializada en contenidos de televisi\u00f3n y cultura, se gradu\u00f3 en la carrera en Periodismo en la Facultad de Ciencias de la Informaci\u00f3n (Universidad Complutense de Madrid) en el a\u00f1o 2018. Desde entonces ha pasado por las redacciones de Ecoteuve (El Economista), donde realiz\u00f3 sus primeras pr\u00e1cticas durante el verano del 2016.<\/p>\n<p>Posteriormente, concretamente, en el a\u00f1o 2017 se pas\u00f3 al grupo Hearst Espa\u00f1a, donde comenz\u00f3 su andadura en las revistas de televisi\u00f3n: Supertele, Teleprograma, Telenovela. Ahora colabora con Diez Minutos, en su versi\u00f3n web, donde se encarga de realizar los avances semanales de las ficciones diarias de moda, as\u00ed como entrevistas y art\u00edculos sobre los melodramas o telenovelas que aterrizan en nuestro pa\u00eds y aquellos que est\u00e1n por venir.<\/p>\n<p>Toda una cazadora de exclusivas. A esto, se suma su puesto como redactora jefe de la secci\u00f3n de novela narrativa en la revista Culturamas, medio digital de alto impacto al que lleva unida desde el a\u00f1o 2013. \u00c1vida lectora, cin\u00e9fila y seri\u00e9fila de primer nivel, ha hecho de su vocaci\u00f3n su oficio. \u00a0<\/p>\n","protected":false},"excerpt":{"rendered":"Esta semana en &#8216;Renacer&#8216;, Mehmet ingresa en el hospital y su llegada no resulta sencilla. Su hija Naz&hellip;\n","protected":false},"author":2,"featured_media":143819,"comment_status":"","ping_status":"","sticky":false,"template":"","format":"standard","meta":{"footnotes":""},"categories":[171],"tags":[253,146,147,25,24,23,214],"class_list":{"0":"post-143818","1":"post","2":"type-post","3":"status-publish","4":"format-standard","5":"has-post-thumbnail","7":"category-tv","8":"tag-discover","9":"tag-entertainment","10":"tag-entretenimiento","11":"tag-es","12":"tag-espana","13":"tag-spain","14":"tag-tv"},"share_on_mastodon":{"url":"","error":""},"_links":{"self":[{"href":"https:\/\/www.europesays.com\/es\/wp-json\/wp\/v2\/posts\/143818","targetHints":{"allow":["GET"]}}],"collection":[{"href":"https:\/\/www.europesays.com\/es\/wp-json\/wp\/v2\/posts"}],"about":[{"href":"https:\/\/www.europesays.com\/es\/wp-json\/wp\/v2\/types\/post"}],"author":[{"embeddable":true,"href":"https:\/\/www.europesays.com\/es\/wp-json\/wp\/v2\/users\/2"}],"replies":[{"embeddable":true,"href":"https:\/\/www.europesays.com\/es\/wp-json\/wp\/v2\/comments?post=143818"}],"version-history":[{"count":0,"href":"https:\/\/www.europesays.com\/es\/wp-json\/wp\/v2\/posts\/143818\/revisions"}],"wp:featuredmedia":[{"embeddable":true,"href":"https:\/\/www.europesays.com\/es\/wp-json\/wp\/v2\/media\/143819"}],"wp:attachment":[{"href":"https:\/\/www.europesays.com\/es\/wp-json\/wp\/v2\/media?parent=143818"}],"wp:term":[{"taxonomy":"category","embeddable":true,"href":"https:\/\/www.europesays.com\/es\/wp-json\/wp\/v2\/categories?post=143818"},{"taxonomy":"post_tag","embeddable":true,"href":"https:\/\/www.europesays.com\/es\/wp-json\/wp\/v2\/tags?post=143818"}],"curies":[{"name":"wp","href":"https:\/\/api.w.org\/{rel}","templated":true}]}}