{"id":143822,"date":"2025-09-28T08:15:10","date_gmt":"2025-09-28T08:15:10","guid":{"rendered":"https:\/\/www.europesays.com\/es\/143822\/"},"modified":"2025-09-28T08:15:10","modified_gmt":"2025-09-28T08:15:10","slug":"la-trayectoria-vital-y-artistica-de-maruja-alfaro-en-un-documental","status":"publish","type":"post","link":"https:\/\/www.europesays.com\/es\/143822\/","title":{"rendered":"La trayectoria vital y art\u00edstica de Maruja Alfaro, en un documental"},"content":{"rendered":"<p>La de <strong>Maruja Alfaro<\/strong> (Barcelona, 1930 &#8211; Palma, 2024) fue una vida digna de llevar a los escenarios que tanto amaba, o quiz\u00e1, a la gran pantalla. Naci\u00f3 en Barcelona con el nombre de Maria Alfaro Brenchat. Lleg\u00f3 a Mallorca en 1941 acompa\u00f1ando a su familia, y lo que empez\u00f3 como un viaje lleno de incertidumbre se convirti\u00f3 en el inicio de una <strong>relaci\u00f3n duradera<\/strong> con la Isla y su cultura. En Palma encontr\u00f3 un escenario donde desarrollarse como int\u00e9rprete y donde forjar una carrera que la convertir\u00eda en una de las figuras m\u00e1s reconocidas de la escena mallorquina.<\/p>\n<p>Ahora, en uno de esos teatros, el Principal de Palma, donde interpret\u00f3 su ic\u00f3nico papel de dona Obd\u00falia en Mort de Dama, acoger\u00e1 este martes 30 de septiembre el estreno del documental Maruja Alfaro. La gran dama. Detr\u00e1s est\u00e1n <strong>Nova Producciones e IB3 Televisi\u00f3<\/strong>, un filme recupera la trayectoria de una actriz cuya vida estuvo dedicada al teatro y cuyo legado forma parte de nuestra historia.<\/p>\n<p>La cinta invita a <strong>un paseo por la vida y la obra de Alfaro<\/strong>, y lo hace a partir de aquellas obras y aquellos espacios que fueron testigos de su trabajo y su pasi\u00f3n por las artes esc\u00e9nicas; siete teatros emblem\u00e1ticos de la ciudad, que marcan distintos <strong>momentos de su vida profesional<\/strong>, desde sus comienzos en la Assist\u00e8ncia Palmesana hasta el propio Principal de Palma, el Teatre del Mar, la Sala Rialto, el Mar i Terra o el Audit\u00f2rium de Palma, donde dejo una huella imborrable. Cada espacio refleja un cap\u00edtulo de su trayectoria, lleno de desaf\u00edos, logros y del <strong>amor<\/strong> que siempre puso sobre las tablas.<\/p>\n<p><img loading=\"lazy\" decoding=\"async\" src=\"https:\/\/www.europesays.com\/es\/wp-content\/uploads\/2025\/09\/3489289.jpg\" border=\"0\" alt=\"\" width=\"1434\" height=\"2048\"\/><\/p>\n<p>Maruja Alfaro. La gran dama se articula tambi\u00e9n a partir de un mosaico de voces que ayudan a reconstruir su historia. Participa<strong>n familiares y representantes del \u00e1mbito cultural<\/strong> de Mallorca, como el teatro, la literatura y la m\u00fasica. Aina Cort\u00e9s, Raphel Pherrer Gabriel Janer Manila, Carles Molinet, Francesca Bibiloni, Joan Bibiloni, Joan Carles Bestard, Josep Antoni Mendiola, Manel Barcel\u00f3, Lina Terrassa, Lina Mira, Pep Noguera, Alexandra Palomo, Pere Mestre, Pere Fullana, Aina Segura, Rafel Llad\u00f3, Toni Gomila y Bartomeu Mestre \u2018Balutxo\u2019 son solo algunos de esos rostros. Sus historias permiten dibujar un retrato colectivo e \u00edntimo, que pone de relieve <strong>tanto la faceta art\u00edstica como la humana<\/strong> de Alfaro.<\/p>\n<p>El documental, adem\u00e1s, incorpora una amplia colecci\u00f3n de materiales de archivo, como fragmentos de obras, fotograf\u00edas in\u00e9ditas, <strong>grabaciones sonoras y programas televisivos<\/strong>. Lejos de ser solo nostalgia, estos documentos ayudan a comprender c\u00f3mo Maruja Alfaro convirti\u00f3 cada funci\u00f3n en un espacio de encuentro entre p\u00fablicos de distintas generaciones. Cada actuaci\u00f3n, ensayo y compromiso con la escena contribuy\u00f3 a construir un<strong> legado que trasciende lo individual<\/strong> y se convierte en patrimonio de todos.<\/p>\n<p>El reconocimiento de Palma a su trayectoria se concret\u00f3 hace apenas unos meses con el nombramiento de un m\u00edtico espacio esc\u00e9nico en el barrio de Santa Catalina en su honor, ahora denominado <strong>Teatre Mar i Terra &#8211; Maruja Alfaro<\/strong>, un gesto que refleja la relaci\u00f3n profunda que mantuvo con la ciudad y la huella que dej\u00f3 en la memoria colectiva.<\/p>\n","protected":false},"excerpt":{"rendered":"La de Maruja Alfaro (Barcelona, 1930 &#8211; Palma, 2024) fue una vida digna de llevar a los escenarios&hellip;\n","protected":false},"author":2,"featured_media":143823,"comment_status":"","ping_status":"","sticky":false,"template":"","format":"standard","meta":{"footnotes":""},"categories":[169],"tags":[177,209,146,147,25,24,176,175,23],"class_list":{"0":"post-143822","1":"post","2":"type-post","3":"status-publish","4":"format-standard","5":"has-post-thumbnail","7":"category-cine","8":"tag-cine","9":"tag-cultura","10":"tag-entertainment","11":"tag-entretenimiento","12":"tag-es","13":"tag-espana","14":"tag-film","15":"tag-movies","16":"tag-spain"},"share_on_mastodon":{"url":"","error":""},"_links":{"self":[{"href":"https:\/\/www.europesays.com\/es\/wp-json\/wp\/v2\/posts\/143822","targetHints":{"allow":["GET"]}}],"collection":[{"href":"https:\/\/www.europesays.com\/es\/wp-json\/wp\/v2\/posts"}],"about":[{"href":"https:\/\/www.europesays.com\/es\/wp-json\/wp\/v2\/types\/post"}],"author":[{"embeddable":true,"href":"https:\/\/www.europesays.com\/es\/wp-json\/wp\/v2\/users\/2"}],"replies":[{"embeddable":true,"href":"https:\/\/www.europesays.com\/es\/wp-json\/wp\/v2\/comments?post=143822"}],"version-history":[{"count":0,"href":"https:\/\/www.europesays.com\/es\/wp-json\/wp\/v2\/posts\/143822\/revisions"}],"wp:featuredmedia":[{"embeddable":true,"href":"https:\/\/www.europesays.com\/es\/wp-json\/wp\/v2\/media\/143823"}],"wp:attachment":[{"href":"https:\/\/www.europesays.com\/es\/wp-json\/wp\/v2\/media?parent=143822"}],"wp:term":[{"taxonomy":"category","embeddable":true,"href":"https:\/\/www.europesays.com\/es\/wp-json\/wp\/v2\/categories?post=143822"},{"taxonomy":"post_tag","embeddable":true,"href":"https:\/\/www.europesays.com\/es\/wp-json\/wp\/v2\/tags?post=143822"}],"curies":[{"name":"wp","href":"https:\/\/api.w.org\/{rel}","templated":true}]}}