{"id":143835,"date":"2025-09-28T08:22:10","date_gmt":"2025-09-28T08:22:10","guid":{"rendered":"https:\/\/www.europesays.com\/es\/143835\/"},"modified":"2025-09-28T08:22:10","modified_gmt":"2025-09-28T08:22:10","slug":"senor-garamendi-no-se-pierda-poquita-fe-television","status":"publish","type":"post","link":"https:\/\/www.europesays.com\/es\/143835\/","title":{"rendered":"Se\u00f1or Garamendi, no se pierda \u2018Poquita fe\u2019 | Televisi\u00f3n"},"content":{"rendered":"<p class=\"\"><a href=\"https:\/\/elpais.com\/economia\/2025-09-25\/garamendi-ve-un-problema-de-actitud-en-espana-tu-crees-que-alcaraz-trabaja-37-horas-y-media-a-la-semana-no.html\" target=\"_blank\" rel=\"noreferrer nofollow noopener\" title=\"https:\/\/elpais.com\/economia\/2025-09-25\/garamendi-ve-un-problema-de-actitud-en-espana-tu-crees-que-alcaraz-trabaja-37-horas-y-media-a-la-semana-no.html\">El se\u00f1or Carlos Garamendi, presidente de la CEOE,<\/a> es un hombre muy ocupado que a\u00f1ora la cultura del esfuerzo. \u201c\u00bfT\u00fa te crees que Carlitos trabaja 37 horas y media a la semana? No\u201d. Se refer\u00eda al tenista Alcaraz, por si la confianza del nombre de pila en diminutivo induce a pensar que se refer\u00eda a un esclavo bonach\u00f3n y agradecido por los azotes.<\/p>\n<p>M\u00e1s informaci\u00f3n<\/p>\n<p class=\"\">No dudo de que <a href=\"https:\/\/elpais.com\/noticias\/carlos-alcaraz-garfia\/\" target=\"_blank\" rel=\"noreferrer nofollow noopener\" title=\"https:\/\/elpais.com\/noticias\/carlos-alcaraz-garfia\/\">Carlos Alcaraz<\/a> vive, sue\u00f1a, mastica, piensa y habla en tenis, pero quienes le aplauden en la grada o frente al televisor necesitan mucho tiempo libre. Si Garamendi es seguidor de Alcaraz (y la confianza del trato, ese Carlitos delator, lo se\u00f1ala como un forofo de primera), habr\u00e1 derrochado mucho tiempo en ver sus partidos. El de Sinner en Roland Garros en junio dur\u00f3 m\u00e1s de cinco horas. Yo no soy un se\u00f1or tan ocupado como Garamendi, pero no dispongo de cinco horas para perderlas viendo a dos se\u00f1ores en pantal\u00f3n corto dando raquetazos. <\/p>\n<p class=\"\">Para que no se distraiga tanto de sus obligaciones y no caiga en el absentismo laboral que tanto detesta, el se\u00f1or Garamendi necesita otra afici\u00f3n menos exigente que el tenis de Alcaraz. Le recomiendo que se enganche a <a href=\"https:\/\/elpais.com\/escaparate\/estilo-de-vida\/2025-09-24\/serie-poquita-fe-movistar-plus.html\" target=\"_blank\" rel=\"noreferrer nofollow noopener\" title=\"https:\/\/elpais.com\/escaparate\/estilo-de-vida\/2025-09-24\/serie-poquita-fe-movistar-plus.html\">Poquita fe, la mejor comedia espa\u00f1ola <\/a>desde no recuerdo cu\u00e1ndo. Son cap\u00edtulos de quince minutos, que se ven entre reuni\u00f3n y reuni\u00f3n, sin robarle tiempo a la jornada productiva. As\u00ed podr\u00e1 disfrutar de un ocio de calidad sin caer en la molicie indigna de despanzurrarse cinco horas ante un partido de tenis.<\/p>\n<p class=\"\">El \u00fanico inconveniente que le veo a Poquita fe es que, si la r\u00ede a gusto, si la disfruta como debe, le costar\u00e1 luego mucho asistir a un foro de inversores e insultar a los vagos, maleantes y malvados trabajadores que solo quieren cobrar y cobrar y pegarse la vida padre con sueldazos m\u00ednimos sin dar un palo al agua. Poquita fe le enfrentar\u00e1 con la tragedia humana desde la risa m\u00e1s c\u00f3mica. Y una vez que observas a la gente como gente, y no como variables num\u00e9ricas de una hoja de Excel, ya no hay marcha atr\u00e1s. Es un paso peligros\u00edsimo que lleva a congeniar con los perezosos, los p\u00edcaros y los que no quisieran trabajar ni siquiera esas miserables 37 horas y media. As\u00ed que ojito, se\u00f1or Garamendi: no diga que no se lo advert\u00ed si, despu\u00e9s de un par de cap\u00edtulos, en vez de sentarse a leer informes, lo que le pide el cuerpo es un taz\u00f3n de colacao con magdalenas.<\/p>\n","protected":false},"excerpt":{"rendered":"El se\u00f1or Carlos Garamendi, presidente de la CEOE, es un hombre muy ocupado que a\u00f1ora la cultura del&hellip;\n","protected":false},"author":2,"featured_media":143836,"comment_status":"","ping_status":"","sticky":false,"template":"","format":"standard","meta":{"footnotes":""},"categories":[8],"tags":[17,18,21947,25,24,13,14,11,19,20,9,10,15,16,2063,8192,23,807,12,21,22],"class_list":{"0":"post-143835","1":"post","2":"type-post","3":"status-publish","4":"format-standard","5":"has-post-thumbnail","7":"category-espana","8":"tag-breaking-news","9":"tag-breakingnews","10":"tag-ceoe","11":"tag-es","12":"tag-espana","13":"tag-featured-news","14":"tag-featurednews","15":"tag-headlines","16":"tag-latest-news","17":"tag-latestnews","18":"tag-news","19":"tag-noticias","20":"tag-noticias-destacadas","21":"tag-noticiasdestacadas","22":"tag-raul-cimas","23":"tag-series-comedia","24":"tag-spain","25":"tag-television","26":"tag-titulares","27":"tag-ultimas-noticias","28":"tag-ultimasnoticias"},"share_on_mastodon":{"url":"","error":""},"_links":{"self":[{"href":"https:\/\/www.europesays.com\/es\/wp-json\/wp\/v2\/posts\/143835","targetHints":{"allow":["GET"]}}],"collection":[{"href":"https:\/\/www.europesays.com\/es\/wp-json\/wp\/v2\/posts"}],"about":[{"href":"https:\/\/www.europesays.com\/es\/wp-json\/wp\/v2\/types\/post"}],"author":[{"embeddable":true,"href":"https:\/\/www.europesays.com\/es\/wp-json\/wp\/v2\/users\/2"}],"replies":[{"embeddable":true,"href":"https:\/\/www.europesays.com\/es\/wp-json\/wp\/v2\/comments?post=143835"}],"version-history":[{"count":0,"href":"https:\/\/www.europesays.com\/es\/wp-json\/wp\/v2\/posts\/143835\/revisions"}],"wp:featuredmedia":[{"embeddable":true,"href":"https:\/\/www.europesays.com\/es\/wp-json\/wp\/v2\/media\/143836"}],"wp:attachment":[{"href":"https:\/\/www.europesays.com\/es\/wp-json\/wp\/v2\/media?parent=143835"}],"wp:term":[{"taxonomy":"category","embeddable":true,"href":"https:\/\/www.europesays.com\/es\/wp-json\/wp\/v2\/categories?post=143835"},{"taxonomy":"post_tag","embeddable":true,"href":"https:\/\/www.europesays.com\/es\/wp-json\/wp\/v2\/tags?post=143835"}],"curies":[{"name":"wp","href":"https:\/\/api.w.org\/{rel}","templated":true}]}}