{"id":143837,"date":"2025-09-28T08:24:07","date_gmt":"2025-09-28T08:24:07","guid":{"rendered":"https:\/\/www.europesays.com\/es\/143837\/"},"modified":"2025-09-28T08:24:07","modified_gmt":"2025-09-28T08:24:07","slug":"argentina-clama-justicia-por-el-triple-feminicidio-narco-de-lara-brenda-y-morena","status":"publish","type":"post","link":"https:\/\/www.europesays.com\/es\/143837\/","title":{"rendered":"Argentina clama justicia por el triple feminicidio narco de Lara, Brenda y Morena"},"content":{"rendered":"<p class=\"\">Un desgarrador grito de \u201cjus-ti-cia\u201d recorri\u00f3 este s\u00e1bado todas las grandes ciudades de Argentina. Miles de personas salieron a las calles para repudiar el triple feminicidio de Lara Guti\u00e9rrez, de 15 a\u00f1os, y las primas Brenda del Castillo y Morena Verri, de 20 a\u00f1os, y exigir que todos los responsables vayan presos. Argentina no est\u00e1 acostumbrada a cr\u00edmenes perpetrados con tanta sa\u00f1a como el que puso fin a las vidas de estas tres j\u00f3venes. El pasado 19 de septiembre <a href=\"https:\/\/elpais.com\/argentina\/2025-09-24\/un-triple-feminicidio-a-manos-del-narco-indigna-a-argentina.html\" target=\"_blank\" rel=\"noreferrer nofollow noopener\" title=\"https:\/\/elpais.com\/argentina\/2025-09-24\/un-triple-feminicidio-a-manos-del-narco-indigna-a-argentina.html\">fueron torturadas a golpes y cuchillazos hasta la muerte<\/a>. Todo fue grabado y transmitido en vivo a m\u00e1s de 40 integrantes de la presunta banda narco que est\u00e1 acusada de haber perpetrado los asesinatos.<\/p>\n<p class=\"\">Los familiares de las v\u00edctimas encabezaron una marcha en la que se respiraba un clima de tristeza y desconcierto. \u201cNecesito saber la verdad. Necesito una verdad para mi hijo, para mi nuera, para mi otra hija\u201d, dijo ante las c\u00e1maras Antonio, el abuelo de Brenda y Morena. \u201cMorena era una chispita y Brenda era muy cari\u00f1osa\u201d, las record\u00f3 frente al Congreso argentino. Antonio asegur\u00f3 que \u201cel pa\u00eds entero est\u00e1 shockeado con lo que pas\u00f3\u201d y agradeci\u00f3 el apoyo de las miles de personas que marcharon de la Plaza de Mayo hasta el edificio legislativo. <\/p>\n<p><img fetchpriority=\"high\" decoding=\"auto\" class=\"_re  a_m-h\" height=\"276\"  width=\"414\" src=\"https:\/\/www.europesays.com\/es\/wp-content\/uploads\/2025\/09\/A3ZXDPPHFRA3JMKEMTQ3SU3TXM.jpg\" loading=\"eager\"\/>Mujeres exigen justicia para Brenda, Lara y Morena, este sabado.Anita Pouchard Serra<img decoding=\"auto\" class=\"_re lazyload a_m-h\" height=\"276\"  width=\"414\" src=\"https:\/\/www.europesays.com\/es\/wp-content\/uploads\/2025\/09\/FKBDDTIHGNCAFPGSDZSBYIOMD4.jpg\" loading=\"lazy\"\/>Vanina Biasi, candidata a la C\u00e1mara de Diputados de Argentina, durante la protesta.Anita Pouchard Serra<img decoding=\"auto\" class=\"_re lazyload a_m-h\" height=\"276\"  width=\"414\" src=\"https:\/\/www.europesays.com\/es\/wp-content\/uploads\/2025\/09\/IJ6ZSLTHYZFUFHBGI3OYKI7E6U.jpg\" loading=\"lazy\"\/>Cientos de personas marcharon desde la Plaza de Mayo hasta el Congreso Argentino.Anita Pouchard Serra<\/p>\n<p class=\"\">\u201cAgradezco a todos ustedes, a todo el barrio, a todos nuestros vecinos que hoy est\u00e1n presentes\u201d, dijo otra familiar antes de tener que interrumpir el discurso por la emoci\u00f3n. \u201cNo est\u00e1n solos, estamos con ustedes. Fuerza\u201d, los alentaron los manifestantes. <\/p>\n<p class=\"\">Lara, Brenda y Morena salieron de sus casas el viernes por la noche rumbo a una supuesta fiesta que en realidad era una trampa. Subieron enga\u00f1adas a una furgoneta que las llev\u00f3 hasta una casa de Florencio Varela, en la periferia sur de Buenos Aires, de la que no salieron con vida. Tras cinco d\u00edas de b\u00fasqueda, <a href=\"https:\/\/elpais.com\/argentina\/2025-09-24\/un-triple-feminicidio-a-manos-del-narco-indigna-a-argentina.html\" target=\"_blank\" rel=\"noreferrer nofollow noopener\" title=\"https:\/\/elpais.com\/argentina\/2025-09-24\/un-triple-feminicidio-a-manos-del-narco-indigna-a-argentina.html\">la Polic\u00eda hall\u00f3 sus cuerpos enterrados en el jard\u00edn, con m\u00faltiples signos de golpes y cortes<\/a>. A Lara le cortaron los cinco dedos de una mano y parte de la oreja antes de degollarla. A Brenda la asesinaron de un fuerte golpe en la cabeza y antes la torturaron hundi\u00e9ndole un cuchillo repetidas veces en el cuerpo. A Morena la molieron a golpes en la cara antes de romperle el cuello. Los resultados preliminares de las autopsias mostraron que gran parte de las lesiones se las provocaron en vida. <\/p>\n<p>Pedido de captura internacional<\/p>\n<p class=\"\">Hasta el momento hay 12 detenidos por el triple feminicidio. Cuatro fueron arrestados el mi\u00e9rcoles por su relaci\u00f3n con la casa donde se cometi\u00f3 el crimen. Se trata de Andr\u00e9s Parra, Miguel Villanueva Silva, Celeste Gonz\u00e1lez Guerrero y Daniela Ibarra, que est\u00e1n imputados por<b> <\/b>\u201chomicidio calificado por haber sido cometido con el concurso premeditado de dos o m\u00e1s personas, por ser cometido por alevos\u00eda y ensa\u00f1amiento y por ser cometido por un hombre contra una mujer mediante violencia de g\u00e9nero\u201d. Uno de ellos dijo a la polic\u00eda que las asesinaron porque una de ellas hab\u00eda robado cinco kilos de coca\u00edna a un capo narco, una hip\u00f3tesis a confirmar. <\/p>\n<p><img decoding=\"auto\" class=\"_re  a_m-h\" height=\"276\"  width=\"414\" src=\"https:\/\/www.europesays.com\/es\/wp-content\/uploads\/2025\/09\/D5PI37XOZFB5FJ4MVVPS3DEVIA.jpg\" loading=\"eager\"\/>Antonio, el abuelo de Brenda y Morena durante la protesta de este s\u00e1bado.Anita Pouchard Serra<img decoding=\"auto\" class=\"_re lazyload a_m-h\" height=\"276\"  width=\"414\" src=\"https:\/\/www.europesays.com\/es\/wp-content\/uploads\/2025\/09\/BU3Q6XLIKBDFBNRK5E7644RE6M.jpg\" loading=\"lazy\"\/>Familiares y amigos de las v\u00edctimas exigen la detenci\u00f3n del autor intelectual del crimen.Anita Pouchard Serra<img decoding=\"auto\" class=\"_re lazyload a_m-h\" height=\"276\"  width=\"414\" src=\"https:\/\/www.europesays.com\/es\/wp-content\/uploads\/2025\/09\/PL72M26RFVAOTCPLGGQ7AEWVPE.jpg\" loading=\"lazy\"\/>La protesta culmin\u00f3 a las afueras del Congreso argentino.Anita Pouchard Serra<\/p>\n<p class=\"\">Los otros ocho detenidos fueron arrestados en una villa miseria de Buenos Aires, acusados de integrar la organizaci\u00f3n que cometi\u00f3 los cr\u00edmenes. La Polic\u00eda busca al presunto autor intelectual, un narcotraficante peruano conocido como Peque\u00f1o J y sobre el que pesa una orden de captura internacional, y a dos sicarios. <\/p>\n<p>Bandas narcocriminales en Buenos Aires<\/p>\n<p class=\"\">El triple feminicidio ha mostrado la crueldad con la que act\u00faan las organizaciones narcocriminales y c\u00f3mo han echado ya ra\u00edces en Buenos Aires y su \u00e1rea metropolitana. Para Esteban Rodr\u00edguez Alzueta, investigador de la Universidad Nacional de Quilmes, se trata de \u201cnuevas bandas m\u00e1s r\u00fasticas, con otra prepotencia y otras expectativas, que se hacen ver y sentir a trav\u00e9s de un uso desmesurado de violencia\u201d. Seg\u00fan Rodr\u00edguez Alzueta, estas bandas usan la violencia \u201cpara mandar un mensaje a la comunidad de vecinos donde se asientan o a los otros grupos con los cuales pueden tener alguna rivalidad; o para inspirar temor o divertirse un rato\u201d. Escenas que <a href=\"https:\/\/elpais.com\/argentina\/2024-03-18\/la-narcoviolencia-estalla-en-argentina.html\" target=\"_blank\" rel=\"noreferrer nofollow noopener\" title=\"https:\/\/elpais.com\/argentina\/2024-03-18\/la-narcoviolencia-estalla-en-argentina.html\">s\u00f3lo se hab\u00edan visto en la ciudad de Rosario<\/a>, irrumpen ahora en el \u00e1rea m\u00e1s poblada del pa\u00eds. <\/p>\n<p class=\"\">Uno de los c\u00e1nticos m\u00e1s escuchados en la marcha de este s\u00e1bado acusaba a polic\u00edas y jueces de ser c\u00f3mplices de los criminales. \u201cLos barrios m\u00e1s humildes hoy los maneja el narcotr\u00e1fico con la complicidad policial, es as\u00ed\u201d, dice Vanina, due\u00f1a de un comedor popular en la ciudad bonaerense de Moreno que prefiere no dar su apellido. \u201cQuieren estigmatizar a las v\u00edctimas diciendo que quer\u00edan plata f\u00e1cil o que eran prostitutas como si por eso estuviese bien que las matasen, sin siquiera saber c\u00f3mo es la vida en nuestros barrios, las escasas opciones que se les dan a las pibas para vivir, para sobrevivir\u201d, agrega Vanina.<\/p>\n<p><img decoding=\"auto\" class=\"_re lazyload a_m-h\" height=\"276\"  width=\"414\"  src=\"https:\/\/www.europesays.com\/es\/wp-content\/uploads\/2025\/09\/4IL2JX4C6FE47K5LDZGI55NZUE.jpg\" loading=\"lazy\"\/>Cientos de mujeres marcharon exigiendo justicia por las j\u00f3venes asesinadas, en Buenos Aires.Anita Pouchard Serra<\/p>\n<p class=\"\">Rodr\u00edguez Alzueta advierte que \u201csi el Estado quiere evitar que la violencia se desmadre se necesita alg\u00fan tipo de regulaci\u00f3n\u201d. Este investigador, autor del podcast Mundo transa, se\u00f1ala que a d\u00eda de hoy la polic\u00eda es \u201cla mano invisible de las econom\u00edas criminales\u00bb, pero existe el riesgo de que estas crezcan demasiado, o, por el contrario, se atomicen y la violencia se dispare. <\/p>\n<p class=\"\">Los familiares de las v\u00edctimas reclaman que la causa pase al fuero federal por tratarse de un delito que apunta a una red narcocriminal. \u201cEst\u00e1n queriendo encubrir a alguien\u201d, insinu\u00f3 el padre de Brenda este s\u00e1bado ante la falta de respuesta a ese pedido. <\/p>\n","protected":false},"excerpt":{"rendered":"Un desgarrador grito de \u201cjus-ti-cia\u201d recorri\u00f3 este s\u00e1bado todas las grandes ciudades de Argentina. Miles de personas salieron&hellip;\n","protected":false},"author":2,"featured_media":143838,"comment_status":"","ping_status":"","sticky":false,"template":"","format":"standard","meta":{"footnotes":""},"categories":[5],"tags":[889,283,17,18,25,24,13,14,4910,11,2129,2158,19,20,1804,44446,7337,9,10,15,16,23,12,2579,21,22],"class_list":{"0":"post-143837","1":"post","2":"type-post","3":"status-publish","4":"format-standard","5":"has-post-thumbnail","7":"category-titulares","8":"tag-america","9":"tag-argentina","10":"tag-breaking-news","11":"tag-breakingnews","12":"tag-es","13":"tag-espana","14":"tag-featured-news","15":"tag-featurednews","16":"tag-feminismo","17":"tag-headlines","18":"tag-homicidios","19":"tag-justicia","20":"tag-latest-news","21":"tag-latestnews","22":"tag-latinoamerica","23":"tag-narco-terror","24":"tag-narcotrafico","25":"tag-news","26":"tag-noticias","27":"tag-noticias-destacadas","28":"tag-noticiasdestacadas","29":"tag-spain","30":"tag-titulares","31":"tag-tortura","32":"tag-ultimas-noticias","33":"tag-ultimasnoticias"},"share_on_mastodon":{"url":"","error":""},"_links":{"self":[{"href":"https:\/\/www.europesays.com\/es\/wp-json\/wp\/v2\/posts\/143837","targetHints":{"allow":["GET"]}}],"collection":[{"href":"https:\/\/www.europesays.com\/es\/wp-json\/wp\/v2\/posts"}],"about":[{"href":"https:\/\/www.europesays.com\/es\/wp-json\/wp\/v2\/types\/post"}],"author":[{"embeddable":true,"href":"https:\/\/www.europesays.com\/es\/wp-json\/wp\/v2\/users\/2"}],"replies":[{"embeddable":true,"href":"https:\/\/www.europesays.com\/es\/wp-json\/wp\/v2\/comments?post=143837"}],"version-history":[{"count":0,"href":"https:\/\/www.europesays.com\/es\/wp-json\/wp\/v2\/posts\/143837\/revisions"}],"wp:featuredmedia":[{"embeddable":true,"href":"https:\/\/www.europesays.com\/es\/wp-json\/wp\/v2\/media\/143838"}],"wp:attachment":[{"href":"https:\/\/www.europesays.com\/es\/wp-json\/wp\/v2\/media?parent=143837"}],"wp:term":[{"taxonomy":"category","embeddable":true,"href":"https:\/\/www.europesays.com\/es\/wp-json\/wp\/v2\/categories?post=143837"},{"taxonomy":"post_tag","embeddable":true,"href":"https:\/\/www.europesays.com\/es\/wp-json\/wp\/v2\/tags?post=143837"}],"curies":[{"name":"wp","href":"https:\/\/api.w.org\/{rel}","templated":true}]}}