{"id":143847,"date":"2025-09-28T08:34:06","date_gmt":"2025-09-28T08:34:06","guid":{"rendered":"https:\/\/www.europesays.com\/es\/143847\/"},"modified":"2025-09-28T08:34:06","modified_gmt":"2025-09-28T08:34:06","slug":"victoria-iglesias-apura-el-verano-en-marbella-con-un-plan-muy-top","status":"publish","type":"post","link":"https:\/\/www.europesays.com\/es\/143847\/","title":{"rendered":"Victoria Iglesias apura el verano en Marbella con un plan muy &#8216;top&#8217;"},"content":{"rendered":"<p class=\"HOLA-TEMAS_5--TEXTO-1er-PARRAFO\" id=\"eKld4hoDAZc0\" data-wc=\"66\"><strong>Victoria\u00a0Iglesias lleva todo el verano junto a su madre, Miranda Rijnsburger,<\/strong> y varios de sus hermanos <strong>en<\/strong> <strong>\u00abCuatro Lunas\u00bb, la finca que Julio Iglesias tiene en Oj\u00e9n<\/strong>, muy cerca de Marbella. <a class=\"hm-link ho-link\" href=\"https:\/\/www.hola.com\/actualidad\/20250408823154\/victoria-iglesias-toma-riendas-vida-cada-vez-mas-tiempo-espana\/\" data-mrf-recirculation=\"article-body-link\" rel=\"nofollow noopener\" target=\"_blank\">Sus d\u00edas en la localidad de la Costa del Sol transcurren entre ba\u00f1os en el mar,<\/a> partidas de golf y paseos con sus perros o a caballo por la serran\u00eda cercana a su casa.<\/p>\n<p>  <img src=\"https:\/\/www.europesays.com\/es\/wp-content\/uploads\/2025\/09\/44baefe01eab-u591710025cut.jpg\"   width=\"1080\" height=\"1800\" loading=\"lazy\" decoding=\"async\" alt=\"Victoria, con un &quot;look&quot; casual y veraniego \u2014camisa azul muy claro, &quot;minishort&quot; blanco, mocasines de ante beis y bolso trenzado c\u00e1mel al hombro\u2014 disfrut\u00f3 del evento junto a unos amigos \" fetchpriority=\"auto\" class=\"image ho-image\"\/>\u00a9 GTRESVictoria, con un \u00ablook\u00bb casual y veraniego \u2014camisa azul muy claro, \u00abminishort\u00bb blanco, mocasines de ante beis y bolso trenzado c\u00e1mel al hombro\u2014 disfrut\u00f3 del evento junto a unos amigos <\/p>\n<p class=\"HOLA-TEMAS_5a--TEXTO-NORMAL\" id=\"eIIdB6qNEK00\" data-wc=\"64\">Sin embargo, <a class=\"hm-link ho-link\" href=\"https:\/\/www.hola.com\/moda\/20250712842665\/cristina-victoria-hijas-julio-iglesias-mejores-looks-estilo\/\" data-mrf-recirculation=\"article-body-link\" rel=\"nofollow noopener\" target=\"_blank\">el pasado fin de semana acudi\u00f3 a uno de los eventos que ha puesto fin al verano marbell\u00ed<\/a> por todo lo alto. La ciudad celebr\u00f3 la <strong>Reserve Cup, uno de los torneos de p\u00e1del m\u00e1s prestigiosos del mundo<\/strong>, que sali\u00f3 por primera vez de Estados Unidos y reuni\u00f3 a algunos de los mejores jugadores del mundo en las pistas de Puente Romano.\u00a0<\/p>\n<p> <img src=\"https:\/\/www.europesays.com\/es\/wp-content\/uploads\/2025\/09\/d0e561797533-u591703011.jpg\"   width=\"1080\" height=\"1800\" loading=\"lazy\" decoding=\"async\" alt=\"Carolina Cerezuela y Carlos Moy\u00e1\" fetchpriority=\"auto\" class=\"image ho-image\"\/>\u00a9 GTRESCarolina Cerezuela y Carlos Moy\u00e1<\/p>\n<blockquote class=\"ho-bl-1081603 -no-figcaption\" cite=\"\">\n<p>Carlos Moy\u00e1, encargado de hacer el saque de honor, asisti\u00f3 con Carolina Cerezuela<\/p>\n<\/blockquote>\n<p>  <img src=\"https:\/\/www.europesays.com\/es\/wp-content\/uploads\/2025\/09\/2b2f2648c246-ep-victoria-iglesias-23.jpg\"   width=\"1080\" height=\"1800\" loading=\"lazy\" decoding=\"async\" alt=\"Victoria con Adri\u00e1n Alcina\" fetchpriority=\"auto\" class=\"image ho-image\"\/>\u00a9 Europa PressVictoria con Adri\u00e1n Alcina<\/p>\n<p class=\"HOLA-TEMAS_5a--TEXTO-NORMAL\" id=\"e-I9KkHcXw\" data-wc=\"49\">La <a class=\"hm-link ho-link\" href=\"https:\/\/www.hola.com\/moda\/20250705842372\/victoria-iglesias-invitadas-fiesta-aquazzura-roma\/\" data-mrf-recirculation=\"article-body-link\" rel=\"nofollow noopener\" target=\"_blank\">hija de Julio y Miranda asisti\u00f3 acompa\u00f1ada de varios amigos,<\/a> entre ellos<strong> A<\/strong><strong>dri\u00e1n Alcina, <\/strong>que, al igual que la joven,<strong> <\/strong>vive en Londres, donde <strong>trabaja en un fondo de inversi\u00f3n.<\/strong> Junto a ellos, Victoria se mostr\u00f3 muy relajada, disfrutando de un evento que ha mezclado deporte y espect\u00e1culo.\u00a0<\/p>\n<blockquote class=\"ho-bl-1081603 -no-figcaption\" cite=\"\">\n<p>Victoria apura sus d\u00edas en la Costa del Sol, antes de regresar a Londres, donde estudia Producci\u00f3n Cinematogr\u00e1fica<\/p>\n<\/blockquote>\n<p> <img src=\"https:\/\/www.europesays.com\/es\/wp-content\/uploads\/2025\/09\/74a7ad11f34e-966-madphoto-press-abl-19.jpg\"   width=\"1080\" height=\"1800\" loading=\"lazy\" decoding=\"async\" alt=\"Media Image\" fetchpriority=\"auto\" class=\"image ho-image\"\/>\u00a9 Madphoto Press<\/p>\n<p> <img src=\"https:\/\/www.europesays.com\/es\/wp-content\/uploads\/2025\/09\/706fbe22830d-ep-victoria-iglesias-24.jpg\"   width=\"1080\" height=\"1800\" loading=\"lazy\" decoding=\"async\" alt=\"Media Image\" fetchpriority=\"auto\" class=\"image ho-image\"\/>\u00a9 Europa Press<\/p>\n<blockquote class=\"ho-bl-1081603 -no-figcaption\" cite=\"\">\n<p>La hija de Julio Iglesias asisti\u00f3 acompa\u00f1ada por unos amigos, entre ellos, Adri\u00e1n Alcina, al que habr\u00eda conocido en Londres<\/p>\n<\/blockquote>\n<p class=\"HOLA-TEMAS_5a--TEXTO-NORMAL\" id=\"eiN37wFCJu\" data-wc=\"45\">Adem\u00e1s de <strong>reunir a grandes ases del deporte, como el ex n\u00famero uno del tenis Carlos Moy\u00e1<\/strong>, que fue el encargado de hacer el saque de honor, <strong>J<\/strong><strong>immy Butler, estrella de la NBA<\/strong>, y J<strong>oaqu\u00edn S\u00e1nchez, leyenda del f\u00fatbol<\/strong>, que actuaron como capitanes de excepci\u00f3n.<\/p>\n<p>  <img src=\"https:\/\/www.europesays.com\/es\/wp-content\/uploads\/2025\/09\/5ccf9771ac39-ep-marta-hazas-8.jpg\"   width=\"1080\" height=\"1800\" loading=\"lazy\" decoding=\"async\" alt=\"El matrimonio de actores formado por Marta Hazas y Javier Veiga\" fetchpriority=\"auto\" class=\"image ho-image\"\/>\u00a9 Europa PressEl matrimonio de actores formado por Marta Hazas y Javier Veiga<\/p>\n<p>  <img src=\"https:\/\/www.europesays.com\/es\/wp-content\/uploads\/2025\/09\/e21243d8fe70-u591703002.jpg\"   width=\"1080\" height=\"1080\" loading=\"lazy\" decoding=\"async\" alt=\"Media Image\" fetchpriority=\"auto\" class=\"image ho-image\"\/>\u00a9 GTRES<\/p>\n<p class=\"HOLA-TEMAS_5a--TEXTO-NORMAL\" id=\"eDnBnq5QD9JA\" data-wc=\"53\"><a class=\"hm-link ho-link\" href=\"https:\/\/www.hola.com\/actualidad\/20250702841576\/cristina-victoria-iglesias-marbella-vacaciones\/\" data-mrf-recirculation=\"article-body-link\" rel=\"nofollow noopener\" target=\"_blank\">A pesar de lo unida que est\u00e1 a Cristina, su gemela, esta vez su hermana prefiri\u00f3 hacer otro plan<\/a>. Pasado el \u00abimpasse\u00bb veraniego, <strong>las hermanas volver\u00e1n a separar sus caminos<\/strong>, ya que <strong>Victoria estudia Producci\u00f3n Cinematogr\u00e1fica y Actuaci\u00f3n en Londres<\/strong>, mientras que <strong>Cristina se ha instalado en Nueva York, para formarse en Moda.<\/strong><\/p>\n","protected":false},"excerpt":{"rendered":"Victoria\u00a0Iglesias lleva todo el verano junto a su madre, Miranda Rijnsburger, y varios de sus hermanos en \u00abCuatro&hellip;\n","protected":false},"author":2,"featured_media":143848,"comment_status":"","ping_status":"","sticky":false,"template":"","format":"standard","meta":{"footnotes":""},"categories":[174],"tags":[3900,517,255,3899,146,147,25,24,256,23,23860],"class_list":{"0":"post-143847","1":"post","2":"type-post","3":"status-publish","4":"format-standard","5":"has-post-thumbnail","7":"category-famosos","8":"tag-hola","9":"tag-actualidad","10":"tag-celebrities","11":"tag-contenido-sensible","12":"tag-entertainment","13":"tag-entretenimiento","14":"tag-es","15":"tag-espana","16":"tag-famosos","17":"tag-spain","18":"tag-victoria-iglesias"},"share_on_mastodon":{"url":"","error":""},"_links":{"self":[{"href":"https:\/\/www.europesays.com\/es\/wp-json\/wp\/v2\/posts\/143847","targetHints":{"allow":["GET"]}}],"collection":[{"href":"https:\/\/www.europesays.com\/es\/wp-json\/wp\/v2\/posts"}],"about":[{"href":"https:\/\/www.europesays.com\/es\/wp-json\/wp\/v2\/types\/post"}],"author":[{"embeddable":true,"href":"https:\/\/www.europesays.com\/es\/wp-json\/wp\/v2\/users\/2"}],"replies":[{"embeddable":true,"href":"https:\/\/www.europesays.com\/es\/wp-json\/wp\/v2\/comments?post=143847"}],"version-history":[{"count":0,"href":"https:\/\/www.europesays.com\/es\/wp-json\/wp\/v2\/posts\/143847\/revisions"}],"wp:featuredmedia":[{"embeddable":true,"href":"https:\/\/www.europesays.com\/es\/wp-json\/wp\/v2\/media\/143848"}],"wp:attachment":[{"href":"https:\/\/www.europesays.com\/es\/wp-json\/wp\/v2\/media?parent=143847"}],"wp:term":[{"taxonomy":"category","embeddable":true,"href":"https:\/\/www.europesays.com\/es\/wp-json\/wp\/v2\/categories?post=143847"},{"taxonomy":"post_tag","embeddable":true,"href":"https:\/\/www.europesays.com\/es\/wp-json\/wp\/v2\/tags?post=143847"}],"curies":[{"name":"wp","href":"https:\/\/api.w.org\/{rel}","templated":true}]}}