{"id":143851,"date":"2025-09-28T08:37:13","date_gmt":"2025-09-28T08:37:13","guid":{"rendered":"https:\/\/www.europesays.com\/es\/143851\/"},"modified":"2025-09-28T08:37:13","modified_gmt":"2025-09-28T08:37:13","slug":"que-peliculas-ver-hoy-domingo-en-television-de-un-exito-reciente-de-nolan-a-un-drama-de-antonio-banderas","status":"publish","type":"post","link":"https:\/\/www.europesays.com\/es\/143851\/","title":{"rendered":"Qu\u00e9 pel\u00edculas ver hoy domingo en televisi\u00f3n: de un \u00e9xito reciente de Nolan a un drama de Antonio Banderas"},"content":{"rendered":"<p class=\"v-mdl-ath__p v-mdl-ath__p--6\">\nDomingo, 28 de septiembre 2025, 01:09<\/p>\n<p class=\"v-p\">El domingo es el cl\u00e1sico d\u00eda para reunirse con la familia pero tambi\u00e9n para disfrutar por la tarde de una buena pel\u00edcula. M\u00e1s all\u00e1 de las <a href=\"https:\/\/www.lasprovincias.es\/culturas\/tv\/refugio-atomico-nueva-serie-netflix-creadores-casa-20250919151115-nt.html\" title=\"www.lasprovincias.es\" data-voc-vtm-id=\"in-text-traffic\" data-mrf-link=\"www.lasprovincias.es\" rel=\"nofollow noopener\" target=\"_blank\">plataformas de suscripci\u00f3n<\/a> que hay disponibles, la televisi\u00f3n tradicional tambi\u00e9n ofrece distintos t\u00edtulos que son interesantes. Eso s\u00ed, deber\u00e1s estar atento a la hora y la cadena en la que se emite.<\/p>\n<ol class=\"v-cmp-u-b__u\">\n<li class=\"v-cmp-u-b__l\">\n<p>\nLa 1<br \/>\n22:00 horas\n<\/p>\n<p>Oppenheimer<\/p>\n<\/li>\n<\/ol>\n<p class=\"v-p\"><strong>A\u00f1o:<\/strong>2023<\/p>\n<p class=\"v-p\"><strong>Direcci\u00f3n: <\/strong>Chistopher Nolan<\/p>\n<p class=\"v-p\"><strong>Reparto:<\/strong> Cillian Murphy, Emily Blunt, Robert Downey Jr, Matt Damon, Josh Hartnett, Florence Pugh.<\/p>\n<p class=\"v-p\"><strong>Sinopsis:<\/strong> En tiempos de guerra, el brillante f\u00edsico estadounidense Julius Robert Oppenheimer, al frente del &#8216;Proyecto Manhattan&#8217;, lidera los ensayos nucleares para construir la bomba at\u00f3mica para su pa\u00eds. Impactado por su poder destructivo, Oppenheimer se cuestiona las consecuencias morales de su creaci\u00f3n. Desde entonces y el resto de su vida, se opondr\u00eda firmemente al uso de armas nucleares.<\/p>\n<p class=\"v-p\"><strong>A\u00f1o:<\/strong>2006<\/p>\n<p class=\"v-p\"><strong>Direcci\u00f3n: <\/strong>Richard Donner<\/p>\n<p class=\"v-p\"><strong>Reparto:<\/strong> Bruce Willis, Mos Def, David Morse o Tig Fong<\/p>\n<p class=\"v-p\"><strong>Sinopsis:<\/strong> A las 8:02 de la ma\u00f1ana, el detective de la polic\u00eda de Nueva York Jack Mosley tiene encomendada una misi\u00f3n aparentemente sencilla. El delincuente Eddie Bunker est\u00e1 citado para testificar ante un gran jurado a las 10 en punto, y Mosley debe trasladarlo desde la celda al juzgado, a 16 calles de distancia. Cuando Jack, que tiene serios problemas con el alcohol, mete a Eddie en el asiento trasero de su coche y se dispone a atravesar Nueva York en hora punta, no se da cuenta de que los sigue una furgoneta. <\/p>\n<p class=\"v-p\"><strong>A\u00f1o:<\/strong>2008<\/p>\n<p class=\"v-p\"><strong>Direcci\u00f3n: <\/strong>Jeffrey Nachmanoff<\/p>\n<p class=\"v-p\"><strong>Reparto:<\/strong> Don Cheadle, Guy Pearce, Jeff Daniels, Archie Panjabi o Neal McDonough<\/p>\n<p class=\"v-p\"><strong>Sinopsis:<\/strong> El agente del FBI Roy Clayton (Guy Pearce) dirige una investigaci\u00f3n sobre una organizaci\u00f3n terrorista, responsable de varios ataques terroristas en Europa, cuyo cabecilla parece ser Samir Horn (Don Cheadle), un ex agente del gobierno norteamericano de origen musulm\u00e1n. Clayton buscar\u00e1 pistas y pruebas para descubrir si el ex agente es un traidor.<\/p>\n<p class=\"v-p\"><strong>A\u00f1o:<\/strong>2017<\/p>\n<p class=\"v-p\"><strong>Direcci\u00f3n: <\/strong>Patricia Riggen<\/p>\n<p class=\"v-p\"><strong>Reparto:<\/strong> Antonio Banderas, Rodrigo Santoro, Juliette Binoche, Mario Casas o Cote de Pablo<\/p>\n<p class=\"v-p\"><strong>Sinopsis:<\/strong> Narra los sucesos reales que ocurrieron en Chile en agosto del 2010, cuando el derrumbe de la mina San Jos\u00e9 dej\u00f3 atrapados a 33 mineros a unos 720 metros de profundidad durante 70 d\u00edas. <\/p>\n<ol class=\"v-cmp-u-b__u\">\n<li class=\"v-cmp-u-b__l\">\n<p>\nNeox<br \/>\n17:10\n<\/p>\n<p>Las vacaciones de Mr. Bean<\/p>\n<\/li>\n<\/ol>\n<p class=\"v-p\"><strong>A\u00f1o:<\/strong>2007<\/p>\n<p class=\"v-p\"><strong>Direcci\u00f3n: <\/strong>Steve Bendelack<\/p>\n<p class=\"v-p\"><strong>Reparto:<\/strong> Rowan Atkinson, Emma de Caunes, Willem Dafoe o Jean Rochefort.<\/p>\n<p class=\"v-p\"><strong>Sinopsis:<\/strong> Mister Bean decide irse de vacaciones al sur de Francia y convierte su viaje de Londres a la Costa Azul en un aut\u00e9ntico caos: por dondequiera que pasa provoca verdaderos estragos. <\/p>\n<p class=\"v-p\"><strong>A\u00f1o:<\/strong>2001<\/p>\n<p class=\"v-p\"><strong>Direcci\u00f3n: <\/strong>Michael Bay<\/p>\n<p class=\"v-p\"><strong>Reparto:<\/strong>Ben Affleck, Josh Hartnett, Kate Beckinsale, Alec Baldwin<\/p>\n<p class=\"v-p\"><strong>Sinopsis:<\/strong> A\u00f1o 1941, en plena Segunda Guerra Mundial en Europa. Rafe McCawley (Affleck) y Danny Walker (Hartnett) crecieron juntos en una zona rural estadounidense y su larga amistad se mantiene cuando ambos ingresan como pilotos en las fuerzas a\u00e9reas. Rafe encontr\u00f3 en Evelyn Johnson (Beckinsale), una valiente enfermera, al amor de su vida, pero pronto tuvieron que separarse, al ser llamado Rafe para servir en la Fuerza A\u00e9rea Brit\u00e1nica (RAF) contra los alemanes. Mientras tanto, Danny y Evelyn son enviados a la base a\u00e9rea de Pearl Harbor en Hawai. <\/p>\n<p class=\"v-p\">-Los secretos de la viuda negra. 17:45 en Antena 3.<\/p>\n<p class=\"v-p\">-La reina del mal. 19:20 en Antena 3.<\/p>\n<p class=\"v-p\">-Paradise City. 19:24 en BeMad.<\/p>\n<p class=\"v-p\">-El supercanguro. 18:55 en Neox<\/p>\n<p>Comenta<\/p>\n<p>Reporta un error<\/p>\n","protected":false},"excerpt":{"rendered":"Domingo, 28 de septiembre 2025, 01:09 El domingo es el cl\u00e1sico d\u00eda para reunirse con la familia pero&hellip;\n","protected":false},"author":2,"featured_media":143852,"comment_status":"","ping_status":"","sticky":false,"template":"","format":"standard","meta":{"footnotes":""},"categories":[171],"tags":[1247,15601,1053,1931,146,147,25,24,4518,315,14202,753,8457,23,807,214,809],"class_list":{"0":"post-143851","1":"post","2":"type-post","3":"status-publish","4":"format-standard","5":"has-post-thumbnail","7":"category-tv","8":"tag-antonio","9":"tag-banderas","10":"tag-domingo","11":"tag-drama","12":"tag-entertainment","13":"tag-entretenimiento","14":"tag-es","15":"tag-espana","16":"tag-exito","17":"tag-hoy","18":"tag-nolan","19":"tag-peliculas","20":"tag-reciente","21":"tag-spain","22":"tag-television","23":"tag-tv","24":"tag-ver"},"share_on_mastodon":{"url":"","error":""},"_links":{"self":[{"href":"https:\/\/www.europesays.com\/es\/wp-json\/wp\/v2\/posts\/143851","targetHints":{"allow":["GET"]}}],"collection":[{"href":"https:\/\/www.europesays.com\/es\/wp-json\/wp\/v2\/posts"}],"about":[{"href":"https:\/\/www.europesays.com\/es\/wp-json\/wp\/v2\/types\/post"}],"author":[{"embeddable":true,"href":"https:\/\/www.europesays.com\/es\/wp-json\/wp\/v2\/users\/2"}],"replies":[{"embeddable":true,"href":"https:\/\/www.europesays.com\/es\/wp-json\/wp\/v2\/comments?post=143851"}],"version-history":[{"count":0,"href":"https:\/\/www.europesays.com\/es\/wp-json\/wp\/v2\/posts\/143851\/revisions"}],"wp:featuredmedia":[{"embeddable":true,"href":"https:\/\/www.europesays.com\/es\/wp-json\/wp\/v2\/media\/143852"}],"wp:attachment":[{"href":"https:\/\/www.europesays.com\/es\/wp-json\/wp\/v2\/media?parent=143851"}],"wp:term":[{"taxonomy":"category","embeddable":true,"href":"https:\/\/www.europesays.com\/es\/wp-json\/wp\/v2\/categories?post=143851"},{"taxonomy":"post_tag","embeddable":true,"href":"https:\/\/www.europesays.com\/es\/wp-json\/wp\/v2\/tags?post=143851"}],"curies":[{"name":"wp","href":"https:\/\/api.w.org\/{rel}","templated":true}]}}