{"id":143855,"date":"2025-09-28T08:39:15","date_gmt":"2025-09-28T08:39:15","guid":{"rendered":"https:\/\/www.europesays.com\/es\/143855\/"},"modified":"2025-09-28T08:39:15","modified_gmt":"2025-09-28T08:39:15","slug":"tenemos-la-soga-al-cuello","status":"publish","type":"post","link":"https:\/\/www.europesays.com\/es\/143855\/","title":{"rendered":"tenemos la soga al cuello"},"content":{"rendered":"<p>\n        <strong>La pel\u00edcula <\/strong><strong>Nuremberg<\/strong>, de James Vanderbilt, honra al adagio que se atribuye a Mark Twain: \u201c<strong>La historia no se repite, pero muchas veces rima<\/strong>\u201d. Acaba de terminar la <a href=\"https:\/\/www.noticiasdegipuzkoa.eus\/tags\/segunda-guerra-mundial\/\" title=\"Segunda Guerra Mundial\" target=\"_blank\" class=\"link copy\" rel=\"nofollow noopener\">Segunda Guerra Mundial<\/a> y hay quien decide que los responsables nazis de tanta atrocidad, con Hermann G\u00f6ring (<strong>Russell Crowe<\/strong>) a la cabeza, merecen un juicio escrupuloso. Como si as\u00ed pudieran tener opci\u00f3n de escapar de su autoliquidaci\u00f3n con una soga al cuello.\n<\/p>\n<p class=\"article-body__text \">\n        Nuremberg forma parte de ese g\u00e9nero de pel\u00edculas cuyo final se sabe antes de entrar en la sala. No guarda sorpresas con el relato hist\u00f3rico ni con lo que <a href=\"https:\/\/www.noticiasdegipuzkoa.eus\/mundo\/2020\/11\/21\/juicios-nuremberg-cupula-nazi-cumplen-3734486.html\" title=\"ocurri\u00f3 con los Juicios de Nuremberg\" target=\"_blank\" class=\"link copy\" rel=\"nofollow noopener\">ocurri\u00f3 con los Juicios de Nuremberg<\/a>, pero mantiene el inter\u00e9s. <strong>Ah\u00ed reside el primer gran m\u00e9rito<\/strong>, apoyado en buenas actuaciones del elenco. El otro m\u00e9rito es que <strong>consigue esquivar esos momentos en los que pod\u00eda convertirse en una maniquea pel\u00edcula yanqui<\/strong>.\n<\/p>\n<p class=\"article-body__text \">\n        Con un soberano Russell Crowe germano-hablante (qui\u00e9n sabe si como Ralph Fiennes en C\u00f3nclave, estrenada en Donostia, el <a href=\"https:\/\/www.noticiasdegipuzkoa.eus\/cultura\/zinemaldia\/\" title=\"Zinemaldia\" target=\"_blank\" class=\"link copy\" rel=\"nofollow noopener\">Zinemaldia<\/a> lanza al australiano a la nominaci\u00f3n del Oscar), la cinta la lidera<strong> el segundo de Adolf Hitler en el III Reich<\/strong> que mat\u00f3 a seis millones de personas fuera del campo de batalla. Al responsable de millones de atrocidades. El que fue <strong>presidente del Parlamento alem\u00e1n entre 1932 y 1945<\/strong>.\n<\/p>\n<p class=\"article-body__text \">\n        Culto, soberbio, narcisista y amante de su mujer y su hija como podr\u00edamos ser cualquiera, es capaz de todo. Un personaje siniestro que tiene m\u00e1s grises de los que la r\u00e1pida caricatura dibujar\u00eda. Ah\u00ed se esconde el terror: \u201c<strong>El diablo del futuro no vestir\u00e1 botas nazis<\/strong>\u201d.\n<\/p>\n<p class=\"article-body__text \">\n        El guion, obra del propio director James Vanderbilt inspirado en el libro El nazi y el psiquiatra de Jack El-Hai, avanza como quien sube un edificio: al recorrer una planta, reina la quietud, pero en momentos de la trama, esta avanza y gira, en gran medida, gracias a la profundidad que a veces a trompicones obtienen secundarios imprescindibles como<strong> el fiscal Robert H. Jackson<\/strong> (interpretado por Michael Shannon) o <strong>el sargento Howie Triest<\/strong> (Leo Woodall).\n<\/p>\n<p>  La pugna de fondo<\/p>\n<p class=\"article-body__text \">\n        Al fondo de las peque\u00f1as historias que componen el guion \u2014quiz\u00e1 ninguna termine de ser redonda\u2014 existe un pulso entre los aliados y la jerarqu\u00eda nazi. Una pugna que el fiscal Jackson quiere conducir de manera escrupulosa, pese a que el mundo tuviera claro que aquellos nazis deb\u00edan e iban a ser liquidados. <strong>\u00bfUn juicio a esas alima\u00f1as, para qu\u00e9?, hubo quien se pregunt\u00f3<\/strong>.\n<\/p>\n<p class=\"article-body__text \">\n        Por eso result\u00f3 clave primero organizar unos juicios cre\u00edbles y despu\u00e9s, en la vista oral, ganar el enfrentamiento dial\u00e9ctico entre los fiscales y el capo G\u00f6ring. <strong>El bien enjuicia al mal, no tanto por \u00e9tica<\/strong>, sino por una raz\u00f3n b\u00e1sica: <strong>quien gana una guerra gana el derecho a ejercer la acusaci\u00f3n<\/strong>.\n<\/p>\n<p class=\"article-body__text \">\n        <strong>G\u00f6ring tambi\u00e9n pugna con el ego del psiquiatra militar Douglas Kelley<\/strong>, que llega a la c\u00e1rcel a examinar a los 22 presos. La habilidad del jerarca nazi pone contra las cuerdas al personaje de Rami Malek al tener que dar la cara por la actuaci\u00f3n de los EEUU en la Segunda Guerra Mundial. <strong>Dos antagonistas que llegan a parecer amigos<\/strong>: \u00bfse puede ser amigo de un monstruo?\n<\/p>\n<p class=\"article-body__text \">\n        Por eso Nuremberg es <strong>una cinta que rima con cada vez m\u00e1s realidades<\/strong> de la geopol\u00edtica mundial <strong>hasta la reflexi\u00f3n final, un pu\u00f1etazo en el costado<\/strong>. Para rumiarlo mientras asoman los t\u00edtulos de cr\u00e9dito que devolver\u00e1n al espectador a la realidad exterior. Esa que rima con varios versos de la pel\u00edcula, como el auge del fascismo. <strong>Esa realidad que vivimos empieza a tener una soga al cuello<\/strong>.<\/p>\n","protected":false},"excerpt":{"rendered":"La pel\u00edcula Nuremberg, de James Vanderbilt, honra al adagio que se atribuye a Mark Twain: \u201cLa historia no&hellip;\n","protected":false},"author":2,"featured_media":143856,"comment_status":"","ping_status":"","sticky":false,"template":"","format":"standard","meta":{"footnotes":""},"categories":[169],"tags":[177,1068,146,147,25,24,176,175,38176,1257,38178,44451,23],"class_list":{"0":"post-143855","1":"post","2":"type-post","3":"status-publish","4":"format-standard","5":"has-post-thumbnail","7":"category-cine","8":"tag-cine","9":"tag-cuello","10":"tag-entertainment","11":"tag-entretenimiento","12":"tag-es","13":"tag-espana","14":"tag-film","15":"tag-movies","16":"tag-nuremberg","17":"tag-pelicula","18":"tag-russell-crowe","19":"tag-soga","20":"tag-spain"},"share_on_mastodon":{"url":"","error":""},"_links":{"self":[{"href":"https:\/\/www.europesays.com\/es\/wp-json\/wp\/v2\/posts\/143855","targetHints":{"allow":["GET"]}}],"collection":[{"href":"https:\/\/www.europesays.com\/es\/wp-json\/wp\/v2\/posts"}],"about":[{"href":"https:\/\/www.europesays.com\/es\/wp-json\/wp\/v2\/types\/post"}],"author":[{"embeddable":true,"href":"https:\/\/www.europesays.com\/es\/wp-json\/wp\/v2\/users\/2"}],"replies":[{"embeddable":true,"href":"https:\/\/www.europesays.com\/es\/wp-json\/wp\/v2\/comments?post=143855"}],"version-history":[{"count":0,"href":"https:\/\/www.europesays.com\/es\/wp-json\/wp\/v2\/posts\/143855\/revisions"}],"wp:featuredmedia":[{"embeddable":true,"href":"https:\/\/www.europesays.com\/es\/wp-json\/wp\/v2\/media\/143856"}],"wp:attachment":[{"href":"https:\/\/www.europesays.com\/es\/wp-json\/wp\/v2\/media?parent=143855"}],"wp:term":[{"taxonomy":"category","embeddable":true,"href":"https:\/\/www.europesays.com\/es\/wp-json\/wp\/v2\/categories?post=143855"},{"taxonomy":"post_tag","embeddable":true,"href":"https:\/\/www.europesays.com\/es\/wp-json\/wp\/v2\/tags?post=143855"}],"curies":[{"name":"wp","href":"https:\/\/api.w.org\/{rel}","templated":true}]}}