{"id":143857,"date":"2025-09-28T08:40:10","date_gmt":"2025-09-28T08:40:10","guid":{"rendered":"https:\/\/www.europesays.com\/es\/143857\/"},"modified":"2025-09-28T08:40:10","modified_gmt":"2025-09-28T08:40:10","slug":"fc-barcelona-real-sociedad-asalto-al-liderato","status":"publish","type":"post","link":"https:\/\/www.europesays.com\/es\/143857\/","title":{"rendered":"FC Barcelona &#8211; Real Sociedad: Asalto al liderato"},"content":{"rendered":"<p>La jornada 7 de LaLiga llega con un posible giro en la cabeza de la clasificaci\u00f3n. <strong>El tropiezo del Real Madrid en el derbi madrile\u00f1o<\/strong> ha dejado la puerta abierta al Bar\u00e7a que, <strong>en caso de victoria ante la Real Sociedad, podr\u00eda situarse como l\u00edder de la competici\u00f3n<\/strong>. Una oportunidad que los culers quieren aprovechar para recuperar el pulso de LaLiga y demostrar su solidez como local.<\/p>\n<p>De vuelta a Montju\u00efc<\/p>\n<p>Este duelo de la jornada 7 de LaLiga se celebrar\u00e1 en el <strong>Estadi Ol\u00edmpic Llu\u00eds Companys<\/strong>, un escenario que quiere volver a vivir una tarde m\u00e1gica del FC Barcelona, que querr\u00e1 poner sus propios fuegos artificiales antes del Piromusical de La Merc\u00e8. Un buen regreso a Montju\u00efc que la temporada pasada presenci\u00f3 21 triunfos como local del conjunto de Hansi Flick. Los cul\u00e9s llegan decididos a llevarse los tres puntos ante la Real Sociedad, que en el precedente del curso pasado cay\u00f3 goleada por <strong>4-0<\/strong>.<\/p>\n<p>Gerard Mart\u00edn, Marc Casad\u00f3, Araujo y Lewandowski fueron los autores de aquella victoria. Una m\u00e1s en la visita de los txuri-urdin a Barcelona. Porque la <strong>Real Sociedad ha perdido en 26 de los \u00faltimos 27 encuentros<\/strong>; la \u00fanica excepci\u00f3n de esta racha es el 1-2 de 2023, cuando un Bar\u00e7a ya campe\u00f3n de Liga cay\u00f3 en la \u00faltima jornada por los goles de Merino y S\u00f8rloth. Dos piezas que ya no forman parte del conjunto vasco, que tambi\u00e9n presenta novedades en el banquillo.<\/p>\n<p>Un rival con la necesidad de despegar\u2026<\/p>\n<p>Sergio Francisco es el nuevo propietario del banquillo. Pero no ha comenzado del todo bien. Apenas consigui\u00f3 la primera victoria la pasada jornada contra el Mallorca, gracias al gol de una de sus piezas m\u00e1s importantes en ataque, Oyarzabal, asistido por Ander Barrenetxea, uno de los otros hombres que tambi\u00e9n acumula peligro ofensivo. Las tres derrotas y los dos empates en este inicio de temporada no ocultan la peligrosidad de un equipo que quiere seguir sumando de tres en tres con nombres como Kubo, Carlos Soler o Guedes.<\/p>\n<p>\u2026 contra un Bar\u00e7a coral<\/p>\n<p>Para frenar este anhelo visitante, <strong>Wojciech Szczesny<\/strong> estar\u00e1 en la porter\u00eda azulgrana, ya que Joan Garc\u00eda ser\u00e1 baja por la rotura del menisco interno de la rodilla izquierda que sufri\u00f3 en el partido contra el Oviedo. Un duelo en el que los de Hansi Flick capturaron la quinta victoria azulgrana en esta Liga. Solo un empate en el campo del Rayo Vallecano les ha privado de sumar de tres en tres.<\/p>\n<p style=\"text-align: justify;\">Todas las piezas de la coralidad est\u00e1n conectadas y preparadas para aportar. Una buena prueba de ello es que hasta nueve jugadores diferentes han marcado al menos un gol en esta Liga; cifras que ning\u00fan equipo de las cinco grandes ligas europeas puede igualar esta temporada.<\/p>\n","protected":false},"excerpt":{"rendered":"La jornada 7 de LaLiga llega con un posible giro en la cabeza de la clasificaci\u00f3n. El tropiezo&hellip;\n","protected":false},"author":2,"featured_media":143858,"comment_status":"","ping_status":"","sticky":false,"template":"","format":"standard","meta":{"footnotes":""},"categories":[93],"tags":[168,25,24,23,167,2288],"class_list":{"0":"post-143857","1":"post","2":"type-post","3":"status-publish","4":"format-standard","5":"has-post-thumbnail","7":"category-deportes","8":"tag-deportes","9":"tag-es","10":"tag-espana","11":"tag-spain","12":"tag-sports","13":"tag-text"},"share_on_mastodon":{"url":"","error":""},"_links":{"self":[{"href":"https:\/\/www.europesays.com\/es\/wp-json\/wp\/v2\/posts\/143857","targetHints":{"allow":["GET"]}}],"collection":[{"href":"https:\/\/www.europesays.com\/es\/wp-json\/wp\/v2\/posts"}],"about":[{"href":"https:\/\/www.europesays.com\/es\/wp-json\/wp\/v2\/types\/post"}],"author":[{"embeddable":true,"href":"https:\/\/www.europesays.com\/es\/wp-json\/wp\/v2\/users\/2"}],"replies":[{"embeddable":true,"href":"https:\/\/www.europesays.com\/es\/wp-json\/wp\/v2\/comments?post=143857"}],"version-history":[{"count":0,"href":"https:\/\/www.europesays.com\/es\/wp-json\/wp\/v2\/posts\/143857\/revisions"}],"wp:featuredmedia":[{"embeddable":true,"href":"https:\/\/www.europesays.com\/es\/wp-json\/wp\/v2\/media\/143858"}],"wp:attachment":[{"href":"https:\/\/www.europesays.com\/es\/wp-json\/wp\/v2\/media?parent=143857"}],"wp:term":[{"taxonomy":"category","embeddable":true,"href":"https:\/\/www.europesays.com\/es\/wp-json\/wp\/v2\/categories?post=143857"},{"taxonomy":"post_tag","embeddable":true,"href":"https:\/\/www.europesays.com\/es\/wp-json\/wp\/v2\/tags?post=143857"}],"curies":[{"name":"wp","href":"https:\/\/api.w.org\/{rel}","templated":true}]}}