{"id":143861,"date":"2025-09-28T08:43:09","date_gmt":"2025-09-28T08:43:09","guid":{"rendered":"https:\/\/www.europesays.com\/es\/143861\/"},"modified":"2025-09-28T08:43:09","modified_gmt":"2025-09-28T08:43:09","slug":"festival-de-san-sebastian-2025-los-domingos-de-alauda-ruiz-de-azua-se-alza-con-la-concha-de-oro","status":"publish","type":"post","link":"https:\/\/www.europesays.com\/es\/143861\/","title":{"rendered":"Festival de San Sebasti\u00e1n 2025: &#8216;Los domingos&#8217; de Alauda Ruiz de Az\u00faa se alza con la Concha de Oro"},"content":{"rendered":"<p>\n         Publicado<br \/>\n            28\/09\/2025 &#8211; 9:24 CEST\n            <\/p>\n<p>          <img decoding=\"async\" class=\"c-ad__placeholder__logo\" src=\"https:\/\/static.euronews.com\/website\/images\/logos\/logo-euronews-stacked-outlined-72x72-grey-9.svg\" width=\"72\" height=\"72\" alt=\"\" loading=\"lazy\"\/><br \/>\n          PUBLICIDAD<\/p>\n<p>El <a href=\"https:\/\/es.euronews.com\/cultura\/2025\/08\/26\/jennifer-lawrence-recibira-el-premio-donostia-en-el-festival-de-cine-de-san-sebastian-2025\" rel=\"nofollow noopener\" target=\"_blank\">Festival de San Sebasti\u00e1n<\/a> ha coronado este a\u00f1o a &#8216;Los domingos&#8217;, la pel\u00edcula de Alauda Ruiz de Az\u00faa que narra la historia de <strong>una adolescente de 17 a\u00f1os con vocaci\u00f3n de monja de clausura<\/strong>. Esta profunda y valiente propuesta cinematogr\u00e1fica ha logrado dividir pero sobre todo convencer al jurado, alz\u00e1ndose con la prestigiosa Concha de Oro.<\/p>\n<p>La directora y guionista, que se define como no creyente, logra hacer entender la fe de la joven protagonista interpretada por la <strong>brillante debutante Blanca Soroa<\/strong>. El filme, que cuenta con la participaci\u00f3n de &#8216;RTVE&#8217; en la producci\u00f3n, era una de las favoritas de la secci\u00f3n oficial y se consolida como una de las pel\u00edculas espa\u00f1olas del a\u00f1o.<\/p>\n<p>&#8216;Los domingos&#8217; destaca por su sutil escritura de personajes y la maestr\u00eda de Ruiz de Az\u00faa para rodar secuencias en interiores, convirti\u00e9ndose en una aut\u00e9ntica lecci\u00f3n de cine de c\u00e1mara. La pel\u00edcula no solo <strong>aborda la vocaci\u00f3n religiosa<\/strong>, sino que retrata las <strong>disfunciones familiares<\/strong>, las <strong>herencias<\/strong>, la <strong>educaci\u00f3n sexual represiva<\/strong> y las crisis de pareja con una mirada emp\u00e1tica pero implacable.<\/p>\n<p>Un palmar\u00e9s marcado por el cine espa\u00f1ol<\/p>\n<p>La ceremonia de clausura, celebrada en el Kursaal, estuvo dominada por el <strong>protagonismo del cine nacional<\/strong>, donde todas las cintas espa\u00f1olas lograron alg\u00fan reconocimiento. El Premio Especial del Jurado, segundo en importancia, fue para &#8216;Historias del buen valle&#8217; de Jos\u00e9 Luis Guer\u00edn, un ambicioso documental humanista sobre el barrio barcelon\u00e9s de Vallbona.<\/p>\n<p>En el apartado interpretativo <strong>destac\u00f3 el actor vasco Jos\u00e9 Ram\u00f3n Soroiz<\/strong>, quien comparti\u00f3 ex aequo la Concha de Plata a la mejor interpretaci\u00f3n por su papel en &#8216;Maspalomas&#8217;. Soroiz interpreta a un hombre septuagenario homosexual que, tras sufrir un ictus, se ve obligado a volver al armario en una residencia del Pa\u00eds Vasco. <\/p>\n<p>La otra mitad del premio recay\u00f3 en la <strong>actriz china Zhao Xiaohonhe por &#8216;Her heart beats in its cage&#8217;<\/strong>, donde se interpreta a s\u00ed misma como una mujer que cumpli\u00f3 10 a\u00f1os de c\u00e1rcel por matar a su marido maltratador.<\/p>\n<p>Reconocimientos destacados<\/p>\n<p>El resto del palmar\u00e9s complet\u00f3 el dominio hispano con varios galardones importantes. <strong>Joachim Lafosse<\/strong> logr\u00f3 un doble reconocimiento con la <strong>Concha de Plata a la mejor direcci\u00f3n y el premio al mejor guion<\/strong> por &#8216;Six jours ce Printemps-L\u00e0&#8217;.<\/p>\n<p>El premio a <strong>la mejor fotograf\u00eda fue para Pau Esteve<\/strong> por su trabajo en &#8216;Los tigres&#8217; de Alberto Rodr\u00edguez, un thriller ambientado entre buceadores profesionales que destaca por sus secuencias submarinas y el retrato de las instalaciones petroqu\u00edmicas del Polo Qu\u00edmico de Huelva.<\/p>\n<p>La gala tambi\u00e9n estuvo marcada por las <a href=\"https:\/\/es.euronews.com\/tag\/guerra-israel-hamas\" rel=\"nofollow noopener\" target=\"_blank\">constantes alusiones contra la masacre en Gaza<\/a>, reflejando el compromiso social del certamen. El XIX premio RTVE-Otra Mirada, que reconoce films que abordan la realidad femenina, fue para la pel\u00edcula argentina &#8216;Las corrientes&#8217; de Milagros Mumenthaler.<\/p>\n<p>Palmar\u00e9s completo del Festival de San Sebasti\u00e1n 2025<\/p>\n<ul>\n<li><strong>Concha de Oro<\/strong>: &#8216;Los domingos&#8217;, de Alauda Ruiz de Az\u00faa.<\/li>\n<li><strong>Premio Especial de jurado<\/strong>: &#8216;Historias del buen valle&#8217;, de Jos\u00e9 Luis Guer\u00edn.<\/li>\n<li><strong>Concha de Plata a la mejor direcci\u00f3n<\/strong>: Joachim Lafosse, por &#8216;Six jours ce Printemps-L\u00e0&#8217;.<\/li>\n<li><strong>Concha de Plata a la mejor interpretaci\u00f3n<\/strong>: exaequo para Jos\u00e9 Ram\u00f3n Soroiz (&#8216;Maspalomas&#8217;) y Zhao Xiaohonh (&#8216;Her heart beats in its cage&#8217;).<\/li>\n<li><strong>Concha de Plata a la mejor interpretaci\u00f3n de reparto<\/strong>: Camila Plaate (&#8216;Bel\u00e9n&#8217;).<\/li>\n<li><strong>Guion<\/strong>: Jochim Lafosse, Chlo\u00e9 Duponchelle y Paul Isma\u00ebl (&#8216;Six jours ce Printemps-L\u00e0&#8217;).<\/li>\n<li><strong>Fotograf\u00eda<\/strong>: Pau Esteve (&#8216;Los tigres&#8217;).<\/li>\n<li><strong>Premio Donostia<\/strong>: a la <a href=\"https:\/\/es.euronews.com\/cultura\/2025\/09\/26\/jennifer-lawrence-recibe-el-premio-donostia-en-un-festival-marcado-por-las-protestas-a-fav\" rel=\"nofollow noopener\" target=\"_blank\">trayectoria de Jennifer Lawrence<\/a>.<\/li>\n<\/ul>\n<p><strong>Premios fuera de la secci\u00f3n oficial<\/strong><\/p>\n<ul>\n<li><strong>Premio RTVE Otra mirada<\/strong>: &#8216;Las corrientes&#8217;, de Milagros Mumenthaler.<\/li>\n<li><strong>Premio Horizontes Latinos<\/strong>: &#8216;Un poeta&#8217;, de Sim\u00f3n Mesa Soto (Colombia).<\/li>\n<li><strong>Premio Zabaltegi-Tabakalera<\/strong>: &#8216;La torre de hielo&#8217; (Lucile Hadzihalilovic).<\/li>\n<li><strong>Premios Nuevos directores<\/strong>: &#8216;Weighless&#8217;, de Emilie Thalund (Dinamarca).<\/li>\n<li><strong>Premio del p\u00fablico a la mejor pel\u00edcula<\/strong>: &#8216;<a href=\"https:\/\/es.euronews.com\/video\/2025\/09\/04\/cineastas-de-voice-of-hind-rajab-condenan-la-deshumanizacion-en-gaza\" rel=\"nofollow noopener\" target=\"_blank\">La voz de Hind<\/a>&#8216;, de J.A. Bayona.<\/li>\n<li><strong>Premio Feroz<\/strong>: &#8216;Los domingos&#8217;, de Alauda Ruiz de Az\u00faa.<\/li>\n<li><strong>Premio Cine Vasco<\/strong>: &#8216;Los domingos&#8217;, de Alauda Ruiz de Az\u00faa.<\/li>\n<\/ul>\n","protected":false},"excerpt":{"rendered":"Publicado 28\/09\/2025 &#8211; 9:24 CEST PUBLICIDAD El Festival de San Sebasti\u00e1n ha coronado este a\u00f1o a &#8216;Los domingos&#8217;,&hellip;\n","protected":false},"author":2,"featured_media":143862,"comment_status":"","ping_status":"","sticky":false,"template":"","format":"standard","meta":{"footnotes":""},"categories":[91],"tags":[177,146,147,25,24,532,44452,6086,23],"class_list":{"0":"post-143861","1":"post","2":"type-post","3":"status-publish","4":"format-standard","5":"has-post-thumbnail","7":"category-entretenimiento","8":"tag-cine","9":"tag-entertainment","10":"tag-entretenimiento","11":"tag-es","12":"tag-espana","13":"tag-premios","14":"tag-premios-de-cine","15":"tag-san-sebastian","16":"tag-spain"},"share_on_mastodon":{"url":"","error":""},"_links":{"self":[{"href":"https:\/\/www.europesays.com\/es\/wp-json\/wp\/v2\/posts\/143861","targetHints":{"allow":["GET"]}}],"collection":[{"href":"https:\/\/www.europesays.com\/es\/wp-json\/wp\/v2\/posts"}],"about":[{"href":"https:\/\/www.europesays.com\/es\/wp-json\/wp\/v2\/types\/post"}],"author":[{"embeddable":true,"href":"https:\/\/www.europesays.com\/es\/wp-json\/wp\/v2\/users\/2"}],"replies":[{"embeddable":true,"href":"https:\/\/www.europesays.com\/es\/wp-json\/wp\/v2\/comments?post=143861"}],"version-history":[{"count":0,"href":"https:\/\/www.europesays.com\/es\/wp-json\/wp\/v2\/posts\/143861\/revisions"}],"wp:featuredmedia":[{"embeddable":true,"href":"https:\/\/www.europesays.com\/es\/wp-json\/wp\/v2\/media\/143862"}],"wp:attachment":[{"href":"https:\/\/www.europesays.com\/es\/wp-json\/wp\/v2\/media?parent=143861"}],"wp:term":[{"taxonomy":"category","embeddable":true,"href":"https:\/\/www.europesays.com\/es\/wp-json\/wp\/v2\/categories?post=143861"},{"taxonomy":"post_tag","embeddable":true,"href":"https:\/\/www.europesays.com\/es\/wp-json\/wp\/v2\/tags?post=143861"}],"curies":[{"name":"wp","href":"https:\/\/api.w.org\/{rel}","templated":true}]}}