{"id":143865,"date":"2025-09-28T08:45:11","date_gmt":"2025-09-28T08:45:11","guid":{"rendered":"https:\/\/www.europesays.com\/es\/143865\/"},"modified":"2025-09-28T08:45:11","modified_gmt":"2025-09-28T08:45:11","slug":"el-consumo-reversible-es-comprar-mucho-y-devolver-mas-de-la-mitad","status":"publish","type":"post","link":"https:\/\/www.europesays.com\/es\/143865\/","title":{"rendered":"El consumo reversible es comprar mucho y devolver m\u00e1s de la mitad"},"content":{"rendered":"<p>\n        La <a href=\"https:\/\/www.noticiasdenavarra.com\/economia-domestica\/2025\/08\/17\/cinco-cosas-jovenes-generacion-z-no-gastan-dinero-9986673.html\" title=\"Generaci\u00f3n Z\" target=\"_blank\" class=\"link copy\" rel=\"nofollow noopener\">Generaci\u00f3n Z<\/a>, que abarca a los nacidos entre 1997 y 2012, ha impulsado una nueva tendencia en el <strong>comercio online. <\/strong>Se trata del <a href=\"https:\/\/www.noticiasdenavarra.com\/tags\/consumo\/\" title=\"consumo\" target=\"_blank\" class=\"link copy\" rel=\"nofollow noopener\"><strong>consumo<\/strong><\/a><strong> reversible<\/strong>, es decir, <strong>comprar con la idea de devolver f\u00e1cilmente<\/strong> aquello que no convence. Esta pr\u00e1ctica, cada vez m\u00e1s habitual entre los j\u00f3venes, est\u00e1 detr\u00e1s del <strong>auge de las devoluciones masivas<\/strong> en plataformas como Amazon, Shein o AliExpress.\n<\/p>\n<p class=\"article-body__text \">\n        En 2024, m\u00e1s de 25 millones de personas en Espa\u00f1a hicieron compras por Internet y, seg\u00fan los expertos, la tendencia al alza se debe en buena parte a estos j\u00f3venes nativos digitales, que actualmente tienen entre 13 y 28 a\u00f1os, y que valoran la <strong>inmediatez, la comodidad y la variedad<\/strong>. El problema es que, junto a esta comodidad, tambi\u00e9n <strong>aumentan las compras impulsivas y el volumen de devoluciones<\/strong>, especialmente en sectores como la <strong>moda<\/strong>.\n<\/p>\n<p>  El origen de un h\u00e1bito<\/p>\n<p class=\"article-body__text \">\n        En cuanto a este h\u00e1bito, la <strong>pandemia<\/strong> supuso un gran<strong> punto de inflexi\u00f3n <\/strong>ya que, durante el confinamiento, el <strong>comercio electr\u00f3nico<\/strong> pas\u00f3 de ser una alternativa a convertirse en la<strong> \u00fanica opci\u00f3n<\/strong>.\u00a0\n<\/p>\n<p class=\"article-body__text \">\n        Los avances en la <strong>log\u00edstica<\/strong>, los <strong>plazos de entrega <\/strong>m\u00e1s cortos y las pol\u00edticas de <strong>devoluci\u00f3n<\/strong> m\u00e1s flexibles consolidaron este h\u00e1bito. Hoy, el hecho de poder <strong>devolver<\/strong> un producto sin complicaciones ha generado <strong>confianza y fidelidad,<\/strong> especialmente en la Generaci\u00f3n Z.\n<\/p>\n<p class=\"article-body__text \">\n        Este grupo, sin embargo, tiene algo de contradictorio y es que pese a ser <strong>el que m\u00e1s art\u00edculos compra y devuelve, <\/strong>se declara como el m\u00e1s preocupado por el medio ambiente. Seg\u00fan Fad Juventud (Fundaci\u00f3n de Ayuda contra la Drogadicci\u00f3n), uno de cada tres j\u00f3venes reconoce que las compras online le llevan a<strong> consumir cosas innecesarias<\/strong>.\n<\/p>\n<p class=\"article-photo__footer\">\n            Una joven hace una compra online junto a un perchero lleno de ropa.            Freepik        <\/p>\n<p>  Consumo impulsivo y estrat\u00e9gico<\/p>\n<p class=\"article-body__text \">\n        El <strong>clic f\u00e1cil <\/strong>ha reducido las <strong>barreras psicol\u00f3gicas del gasto<\/strong> y las plataformas digitales saben aprovecharlo con cupones, descuentos personalizados y recomendaciones autom\u00e1ticas. Adem\u00e1s, fen\u00f3menos como el <strong>quiet shopping<\/strong> \u2014navegar en tiendas online durante horas de trabajo o estudio\u2014 alimentan el <strong>impulso de comprar<\/strong>.\n<\/p>\n<p class=\"article-body__text \">\n        No obstante, los expertos coinciden en que los j\u00f3venes tambi\u00e9n son <strong>consumidores m\u00e1s estrat\u00e9gicos<\/strong>: comparan precios, buscan gangas y utilizan cada vez m\u00e1s plataformas de segunda mano.\u00a0\n<\/p>\n<p>  Sostenibilidad y devoluciones masivas<\/p>\n<p class=\"article-body__text \">\n        En el sector de la <strong>moda<\/strong>, <strong>comprar<\/strong> varias tallas o modelos <strong>con la idea de devolver<\/strong> lo que no encaje es una pr\u00e1ctica muy extendida. Sin embargo, cada devoluci\u00f3n implica m\u00e1s env\u00edos, m\u00e1s embalajes y m\u00e1s emisiones de CO\u2082, todo ello muy <strong>perjudicial<\/strong> para la salud del <strong>planeta<\/strong> Tierra que esta generaci\u00f3n dice defender.\n<\/p>\n<p>            <a href=\"https:\/\/www.noticiasdenavarra.com\/sociedad\/2025\/07\/04\/consumo-sanciona-siete-empresas-online-9837941.html\" title=\"Consumo sanciona a siete empresas online por realizar falsas rebajas\" class=\"new__media\" rel=\"nofollow noopener\" target=\"_blank\"><\/p>\n<p>                <img alt=\"Consumo sanciona a siete empresas online por realizar falsas rebajas\" data-src=\"https:\/\/www.europesays.com\/es\/wp-content\/uploads\/2025\/09\/1ff9eb01-5624-4e09-880d-35cd437c07d0_16-9-aspect-ratio_default_0.jpg\" class=\"lozad\"\/><\/p>\n<p>        <\/a><\/p>\n<p>        <a href=\"https:\/\/www.noticiasdenavarra.com\/sociedad\/2025\/07\/04\/consumo-sanciona-siete-empresas-online-9837941.html\" title=\"Consumo sanciona a siete empresas online por realizar falsas rebajas\" class=\"new__headline\" rel=\"nofollow noopener\" target=\"_blank\"><br \/>\n            Consumo sanciona a siete empresas online por realizar falsas rebajas<br \/>\n        <\/a><\/p>\n<p>  H\u00e1bitos de consumo responsable<\/p>\n<p class=\"article-body__text \">\n        El reto, por lo tanto, no es frenar el comercio online, sino educar en un <strong>consumo m\u00e1s consciente<\/strong>. Estas son algunas claves:\n<\/p>\n<p>  1- Fomentar el pensamiento cr\u00edtico<\/p>\n<p class=\"article-body__text \">\n        Los j\u00f3venes deben aprender a <strong>cuestionar<\/strong> la publicidad y <strong>reflexionar<\/strong> sobre si realmente necesitan lo que van a comprar.\u00a0\n<\/p>\n<p>  2- Ense\u00f1arles a ahorrar e invertir<\/p>\n<p class=\"article-body__text \">\n        Crear un <strong>presupuesto<\/strong> personal y destinar parte de sus ingresos al <strong>ahorro<\/strong> ayuda a frenar el consumo impulsivo.\u00a0\n<\/p>\n<p>  3- Valorar los productos sostenibles<\/p>\n<p class=\"article-body__text \">\n        Apostar por <strong>art\u00edculos duraderos, reciclables<\/strong> o producidos de manera \u00e9tica permite reducir el ciclo de compra-devoluci\u00f3n.\u00a0\n<\/p>\n<p>            <a href=\"https:\/\/www.noticiasdenavarra.com\/economia-domestica\/2025\/08\/22\/cual-es-el-orden-que-debes-seguir-al-hacer-la-compra-10003511.html\" title=\"Este es el orden en el que debes coger los productos al hacer la compra\" class=\"new__media\" rel=\"nofollow noopener\" target=\"_blank\"><\/p>\n<p>                <img alt=\"Este es el orden en el que debes coger los productos al hacer la compra\" data-src=\"https:\/\/www.europesays.com\/es\/wp-content\/uploads\/2025\/09\/ae24b35c-91f7-4792-b822-aa3e82951c1e_16-9-aspect-ratio_default_0.jpg\" class=\"lozad\"\/><\/p>\n<p>        <\/a><\/p>\n<p>        <a href=\"https:\/\/www.noticiasdenavarra.com\/economia-domestica\/2025\/08\/22\/cual-es-el-orden-que-debes-seguir-al-hacer-la-compra-10003511.html\" title=\"Este es el orden en el que debes coger los productos al hacer la compra\" class=\"new__headline\" rel=\"nofollow noopener\" target=\"_blank\"><br \/>\n            Este es el orden en el que debes coger los productos al hacer la compra<br \/>\n        <\/a><\/p>\n<p>  4- Dar ejemplo en casa y en la escuela<\/p>\n<p class=\"article-body__text \">\n        Padres y educadores deben <strong>modelar el comportamiento<\/strong> que esperan: reciclar, ahorrar energ\u00eda, optar por el transporte p\u00fablico o apoyar a empresas responsables.\u00a0\n<\/p>\n<p>  5- Fomentar la colaboraci\u00f3n y el compartir<\/p>\n<p class=\"article-body__text \">\n        <strong>Iniciativas<\/strong> como el intercambio de ropa, las bibliotecas de objetos o los proyectos comunitarios refuerzan la idea de que<strong> no siempre es necesario comprar algo nuevo<\/strong>.\n<\/p>\n<p class=\"article-body__text \">\n        La Generaci\u00f3n Z, que ha cambiado la forma de comprar para siempre, tiene en sus manos la posibilidad de predicar y practicar un <strong>consumo responsable<\/strong> para proteger m\u00e1s a ese mundo que tanto aseguran querer cuidar.<\/p>\n","protected":false},"excerpt":{"rendered":"La Generaci\u00f3n Z, que abarca a los nacidos entre 1997 y 2012, ha impulsado una nueva tendencia en&hellip;\n","protected":false},"author":2,"featured_media":143866,"comment_status":"","ping_status":"","sticky":false,"template":"","format":"standard","meta":{"footnotes":""},"categories":[80],"tags":[82,1410,3213,15259,95,94,25,24,44454,9763,44453,23],"class_list":{"0":"post-143865","1":"post","2":"type-post","3":"status-publish","4":"format-standard","5":"has-post-thumbnail","7":"category-economia","8":"tag-business","9":"tag-comprar","10":"tag-consumo","11":"tag-devolver","12":"tag-economia","13":"tag-economy","14":"tag-es","15":"tag-espana","16":"tag-generacion-z","17":"tag-mucho","18":"tag-reversible","19":"tag-spain"},"share_on_mastodon":{"url":"","error":""},"_links":{"self":[{"href":"https:\/\/www.europesays.com\/es\/wp-json\/wp\/v2\/posts\/143865","targetHints":{"allow":["GET"]}}],"collection":[{"href":"https:\/\/www.europesays.com\/es\/wp-json\/wp\/v2\/posts"}],"about":[{"href":"https:\/\/www.europesays.com\/es\/wp-json\/wp\/v2\/types\/post"}],"author":[{"embeddable":true,"href":"https:\/\/www.europesays.com\/es\/wp-json\/wp\/v2\/users\/2"}],"replies":[{"embeddable":true,"href":"https:\/\/www.europesays.com\/es\/wp-json\/wp\/v2\/comments?post=143865"}],"version-history":[{"count":0,"href":"https:\/\/www.europesays.com\/es\/wp-json\/wp\/v2\/posts\/143865\/revisions"}],"wp:featuredmedia":[{"embeddable":true,"href":"https:\/\/www.europesays.com\/es\/wp-json\/wp\/v2\/media\/143866"}],"wp:attachment":[{"href":"https:\/\/www.europesays.com\/es\/wp-json\/wp\/v2\/media?parent=143865"}],"wp:term":[{"taxonomy":"category","embeddable":true,"href":"https:\/\/www.europesays.com\/es\/wp-json\/wp\/v2\/categories?post=143865"},{"taxonomy":"post_tag","embeddable":true,"href":"https:\/\/www.europesays.com\/es\/wp-json\/wp\/v2\/tags?post=143865"}],"curies":[{"name":"wp","href":"https:\/\/api.w.org\/{rel}","templated":true}]}}