{"id":143869,"date":"2025-09-28T08:47:09","date_gmt":"2025-09-28T08:47:09","guid":{"rendered":"https:\/\/www.europesays.com\/es\/143869\/"},"modified":"2025-09-28T08:47:09","modified_gmt":"2025-09-28T08:47:09","slug":"tellado-contrapone-las-propuestas-del-pp-en-inmigracion-infraestructuras-e-igualdad-frente-a-laverguenza-internacional-del-gobierno-de-sanchez","status":"publish","type":"post","link":"https:\/\/www.europesays.com\/es\/143869\/","title":{"rendered":"Tellado contrapone las propuestas del PP en inmigraci\u00f3n, infraestructuras e igualdad frente a la\u201cverg\u00fcenza internacional\u201d del Gobierno de S\u00e1nchez"},"content":{"rendered":"<p><strong>En la cumbre de presidentes auton\u00f3micos del PP en Murcia<\/strong><\/p>\n<p>\u00b7\u00a0\u00a0\u00a0\u00a0\u00a0El secretario general del PP, Miguel Tellado, contrapone el trabajo del PP \u201cal servicio de los espa\u00f1oles\u201d durante este fin de semana con un sanchismo ocupado en los juzgados:\u00a0<strong>\u201cLa mujer del presidente del Gobierno citada una vez m\u00e1s, para escarnio de S\u00e1nchez y todo su s\u00e9quito, para verg\u00fcenza internacional\u201d<\/strong><br \/>\u00b7\u00a0\u00a0\u00a0\u00a0\u00a0Afirma que la reuni\u00f3n de Alberto N\u00fa\u00f1ez Feij\u00f3o con los presidentes auton\u00f3micos del PP en Murcia\u00a0<strong>busca \u201crecuperar el principio de igualdad real\u201d<\/strong>\u00a0frente\u00a0<strong>\u201cal feminismo de pancarta y campa\u00f1a electoral que practica el Gobierno que m\u00e1s da\u00f1o ha hecho a las mujeres\u201d<\/strong><br \/>\u00b7\u00a0\u00a0\u00a0\u00a0\u00a0Subraya que S\u00e1nchez \u201cdebe irse\u201d, ya que\u00a0<strong>\u201cpol\u00edticamente est\u00e1 sentenciado desde hace tiempo, y permitir que los espa\u00f1oles elijan un Gobierno limpio\u201d<\/strong><br \/>\u00b7\u00a0\u00a0\u00a0\u00a0\u00a0Recuerda que las autonom\u00edas del PP representan al 70% de los espa\u00f1oles y est\u00e1n sirviendo de\u00a0<strong>\u201csalvavidas\u201d<\/strong>\u00a0ante \u201c<strong>el naufragio del Gobierno de S\u00e1nchez\u201d<\/strong><br \/>\u00b7\u00a0\u00a0\u00a0\u00a0\u00a0Califica de\u00a0<strong>\u201cinaceptable\u201d el fallo de las pulseras antimaltrato<\/strong>\u00a0y, por ello, exige la dimisi\u00f3n de la ministra Ana Redondo y la realizaci\u00f3n de una\u00a0<strong>auditor\u00eda externa del sistema<\/strong>\u00a0empleado, as\u00ed como que\u00a0<strong>se trasladen los resultados a las comunidades aut\u00f3nomas<\/strong>: \u201cPrometemos devolver al Gobierno de Espa\u00f1a la lucha por la igualdad real\u201d<br \/>\u00b7\u00a0\u00a0\u00a0\u00a0\u00a0Avanza que el PP est\u00e1 trabajando en un cat\u00e1logo integral de soluciones que incluye un plan de contingencia para el servicio ferroviario, recuperar las indemnizaciones por retrasos en el AVE y, tambi\u00e9n, un\u00a0<strong>Plan Nacional de Infraestructuras de Movilidad que vuelva a activar la \u201cinversi\u00f3n perdida en estos a\u00f1os sin Presupuestos\u201d<\/strong><br \/>\u00b7\u00a0\u00a0\u00a0\u00a0\u00a0Arremete contra S\u00e1nchez y el ministro Puente por llevar al servicio ferroviario al caos y por\u00a0<strong>\u201cabandonar\u201d a la Espa\u00f1a rural<\/strong>, reduciendo las paradas y las frecuencias de los trenes<br \/>\u00b7\u00a0\u00a0\u00a0\u00a0\u00a0Considera la pol\u00edtica migratoria uno de los desaf\u00edos m\u00e1s grandes de Espa\u00f1a en la actualidad y reafirma el compromiso del PP en\u00a0<strong>recuperar el orden y la ley, proteger las fronteras, luchar contra las mafias, expulsar a los que vengan a delinquir y garantizar la integraci\u00f3n de quien viene a sumar<\/strong><br \/>\u00b7\u00a0\u00a0\u00a0\u00a0\u00a0<strong>\u201cNos guiar\u00e1 una m\u00e1xima: contribuir tiene que ser condici\u00f3n para permanecer. Las ayudas sociales no pueden convertirse en un efecto llamada a la ilegalidad. El Ingreso M\u00ednimo Vital naci\u00f3 para proteger a quien lo necesita de verdad, no para convertirse en efecto llamada\u201d<\/strong>, subraya<br \/>\u00b7\u00a0\u00a0\u00a0\u00a0\u00a0Dice que la gesti\u00f3n de la inmigraci\u00f3n del Gobierno supone un \u201cagravio\u201d para las familias que cotizan, para los aut\u00f3nomos, para los parados que han contribuido al sistema y para\u00a0<strong>\u201clos cientos de miles de inmigrantes que se esfuerzan cada d\u00eda\u201d<\/strong><\/p>\n","protected":false},"excerpt":{"rendered":"En la cumbre de presidentes auton\u00f3micos del PP en Murcia \u00b7\u00a0\u00a0\u00a0\u00a0\u00a0El secretario general del PP, Miguel Tellado, contrapone&hellip;\n","protected":false},"author":2,"featured_media":143870,"comment_status":"","ping_status":"","sticky":false,"template":"","format":"standard","meta":{"footnotes":""},"categories":[8],"tags":[17,18,25,24,13,14,11,19,20,9,10,15,16,23,12,21,22],"class_list":{"0":"post-143869","1":"post","2":"type-post","3":"status-publish","4":"format-standard","5":"has-post-thumbnail","7":"category-espana","8":"tag-breaking-news","9":"tag-breakingnews","10":"tag-es","11":"tag-espana","12":"tag-featured-news","13":"tag-featurednews","14":"tag-headlines","15":"tag-latest-news","16":"tag-latestnews","17":"tag-news","18":"tag-noticias","19":"tag-noticias-destacadas","20":"tag-noticiasdestacadas","21":"tag-spain","22":"tag-titulares","23":"tag-ultimas-noticias","24":"tag-ultimasnoticias"},"share_on_mastodon":{"url":"","error":""},"_links":{"self":[{"href":"https:\/\/www.europesays.com\/es\/wp-json\/wp\/v2\/posts\/143869","targetHints":{"allow":["GET"]}}],"collection":[{"href":"https:\/\/www.europesays.com\/es\/wp-json\/wp\/v2\/posts"}],"about":[{"href":"https:\/\/www.europesays.com\/es\/wp-json\/wp\/v2\/types\/post"}],"author":[{"embeddable":true,"href":"https:\/\/www.europesays.com\/es\/wp-json\/wp\/v2\/users\/2"}],"replies":[{"embeddable":true,"href":"https:\/\/www.europesays.com\/es\/wp-json\/wp\/v2\/comments?post=143869"}],"version-history":[{"count":0,"href":"https:\/\/www.europesays.com\/es\/wp-json\/wp\/v2\/posts\/143869\/revisions"}],"wp:featuredmedia":[{"embeddable":true,"href":"https:\/\/www.europesays.com\/es\/wp-json\/wp\/v2\/media\/143870"}],"wp:attachment":[{"href":"https:\/\/www.europesays.com\/es\/wp-json\/wp\/v2\/media?parent=143869"}],"wp:term":[{"taxonomy":"category","embeddable":true,"href":"https:\/\/www.europesays.com\/es\/wp-json\/wp\/v2\/categories?post=143869"},{"taxonomy":"post_tag","embeddable":true,"href":"https:\/\/www.europesays.com\/es\/wp-json\/wp\/v2\/tags?post=143869"}],"curies":[{"name":"wp","href":"https:\/\/api.w.org\/{rel}","templated":true}]}}