{"id":143908,"date":"2025-09-28T09:11:07","date_gmt":"2025-09-28T09:11:07","guid":{"rendered":"https:\/\/www.europesays.com\/es\/143908\/"},"modified":"2025-09-28T09:11:07","modified_gmt":"2025-09-28T09:11:07","slug":"la-comunidad-de-madrid-finaliza-la-restauracion-de-la-laguna-de-soto-de-las-cuevas-en-el-parque-regional-del-sureste-para-ampliar-su-riqueza-natural","status":"publish","type":"post","link":"https:\/\/www.europesays.com\/es\/143908\/","title":{"rendered":"La Comunidad de Madrid finaliza la restauraci\u00f3n de la Laguna de Soto de las Cuevas en el Parque Regional del Sureste para ampliar su riqueza natural"},"content":{"rendered":"<p>Los t\u00e9cnicos medioambientales han mejorado su geomorfolog\u00eda, adem\u00e1s de crear dos islas artificiales fijas, mediante la aportaci\u00f3n de tierras del r\u00edo Tajo, y una flotante que permite aumentar la biodiversidad. Asimismo, se ha realizado un dragado parcial de un ap\u00e9ndice de la laguna para dejar aguas someras; mejorado las infraestructuras de uso p\u00fablico mediante una nueva se\u00f1alizaci\u00f3n interpretativa y rehabilitado dos observatorios de aves. Tambi\u00e9n se han colocado cajas-nido para especies como el c\u00e1rabo com\u00fan o la cerceta pardilla, y retirado residuos y de combustibles secos.<\/p>\n<p>El Gobierno madrile\u00f1o invertir\u00e1 11 millones de euros la mejora de humedales y h\u00e1bitats en diez a\u00f1os, incluidas en el Plan de Actuaci\u00f3n de Humedales Catalogados. Desde su aprobaci\u00f3n en 2020, se han destinado a cinco a las Canteras de Alpedrete, El Campillo en Rivas o la mejora de l\u00e1minas de agua de San Juan en Chinch\u00f3n, entre otros.<\/p>\n<p>La Laguna de Soto de las Cuevas se localiza en la subcuenca del Jarama y forma parte del Parque Regional del Sureste. Est\u00e1 incluida en la Zona de Especial Protecci\u00f3n para las Aves Cortados y cantiles de los r\u00edos Jarama y Manzanares, y en la Zona de Especial Conservaci\u00f3n Vegas, cuestas y p\u00e1ramos del Sureste de Madrid, dentro de la Red Natura 2000. Asimismo, forma parte del Cat\u00e1logo de Embalses y Humedales de la Comunidad de Madrid y del Inventario Nacional de Zonas H\u00famedas.<\/p>\n<p>El origen de esta laguna data de las actividades mineras desarrolladas en la segunda mitad del siglo XX. La extracci\u00f3n de arenas y gravas para la construcci\u00f3n afect\u00f3 a sus orillas, as\u00ed como a la fauna y flora del entorno. Con este proyecto no solo se ha mejorado la biodiversidad, sino tambi\u00e9n se han sumado hect\u00e1reas naturales al medio ambiente.<\/p>\n","protected":false},"excerpt":{"rendered":"Los t\u00e9cnicos medioambientales han mejorado su geomorfolog\u00eda, adem\u00e1s de crear dos islas artificiales fijas, mediante la aportaci\u00f3n de&hellip;\n","protected":false},"author":2,"featured_media":143909,"comment_status":"","ping_status":"","sticky":false,"template":"","format":"standard","meta":{"footnotes":""},"categories":[5],"tags":[17,18,25,24,13,14,11,19,20,9,10,15,16,23,12,21,22],"class_list":{"0":"post-143908","1":"post","2":"type-post","3":"status-publish","4":"format-standard","5":"has-post-thumbnail","7":"category-titulares","8":"tag-breaking-news","9":"tag-breakingnews","10":"tag-es","11":"tag-espana","12":"tag-featured-news","13":"tag-featurednews","14":"tag-headlines","15":"tag-latest-news","16":"tag-latestnews","17":"tag-news","18":"tag-noticias","19":"tag-noticias-destacadas","20":"tag-noticiasdestacadas","21":"tag-spain","22":"tag-titulares","23":"tag-ultimas-noticias","24":"tag-ultimasnoticias"},"share_on_mastodon":{"url":"","error":""},"_links":{"self":[{"href":"https:\/\/www.europesays.com\/es\/wp-json\/wp\/v2\/posts\/143908","targetHints":{"allow":["GET"]}}],"collection":[{"href":"https:\/\/www.europesays.com\/es\/wp-json\/wp\/v2\/posts"}],"about":[{"href":"https:\/\/www.europesays.com\/es\/wp-json\/wp\/v2\/types\/post"}],"author":[{"embeddable":true,"href":"https:\/\/www.europesays.com\/es\/wp-json\/wp\/v2\/users\/2"}],"replies":[{"embeddable":true,"href":"https:\/\/www.europesays.com\/es\/wp-json\/wp\/v2\/comments?post=143908"}],"version-history":[{"count":0,"href":"https:\/\/www.europesays.com\/es\/wp-json\/wp\/v2\/posts\/143908\/revisions"}],"wp:featuredmedia":[{"embeddable":true,"href":"https:\/\/www.europesays.com\/es\/wp-json\/wp\/v2\/media\/143909"}],"wp:attachment":[{"href":"https:\/\/www.europesays.com\/es\/wp-json\/wp\/v2\/media?parent=143908"}],"wp:term":[{"taxonomy":"category","embeddable":true,"href":"https:\/\/www.europesays.com\/es\/wp-json\/wp\/v2\/categories?post=143908"},{"taxonomy":"post_tag","embeddable":true,"href":"https:\/\/www.europesays.com\/es\/wp-json\/wp\/v2\/tags?post=143908"}],"curies":[{"name":"wp","href":"https:\/\/api.w.org\/{rel}","templated":true}]}}