{"id":143920,"date":"2025-09-28T09:19:09","date_gmt":"2025-09-28T09:19:09","guid":{"rendered":"https:\/\/www.europesays.com\/es\/143920\/"},"modified":"2025-09-28T09:19:09","modified_gmt":"2025-09-28T09:19:09","slug":"el-caceres-cumple-en-getafe-y-este-domingo-conocera-si-se-clasifica-para-dieciseisavos","status":"publish","type":"post","link":"https:\/\/www.europesays.com\/es\/143920\/","title":{"rendered":"El C\u00e1ceres cumple en Getafe y este domingo conocer\u00e1 si se clasifica para dieciseisavos"},"content":{"rendered":"<p class=\"ft-text ft-helper-closenews\">Cumpli\u00f3 el<strong> C\u00e1ceres Basket con su misi\u00f3n de vencer en casa del Getafe (78-80)<\/strong>, pero ello no le asegura una plaza en los dieciseisavos de final de la Copa Espa\u00f1a. <strong>Ello lo podr\u00e1 conocer este domingo en funci\u00f3n de los resultados que se den.<\/strong><\/p>\n<p class=\"ft-text\">Fue un encuentro muy equilibrado, en el que al final los de<strong> Jacinto Carbajal estuvieron m\u00e1s acertados para poder llevarse el triunfo.<\/strong> Sin embargo, los madrile\u00f1os, de la mano de Akimwole y Parra, ambos con 19 puntos, estuvieron cerca tambi\u00e9n del \u00e9xito.<\/p>\n<p class=\"ft-text\">Los parciales son bien indicativos del equilibro que hubo en la cancha getafense: imponi\u00e9ndose los locales en el primero (19-15) los cacere\u00f1os en el segundo (17-23) y ser los \u00faltimos especialmente igualados, con 25-24 y 17-18.<\/p>\n<p>Los nombres<\/p>\n<p class=\"ft-text\">En los extreme\u00f1os el mejor volvi\u00f3 a ser <strong>Leveque, due\u00f1o y se\u00f1or de las zonas, con 21 puntos y 10 rebotes.<\/strong> Adem\u00e1s, saltaron a pista <strong>Mendes (4). Palazuelos (11), Foreman (10), Mazaira (9), Luis Garcia (3), Strikker (11), Nico Marina (9) y Albert Lafuente, <\/strong>el \u00fanico jugador que no anot\u00f3 por los extreme\u00f1os.<\/p>\n<p class=\"ft-text\">Ahora, adem\u00e1s de conocerse si contin\u00faa el equipo en Copa Espa\u00f1a, todo se quiere centrar realmente en el inicio liguero en la Segunda FEB del pr\u00f3ximo fin de semana an pista el Castillo de Gorraiz Valle de Egu\u00e9s navarro.<\/p>\n<p data-close=\"closedContent\" class=\"subscribeHideForDisplay\">Suscr\u00edbete para seguir leyendo<\/p>\n","protected":false},"excerpt":{"rendered":"Cumpli\u00f3 el C\u00e1ceres Basket con su misi\u00f3n de vencer en casa del Getafe (78-80), pero ello no le&hellip;\n","protected":false},"author":2,"featured_media":143921,"comment_status":"","ping_status":"","sticky":false,"template":"","format":"standard","meta":{"footnotes":""},"categories":[269],"tags":[299,298,3975,3976,32236,7677,634,168,1053,25,24,13723,38390,3977,23,167],"class_list":{"0":"post-143920","1":"post","2":"type-post","3":"status-publish","4":"format-standard","5":"has-post-thumbnail","7":"category-baloncesto","8":"tag-baloncesto","9":"tag-basketball","10":"tag-caceres","11":"tag-caceres-basket","12":"tag-conocera","13":"tag-cumple","14":"tag-deporte","15":"tag-deportes","16":"tag-domingo","17":"tag-es","18":"tag-espana","19":"tag-getafe","20":"tag-jacinto","21":"tag-segunda-feb","22":"tag-spain","23":"tag-sports"},"share_on_mastodon":{"url":"","error":""},"_links":{"self":[{"href":"https:\/\/www.europesays.com\/es\/wp-json\/wp\/v2\/posts\/143920","targetHints":{"allow":["GET"]}}],"collection":[{"href":"https:\/\/www.europesays.com\/es\/wp-json\/wp\/v2\/posts"}],"about":[{"href":"https:\/\/www.europesays.com\/es\/wp-json\/wp\/v2\/types\/post"}],"author":[{"embeddable":true,"href":"https:\/\/www.europesays.com\/es\/wp-json\/wp\/v2\/users\/2"}],"replies":[{"embeddable":true,"href":"https:\/\/www.europesays.com\/es\/wp-json\/wp\/v2\/comments?post=143920"}],"version-history":[{"count":0,"href":"https:\/\/www.europesays.com\/es\/wp-json\/wp\/v2\/posts\/143920\/revisions"}],"wp:featuredmedia":[{"embeddable":true,"href":"https:\/\/www.europesays.com\/es\/wp-json\/wp\/v2\/media\/143921"}],"wp:attachment":[{"href":"https:\/\/www.europesays.com\/es\/wp-json\/wp\/v2\/media?parent=143920"}],"wp:term":[{"taxonomy":"category","embeddable":true,"href":"https:\/\/www.europesays.com\/es\/wp-json\/wp\/v2\/categories?post=143920"},{"taxonomy":"post_tag","embeddable":true,"href":"https:\/\/www.europesays.com\/es\/wp-json\/wp\/v2\/tags?post=143920"}],"curies":[{"name":"wp","href":"https:\/\/api.w.org\/{rel}","templated":true}]}}