{"id":143939,"date":"2025-09-28T09:29:13","date_gmt":"2025-09-28T09:29:13","guid":{"rendered":"https:\/\/www.europesays.com\/es\/143939\/"},"modified":"2025-09-28T09:29:13","modified_gmt":"2025-09-28T09:29:13","slug":"junior-healy-me-hice-youtuber-a-los-35-por-un-despido-cultura","status":"publish","type":"post","link":"https:\/\/www.europesays.com\/es\/143939\/","title":{"rendered":"Junior Healy: \u201cMe hice \u2018youtuber\u2019 a los 35 por un despido\u201d | Cultura"},"content":{"rendered":"<p class=\"\"><a href=\"https:\/\/www.youtube.com\/channel\/UCFAYnPgtNQr2igwyhqMADhQ\" target=\"_self\" rel=\"nofollow noopener\" title=\"https:\/\/www.youtube.com\/channel\/UCFAYnPgtNQr2igwyhqMADhQ\">Junior Healy<\/a> no es muy callejero. Trabaja \u2015lee, investiga, graba sus podcasts y emite sus directos ante el ordenador\u2015 sin salir de su casa. Un piso min\u00fasculo \u201cque por no tener no tiene ni salida de humos\u201d, dice, en un barrio popular de Madrid, donde vive con su novio de los \u00faltimos 10 a\u00f1os, pese a que hace alg\u00fan tiempo que rompieron. Su expareja se est\u00e1 mudando \u201cpoco a poco\u201d tras la ruptura, por lo que declina amablemente que nos veamos en su casa y propone un macrocentro comercial cercano. Aqu\u00ed, a la una de la tarde de un d\u00eda entre semana, entre jubilados y jubiladas echando la ma\u00f1ana, pasa desapercibido. Pero Junior Healy, como prefiere ser llamado, pese, o quiz\u00e1 debido a lo com\u00fan de su nombre real, es una celebridad para la peque\u00f1a legi\u00f3n de seguidores de la generaci\u00f3n Z que imita su caracter\u00edstico acento y jerga y cita sus frases textuales en <a href=\"https:\/\/www.tiktok.com\/@iamsilverpoppy\/video\/7545611804320320790?_r=1&amp;_t=ZN-903QkBdjlwc\" target=\"_self\" rel=\"nofollow noopener\" title=\"https:\/\/www.tiktok.com\/@iamsilverpoppy\/video\/7545611804320320790?_r=1&amp;_t=ZN-903QkBdjlwc\">v\u00eddeos de TikTok<\/a>. Sin ir m\u00e1s lejos, esta boomer que firma, ni siquiera sabr\u00eda qui\u00e9n es si una zeta no la hubiera puesto sobre la pista. <\/p>\n<p class=\"\"><b>Mi hija de 24 a\u00f1os, sin conocerlo, le considera un amigo. \u00bfQu\u00e9 hace para lograrlo?<\/b> <\/p>\n<p class=\"\">Qu\u00e9 ilusi\u00f3n, tu hija. A ver: hago contenido en internet, hablo de excentricidades, de biograf\u00edas de personas random que me gustan, de <a href=\"https:\/\/elpais.com\/espana\/catalunya\/2025-08-26\/pasion-por-el-true-crime-hay-mil-y-una-reacciones-al-encontrar-un-cadaver.html\" target=\"_self\" rel=\"nofollow noopener\" title=\"https:\/\/elpais.com\/espana\/catalunya\/2025-08-26\/pasion-por-el-true-crime-hay-mil-y-una-reacciones-al-encontrar-un-cadaver.html\">cr\u00edmenes<\/a> que me fascinan, de lo que yo llamo circos, gente y  fen\u00f3menos sociales y culturales que me interesan. Se habla mucho de la soledad de las generaciones de ahora, y que no se puede ser amigo de gente que no conoces, pero yo creo que s\u00ed se puede. Creo que hago compa\u00f1\u00eda, como hac\u00eda antiguamente la tele, o la radio. Al final, lo que hago es contar historias, mostrar mi vida, ser sincero y ser yo mismo. Eso puede ser lo que conecta con otras personas. <\/p>\n<p class=\"\"><b>\u00bfCon 36 a\u00f1os se considera un jovencito? <\/b> <\/p>\n<p class=\"\">Me raya mucho la edad, porque tengo la sensaci\u00f3n de que deber\u00eda de haber empezado antes. La gente que se dedica a internet suele empezar m\u00e1s joven. Soy un late milenial, un adulto joven. Fui la \u00faltima promoci\u00f3n que hizo cinco a\u00f1os de licenciatura, yo en Publicidad. Luego estuve currando ocho a\u00f1os en el departamento de m\u00e1rquetin de unos centros de est\u00e9tica que crecieron mucho y luego acabaron cerrando. Hac\u00eda v\u00eddeos de m\u00e9dicos. A ra\u00edz de despedirme, con lo que hab\u00eda ahorrado, decid\u00ed intentar dedicarme a esto, que me apasiona de siempre, me funcion\u00f3 enseguida, y tuve que hacerme aut\u00f3nomo. Soy youtuber por despido. Yo es que siempre he pillado los \u00faltimos trenes, en plan <a href=\"https:\/\/elpais.com\/cultura\/2025-02-14\/envejecer-con-bridget-jones-es-asumir-que-cualquier-tiempo-pasado-no-fue-mejor.html\" target=\"_self\" rel=\"nofollow noopener\" title=\"https:\/\/elpais.com\/cultura\/2025-02-14\/envejecer-con-bridget-jones-es-asumir-que-cualquier-tiempo-pasado-no-fue-mejor.html\">Bridget Jones<\/a>, que me encanta. <\/p>\n<blockquote class=\"a_q\">\n<p>Hay dos clases de adolescencia: una de estar siempre en la calle y otra de ser m\u00e1s introvertido. Creo que, el hecho de ser gay en los primeros 2000, me hizo retraerme mucho\u00bb<\/p>\n<\/blockquote>\n<p class=\"\"><b>\u00bfO sea, que era el moderno de su empresa?<\/b> <\/p>\n<p class=\"\">S\u00ed, era el maric\u00f3n moderno. Mi cargo era de dise\u00f1ador multimedia, que suena como muy antiguo, pero algo deb\u00ed hacer bien, porque mi jefa no quer\u00eda despedirme. Ahora gano m\u00e1s de lo que ganaba all\u00ed. No soy rico, pero yo con que me d\u00e9 para el alquiler, soy feliz. Comparado con otros <a href=\"https:\/\/elpais.com\/eps\/tendencias\/2025-01-21\/el-eterno-retorno-de-youtube.html\" target=\"_self\" rel=\"nofollow noopener\" title=\"https:\/\/elpais.com\/eps\/tendencias\/2025-01-21\/el-eterno-retorno-de-youtube.html\">youtubers<\/a>, tengo poqu\u00edsimos seguidores, unos 50.000, pero son muy fieles: quien me sigue, me sigue a muerte. <\/p>\n<p class=\"\"><b>\u00bfY qu\u00e9 les da?<\/b> <\/p>\n<p class=\"\">Creo que ser sincero, no posturear, y, est\u00e1 mal que yo lo diga, pero creo que soy gracioso. Estoy feliz haciendo lo que he consumido desde muy joven. Me hab\u00eda imaginado muchas veces haci\u00e9ndolo, y ahora lo hago. Quiz\u00e1 tambi\u00e9n se trasmite y se contagia mi ilusi\u00f3n por haberlo conseguido. <\/p>\n<p><img decoding=\"auto\" class=\"_re lazyload a_m-h\" height=\"234\"  width=\"414\"  src=\"https:\/\/www.europesays.com\/es\/wp-content\/uploads\/2025\/09\/AAUEDGS4JNFVBJXW5M4YNBDMSI.jpg\" loading=\"lazy\"\/>Junior Healy, en los alrededores del centro comercial La Vaguada, en Madrid.Bernardo P\u00e9rez<\/p>\n<p class=\"\"><b>\u00bfConsidera que lo que hace es cultura?<\/b> <\/p>\n<p class=\"\">Totalmente: al final creo que estamos muy subordinados a lo que los medios nos dicen que es cultura y lo que tenemos que hacer y que leer, pero esa me parece una idea muy antigua, muy de los 90. Eso de que los videojuegos te hacen violento y todo eso. Yo creo que todo es cultura y que depende de c\u00f3mo t\u00fa lo interiorices y lo interpretes. Si t\u00fa no ves <a href=\"https:\/\/elpais.com\/television\/2023-06-23\/asi-ha-sido-la-ultima-funcion-de-salvame.html\" target=\"_self\" rel=\"nofollow noopener\" title=\"https:\/\/elpais.com\/television\/2023-06-23\/asi-ha-sido-la-ultima-funcion-de-salvame.html\">S\u00e1lvame<\/a>, por ejemplo, pero no lees libros, no eres m\u00e1s listo que una persona que s\u00ed lo ve. Yo lo ve\u00eda porque me entretiene, y sab\u00eda que lo que dec\u00eda Bel\u00e9n Esteban no era c\u00e1tedra, era su punto de vista, una cosa divertida. Al final, es entretenimiento, y yo lo considero cultura, totalmente. <\/p>\n<p class=\"\"><b>Habla de cr\u00edmenes, de series y de personajes estrafalarios. \u00bfSiempre fue tan friqui?<\/b> <\/p>\n<p class=\"\">Mucho. Hay dos clases de adolescencia: una de estar siempre en la calle y otra de ser m\u00e1s introvertido. Creo que, el hecho de ser gay en los primeros 2000, me hizo retraerme mucho. Soy de Callosa, un pueblo de Alicante, iba a un colegio a 40 minutos en bus y no ten\u00eda amigos. Era mucho de estar en mi cuarto, fantasear, verme muchas pelis mil veces. De cr\u00edo, me apuntaron a Inform\u00e1tica de extraescolar y soy muy rata de ordenador. Le pirateaba a mi padre el Canal Plus y con eso me ganaba su respeto. Tengo mucha memoria para nombres, sitios, actores. Para m\u00ed, ser mit\u00f3mano era un refugio. <\/p>\n<p class=\"\"><b>\u00bfEstuvo en el armario?<\/b> <\/p>\n<p class=\"\">Bueno, estaba en el armario porque yo no quer\u00eda ser gay, aunque s\u00e9 que lo soy desde que sent\u00ed el primer deseo, pero luchaba contra eso. Hasta me intentaba masturbar pensando en la t\u00eda m\u00e1s buena del instituto, y era un desastre. No fue hasta que fui a la Universidad en Valencia, a los 19, cuando mis padres me pillaron una conversaci\u00f3n con un novio y me preguntaron si era gay. <\/p>\n<p class=\"\"><b>\u00bfCree que no lo sab\u00edan ya a esas alturas?<\/b> <\/p>\n<p class=\"\">S\u00ed que lo sab\u00edan. Creo que mi padre hizo el duelo de reconocer que yo era gay durante a\u00f1os y por eso no tuve una buena relaci\u00f3n con \u00e9l. Mi madre, curiosamente, lo llev\u00f3 peor. Por preocupaci\u00f3n. Por ver c\u00f3mo iba a ser mi vida ahora. Pero, en cuanto lo dije, me liber\u00e9 tanto que ya nunca lo he ocultado. Yo no hago activismo en redes sociales porque no es lo que quiero hacer. Quiero hacer entretenimiento. Pero el activismo lo hago simplemente mostr\u00e1ndome como soy. <\/p>\n<p class=\"\"><b>\u00bfY, ahora, qu\u00e9 cree que piensan sus padres de usted?<\/b> <\/p>\n<p class=\"\">Pues est\u00e1n supercontentos. Son muy vieja escuela. De trabajar de sol a sol. De que, para ellos, el \u00e9xito es ganar dinero. Despu\u00e9s de la universidad tuve que volver a casa un tiempo y me sent\u00ed un fracasado. Despu\u00e9s, cuando me despidieron creyeron que estaba loco por meterme en esto, pero, ahora, cuando ven que vivo de ello, me apoyan. Yo tengo una cosa muy milenial, que es que busco la aprobaci\u00f3n de mi padre todo el rato, y la sigo buscando, me lo han dicho hasta en terapia. <\/p>\n<blockquote class=\"a_q\">\n<p>En m\u00ed no hay personaje, soy yo 100%. Y no es una visi\u00f3n estrat\u00e9gica, sino porque lo necesito. Es terap\u00e9utico para m\u00ed\u00bb<\/p>\n<\/blockquote>\n<p class=\"\"><b>\u00bfHa necesitado terapia?<\/b> <\/p>\n<p class=\"\">S\u00ed, es que lo he dejado con el chico con el que estaba. \u00c9l se va de casa y yo me quedo viviendo solo y todo ese rollo. Entonces, est\u00e1 siendo traum\u00e1tico para m\u00ed, porque hemos estado 10 a\u00f1os juntos y hemos sido muy del uno para el otro, y no soy una persona con muchos amigos. Me consuela pensar que le pasa a todo el mundo, he hecho un reel con eso y la gente me apoya a muerte. <\/p>\n<p class=\"\"><b>Muchos <\/b><b>youtubers<\/b><b> solo ense\u00f1an sus \u00e9xitos. \u00bfNo le da pudor exponerse tanto?<\/b> <\/p>\n<p class=\"\">En m\u00ed no hay personaje, soy yo 100%. Y no es una visi\u00f3n estrat\u00e9gica, sino porque lo necesito. Es terap\u00e9utico para m\u00ed, y creo que la gente se puede sentir identificada. Es curioso, pero el 78% de mi audiencia son mujeres, y estoy superf\u00e9liz, porque toda mi vida he sido muy de mujeres, muy de compartir los problemas, muy de amigas. Nunca he tenido amigos chicos. Entonces, siento que estoy donde pertenezco. Pero, luego, tengo esa cosa de homofobia interiorizada de que quieres que los hombres hetero te validen. No voy con la pancarta, <a href=\"https:\/\/elpais.com\/opinion\/2025-09-26\/igualdad-contra-las-mujeres.html\" target=\"_self\" rel=\"nofollow noopener\" title=\"https:\/\/elpais.com\/opinion\/2025-09-26\/igualdad-contra-las-mujeres.html\">pero soy feminista.<\/a> Intento cuidar lo que digo, sin dejar de ser yo mismo. <\/p>\n<p class=\"\"><b>Eso tambi\u00e9n es activismo, \u00bfno?<\/b> <\/p>\n<p class=\"\">Si, pero yo no soy solo maric\u00f3n, o gordo, o lo que sea: soy m\u00e1s cosas. Me gusta este cine, me gusta este tipo de libros, este tipo de m\u00fasica, este tipo de personajes, este tipo de circos. Y es lo que cuento. Creo que el activismo es necesario, porque si no aprietas, las cosas no cambian, pero no todo el mundo tiene que ser as\u00ed. Es algo vocacional. Hay gente a la que le gusta mucho la pol\u00edtica, y sabe mucho. Pero yo tendr\u00eda que estudi\u00e1rmela. Y prefiero saberme todo el casting de una peli de Disney que qui\u00e9n es qui\u00e9n en el Proc\u00e9s, por ejemplo. <\/p>\n<p class=\"\"><b>Su podcast se llama \u2019Francisco Frankie\u2019 y su logo es una imagen del dictador con pechos. \u00bfGanas de provocar en un tiempo en que muchos de quienes le siguen no sabe qui\u00e9n fue Franco?<\/b> <\/p>\n<p class=\"\">Le puse ese nombre por la dualidad de querer tocar los huevos, porque Franco era un dictador y porque ten\u00eda solo un huevo y la voz aflautada. Empatizo mucho con los personajes bajitos con mala leche. Soledad Huete, <a href=\"https:\/\/elpais.com\/elpais\/2013\/11\/07\/eps\/1383829830_540238.html\" target=\"_self\" rel=\"nofollow noopener\" title=\"https:\/\/elpais.com\/elpais\/2013\/11\/07\/eps\/1383829830_540238.html\">de Siete vidas, que es mi serie preferida. N<\/a>apole\u00f3n. Gente peque\u00f1a. Lo que hizo Franco es horrible, y me gustaba esa dualidad de caricaturizarlo a lo Marilyn Mason. Esa dualidad de ser un d\u00e9spota y, a la vez, como con mucha pluma, me hace mucha gracia. <\/p>\n<blockquote class=\"a_q\">\n<p>No voy con la pancarta, pero soy feminista. Intento cuidar lo que digo, sin dejar de ser yo mismo\u00bb<\/p>\n<\/blockquote>\n<p class=\"\"><b>Pues hay chavales que lo reivindican casi como un icono.<\/b> <\/p>\n<p class=\"\">Me parece muy curioso para mal. Me gusta pensar que es gente muy joven que no est\u00e1 muy metida en ese rollo, gente de 16 a\u00f1os que no tiene ni idea, que no lo ha vivido. Yo tampoco lo he vivido, pero, aunque yo creo que est\u00e1 muy superado, hay quien te habla de Franco como si fuera algo refrescante. <\/p>\n<p class=\"\"><b>Colegas suyos <\/b><b>youtubers<\/b><b> se van a Andorra para evitar impuestos. \u00bfLo har\u00eda si le saliera a cuenta?<\/b> <\/p>\n<p class=\"\">De momento, d\u00e9jame que crezca. No creo que lo haga nunca. Me parece muy triste el concepto de estar encerrado entre monta\u00f1as por dinero. Y no es porque yo sea muy de salir. Podr\u00eda estar todo el a\u00f1o all\u00ed supertranquilo, pero hay algo \u00e9tico ah\u00ed, en plan, a m\u00ed me gusta contribuir con mi pa\u00eds. Y estoy contribuyendo. Pago a gusto mis impuestos. Ahora, cuando eres aut\u00f3nomo, tambi\u00e9n te digo que duele lo que te quitan. <\/p>\n<p class=\"\"><b>Si esto le va mal, \u00bftiene un plan B?<\/b> <\/p>\n<p class=\"\">Bueno, en realidad, soy mi propia obra, mi propia marca. Me s\u00e9 la teor\u00eda perfectamente porque hice la carrera y he trabajado de lo m\u00edo. O sea, que, si vienen mal dadas, con volver al plan A ya estar\u00eda. Y esto siempre lo puedo poner en el curr\u00edculo.<\/p>\n<p>JUNIOR EL SENIOR<\/p>\n<p>Junior Healy tiene la sensaci\u00f3n de haber llegado tarde a demasiadas cosas. Por eso, este licenciado en Publicidad que trabaj\u00f3 durante casi una d\u00e9cada vendiendo las bondades de unos centros de est\u00e9tica, decidi\u00f3, al ser despedido, no esperar m\u00e1s y, con el colch\u00f3n de la idemnizaci\u00f3n, atreverse a dedicarse a su pasi\u00f3n: contar historias. Ahora, vive de ello. Sus podcast Francisco Frankie y \u00bfSolteras y fabulosas?, junto a su colega y amiga Esty Quesada, La Pringada, atraen a una audiencia compuesta mayoritariamente por mujeres de la generaci\u00f3n Z.<\/p>\n<p><script async src=\"\/\/www.tiktok.com\/embed.js\"><\/script><\/p>\n","protected":false},"excerpt":{"rendered":"Junior Healy no es muy callejero. Trabaja \u2015lee, investiga, graba sus podcasts y emite sus directos ante el&hellip;\n","protected":false},"author":2,"featured_media":143940,"comment_status":"","ping_status":"","sticky":false,"template":"","format":"standard","meta":{"footnotes":""},"categories":[91],"tags":[209,146,147,25,24,1922,23,807,5006,44473],"class_list":{"0":"post-143939","1":"post","2":"type-post","3":"status-publish","4":"format-standard","5":"has-post-thumbnail","7":"category-entretenimiento","8":"tag-cultura","9":"tag-entertainment","10":"tag-entretenimiento","11":"tag-es","12":"tag-espana","13":"tag-redes-sociales","14":"tag-spain","15":"tag-television","16":"tag-youtube","17":"tag-youtubers-life-2"},"share_on_mastodon":{"url":"","error":""},"_links":{"self":[{"href":"https:\/\/www.europesays.com\/es\/wp-json\/wp\/v2\/posts\/143939","targetHints":{"allow":["GET"]}}],"collection":[{"href":"https:\/\/www.europesays.com\/es\/wp-json\/wp\/v2\/posts"}],"about":[{"href":"https:\/\/www.europesays.com\/es\/wp-json\/wp\/v2\/types\/post"}],"author":[{"embeddable":true,"href":"https:\/\/www.europesays.com\/es\/wp-json\/wp\/v2\/users\/2"}],"replies":[{"embeddable":true,"href":"https:\/\/www.europesays.com\/es\/wp-json\/wp\/v2\/comments?post=143939"}],"version-history":[{"count":0,"href":"https:\/\/www.europesays.com\/es\/wp-json\/wp\/v2\/posts\/143939\/revisions"}],"wp:featuredmedia":[{"embeddable":true,"href":"https:\/\/www.europesays.com\/es\/wp-json\/wp\/v2\/media\/143940"}],"wp:attachment":[{"href":"https:\/\/www.europesays.com\/es\/wp-json\/wp\/v2\/media?parent=143939"}],"wp:term":[{"taxonomy":"category","embeddable":true,"href":"https:\/\/www.europesays.com\/es\/wp-json\/wp\/v2\/categories?post=143939"},{"taxonomy":"post_tag","embeddable":true,"href":"https:\/\/www.europesays.com\/es\/wp-json\/wp\/v2\/tags?post=143939"}],"curies":[{"name":"wp","href":"https:\/\/api.w.org\/{rel}","templated":true}]}}