{"id":143945,"date":"2025-09-28T09:32:09","date_gmt":"2025-09-28T09:32:09","guid":{"rendered":"https:\/\/www.europesays.com\/es\/143945\/"},"modified":"2025-09-28T09:32:09","modified_gmt":"2025-09-28T09:32:09","slug":"cuatro-muertos-y-40-heridos-en-uno-de-los-mayores-ataques-de-rusia-a-ucrania-desde-que-empezo-la-invasion","status":"publish","type":"post","link":"https:\/\/www.europesays.com\/es\/143945\/","title":{"rendered":"Cuatro muertos y 40 heridos en uno de los mayores ataques de Rusia a Ucrania desde que empez\u00f3 la invasi\u00f3n"},"content":{"rendered":"<p>INTERNACIONAL<\/p>\n<p>El presidente ucraniano, Volod\u00edmir Zelenski, ha informado a trav\u00e9s de su cuenta de X de este nuevo ataque en el que habr\u00eda muerto una ni\u00f1a de 12 a\u00f1os. El l\u00edder ucraniano ha pedido al mundo que respalde los esfuerzos de Trump para lograr la paz. <\/p>\n<p class=\"articleSignature-name\"><a href=\"https:\/\/www.ondacero.es\/autores\/carlos-martin\/\" rel=\"nofollow noopener\" target=\"_blank\">Carlos Mart\u00edn<\/a><\/p>\n<p class=\"articleSignature-datecontent\">Madrid | <strong>28.09.2025 11:19 <\/strong><\/p>\n<p><img loading=\"lazy\" decoding=\"async\" title=\"Cuatro muertos y 40 heridos en uno de los mayores ataques de Rusia a Ucrania desde que empez\u00f3 la guerra\" alt=\"Cuatro muertos y 40 heridos en uno de los mayores ataques de Rusia a Ucrania desde que empez\u00f3 la guerra\" width=\"480\" height=\"270\" src=\"https:\/\/www.europesays.com\/es\/wp-content\/uploads\/2025\/09\/cuatro-muertos-40-heridos-uno-mayores-ataques-rusia-ucrania-que-empezo-guerra_70.jpg\"\/>Cuatro muertos y 40 heridos en uno de los mayores ataques de Rusia a Ucrania desde que empez\u00f3 la guerra | Europa Press<\/p>\n","protected":false},"excerpt":{"rendered":"INTERNACIONAL El presidente ucraniano, Volod\u00edmir Zelenski, ha informado a trav\u00e9s de su cuenta de X de este nuevo&hellip;\n","protected":false},"author":2,"featured_media":143946,"comment_status":"","ping_status":"","sticky":false,"template":"","format":"standard","meta":{"footnotes":""},"categories":[42],"tags":[17,18,13,14,11,61,62,63,64,19,20,9,10,15,16,12,21,22,65,66,67],"class_list":{"0":"post-143945","1":"post","2":"type-post","3":"status-publish","4":"format-standard","5":"has-post-thumbnail","7":"category-internacional","8":"tag-breaking-news","9":"tag-breakingnews","10":"tag-featured-news","11":"tag-featurednews","12":"tag-headlines","13":"tag-internacional","14":"tag-international","15":"tag-international-news","16":"tag-internationalnews","17":"tag-latest-news","18":"tag-latestnews","19":"tag-news","20":"tag-noticias","21":"tag-noticias-destacadas","22":"tag-noticiasdestacadas","23":"tag-titulares","24":"tag-ultimas-noticias","25":"tag-ultimasnoticias","26":"tag-world","27":"tag-world-news","28":"tag-worldnews"},"share_on_mastodon":{"url":"","error":""},"_links":{"self":[{"href":"https:\/\/www.europesays.com\/es\/wp-json\/wp\/v2\/posts\/143945","targetHints":{"allow":["GET"]}}],"collection":[{"href":"https:\/\/www.europesays.com\/es\/wp-json\/wp\/v2\/posts"}],"about":[{"href":"https:\/\/www.europesays.com\/es\/wp-json\/wp\/v2\/types\/post"}],"author":[{"embeddable":true,"href":"https:\/\/www.europesays.com\/es\/wp-json\/wp\/v2\/users\/2"}],"replies":[{"embeddable":true,"href":"https:\/\/www.europesays.com\/es\/wp-json\/wp\/v2\/comments?post=143945"}],"version-history":[{"count":0,"href":"https:\/\/www.europesays.com\/es\/wp-json\/wp\/v2\/posts\/143945\/revisions"}],"wp:featuredmedia":[{"embeddable":true,"href":"https:\/\/www.europesays.com\/es\/wp-json\/wp\/v2\/media\/143946"}],"wp:attachment":[{"href":"https:\/\/www.europesays.com\/es\/wp-json\/wp\/v2\/media?parent=143945"}],"wp:term":[{"taxonomy":"category","embeddable":true,"href":"https:\/\/www.europesays.com\/es\/wp-json\/wp\/v2\/categories?post=143945"},{"taxonomy":"post_tag","embeddable":true,"href":"https:\/\/www.europesays.com\/es\/wp-json\/wp\/v2\/tags?post=143945"}],"curies":[{"name":"wp","href":"https:\/\/api.w.org\/{rel}","templated":true}]}}