{"id":143951,"date":"2025-09-28T09:35:09","date_gmt":"2025-09-28T09:35:09","guid":{"rendered":"https:\/\/www.europesays.com\/es\/143951\/"},"modified":"2025-09-28T09:35:09","modified_gmt":"2025-09-28T09:35:09","slug":"victoria-de-campeon","status":"publish","type":"post","link":"https:\/\/www.europesays.com\/es\/143951\/","title":{"rendered":"Victoria de campe\u00f3n"},"content":{"rendered":"<p class=\"paragraph-atom &#10;        B-500-300-700-N B-550-300-700-N--md  \">El <a href=\"https:\/\/www.atlantico.net\/temas\/futbol-sala-femenino\/\" rel=\"nofollow noopener\" target=\"_blank\"><strong>Bembrive<\/strong><\/a><strong> gole\u00f3 ayer al Mio\u00f1o <\/strong>en el primer partido de liga en el Vicente \u00c1lvarez, correspondiente a la segunda jornada, y reivindic\u00f3 su condici\u00f3n de campe\u00f3n del curso pasado con un encuentro en el que acab\u00f3 marcando seis goles, cinco de ellos en la segunda parte.<\/p>\n<p class=\"paragraph-atom &#10;        B-500-300-700-N B-550-300-700-N--md  \">Una genialidad de \u2018Caf\u00e9\u2019 cercano el final del primer tiempo desbloque\u00f3 un partido que inicialmente se complicaba por falta de definici\u00f3n y que acab\u00f3 siendo un <strong>paseo militar con la colaboraci\u00f3n de la portera visitante, <\/strong>que pifi\u00f3 en el bal\u00f3n colgado de la colombiana desde su propio campo para el segundo tanto vigu\u00e9s.<\/p>\n<p class=\"paragraph-atom &#10;        B-500-300-700-N B-550-300-700-N--md  \">Cuando el Bembrive quer\u00eda pero no acertaba con la puerta de Saelia L\u00f3pez -remates de Mar\u00eda Vidal, \u2018Lutxi\u2019 o Paula Pereiro-, un lanzamiento de falta de Vidal, raso, que se desviaba un poco, fue cazado por \u2018Caf\u00e9\u2019 en el \u00e1rea: <strong>sutil toque de tac\u00f3n y gol<\/strong>. El Mio\u00f1o, que la pasada temporada hab\u00eda rascado un empate (4-4), se qued\u00f3 sin opci\u00f3n de sorpresa. <\/p>\n<p class=\"paragraph-atom &#10;        B-500-300-700-N B-550-300-700-N--md  \">Primer gol en Liga, y ante su afici\u00f3n, para el fichaje estrella de las de Gael Madarnas, que adem\u00e1s no ser\u00eda el \u00faltimo. Porque iniciado el segundo tiempo, <strong>Saelia se comi\u00f3 el bal\u00f3n colgado por la colombiana para que las verdes pudiesen asentar definitivamente su juego y llevarse los tres puntos. <\/strong>Un chut de Ant\u00eda Boullosa, que tocaba Ram\u00edrez desviando la trayectoria, supon\u00eda el tercero y la pontevedresa firmaba tambi\u00e9n el cuarto, que dejaba el choque resuelto.<\/p>\n<p class=\"paragraph-atom &#10;        B-500-300-700-N B-550-300-700-N--md  \">Con las c\u00e1ntabras buscando su gol en ataque de portera jugadora, \u2018Luca\u2019 cortaba de cabeza un bal\u00f3n, \u00e9ste llegaba a \u2018Caf\u00e9\u2019, que devolv\u00eda a Casal para que marcase desde su propio campo. Festival. El sexto, un robo de \u2018Lutxi\u2019, <strong>carrera de Mar\u00eda Vidal y asistencia perfecta de la morracense para que Mar fusilase.<\/strong><\/p>\n<p class=\"paragraph-atom &#10;        B-500-300-700-N B-550-300-700-N--md  \">La pr\u00f3xima jornada, tercera, primer desplazamiento lejos de la pen\u00ednsula. Al Bembrive le toca viajar a la isla de Ibiza en busca de una nueva victoria. <\/p>\n<p>        Bembrive-Mio\u00f1o (6-0)<\/p>\n<p class=\"paragraph-atom &#10;        B-500-300-700-N B-550-300-700-N--md  \"><strong>Bembrive FS (1+5): <\/strong><\/p>\n<p class=\"paragraph-atom &#10;        B-500-300-700-N B-550-300-700-N--md  \">Marina Groba; Mar\u00eda Gonz\u00e1lez, Jessi Motato \u2018Caf\u00e9\u2019 (2), Luc\u00eda Casal \u2018Luca\u2019 (1), Mar Fern\u00e1ndez (1) -cinco inicial-, Patri Arruti (p.), Ant\u00eda Boullosa (1), Paula Pereiro, \u2018Lutxi\u2019 Gonz\u00e1lez, Laura Centeno, Paola Otero y Mar\u00eda Vidal.<\/p>\n<p class=\"paragraph-atom &#10;        B-500-300-700-N B-550-300-700-N--md  \"><strong>AD Mio\u00f1o (0+0): <\/strong><\/p>\n<p class=\"paragraph-atom &#10;        B-500-300-700-N B-550-300-700-N--md  \">Saelia L\u00f3pez; Andrea Ram\u00edrez (1 pp.), Carmen Iglesias, Luc\u00eda G\u00e1ndara, Elaia Revuelta -cinco inicial-, Mar\u00eda Fuente, Ane Gay, Laura Arozamena, Vera Haro y Laura S\u00e1nchez. <\/p>\n<p class=\"paragraph-atom &#10;        B-500-300-700-N B-550-300-700-N--md  \"><strong>Goles: <\/strong><\/p>\n<p class=\"paragraph-atom &#10;        B-500-300-700-N B-550-300-700-N--md  \">1-0, min.17: \u2018Caf\u00e9\u2019; 2-0, min 21: \u2018Caf\u00e9\u2019; 3-0, min.23: Ram\u00edrez, en propia puerta; 4-0, min.32: Ant\u00eda Boullosa; 5-0, min.38: \u2018Luca\u2019; 6-0, min.39: Mar.<\/p>\n<p class=\"paragraph-atom &#10;        B-500-300-700-N B-550-300-700-N--md  \"><strong>\u00c1rbitros: <\/strong><\/p>\n<p class=\"paragraph-atom &#10;        B-500-300-700-N B-550-300-700-N--md  \">Jes\u00fas Migu\u00e9ns y Adri\u00e1n Lagos.<\/p>\n<p class=\"paragraph-atom &#10;        B-500-300-700-N B-550-300-700-N--md  \"><strong>Incidencias: <\/strong><\/p>\n<p class=\"paragraph-atom &#10;        B-500-300-700-N B-550-300-700-N--md  \">Polideportivo municipal Vicente \u00c1lvarez. Segunda jornada del grupo 1.<\/p>\n","protected":false},"excerpt":{"rendered":"El Bembrive gole\u00f3 ayer al Mio\u00f1o en el primer partido de liga en el Vicente \u00c1lvarez, correspondiente a&hellip;\n","protected":false},"author":2,"featured_media":143952,"comment_status":"","ping_status":"","sticky":false,"template":"","format":"standard","meta":{"footnotes":""},"categories":[278],"tags":[376,5773,168,25,24,375,23,167,1261],"class_list":{"0":"post-143951","1":"post","2":"type-post","3":"status-publish","4":"format-standard","5":"has-post-thumbnail","7":"category-balonmano","8":"tag-balonmano","9":"tag-campeon","10":"tag-deportes","11":"tag-es","12":"tag-espana","13":"tag-handball","14":"tag-spain","15":"tag-sports","16":"tag-victoria"},"share_on_mastodon":{"url":"","error":""},"_links":{"self":[{"href":"https:\/\/www.europesays.com\/es\/wp-json\/wp\/v2\/posts\/143951","targetHints":{"allow":["GET"]}}],"collection":[{"href":"https:\/\/www.europesays.com\/es\/wp-json\/wp\/v2\/posts"}],"about":[{"href":"https:\/\/www.europesays.com\/es\/wp-json\/wp\/v2\/types\/post"}],"author":[{"embeddable":true,"href":"https:\/\/www.europesays.com\/es\/wp-json\/wp\/v2\/users\/2"}],"replies":[{"embeddable":true,"href":"https:\/\/www.europesays.com\/es\/wp-json\/wp\/v2\/comments?post=143951"}],"version-history":[{"count":0,"href":"https:\/\/www.europesays.com\/es\/wp-json\/wp\/v2\/posts\/143951\/revisions"}],"wp:featuredmedia":[{"embeddable":true,"href":"https:\/\/www.europesays.com\/es\/wp-json\/wp\/v2\/media\/143952"}],"wp:attachment":[{"href":"https:\/\/www.europesays.com\/es\/wp-json\/wp\/v2\/media?parent=143951"}],"wp:term":[{"taxonomy":"category","embeddable":true,"href":"https:\/\/www.europesays.com\/es\/wp-json\/wp\/v2\/categories?post=143951"},{"taxonomy":"post_tag","embeddable":true,"href":"https:\/\/www.europesays.com\/es\/wp-json\/wp\/v2\/tags?post=143951"}],"curies":[{"name":"wp","href":"https:\/\/api.w.org\/{rel}","templated":true}]}}