{"id":143961,"date":"2025-09-28T09:42:11","date_gmt":"2025-09-28T09:42:11","guid":{"rendered":"https:\/\/www.europesays.com\/es\/143961\/"},"modified":"2025-09-28T09:42:11","modified_gmt":"2025-09-28T09:42:11","slug":"pablo-laso-se-estrena-con-nota-como-comentarista-de-dazn","status":"publish","type":"post","link":"https:\/\/www.europesays.com\/es\/143961\/","title":{"rendered":"Pablo Laso se estrena con nota como comentarista de DAZN"},"content":{"rendered":"<p><img fetchpriority=\"high\" class=\"v-a-img\" src=\"https:\/\/www.europesays.com\/es\/wp-content\/uploads\/2025\/09\/PABLO LASO-koVF-U2303204416299bCG-1200x840@El Correo.jpg\" loading=\"eager\" decoding=\"async\" alt=\"Pablo Laso se estrena con nota como comentarista de DAZN\"  width=\"1200\" height=\"840\"\/><\/p>\n<p>El exentrenador del Baskonia, de vuelta a la televisi\u00f3n al menos durante la Supercopa, mantuvo en antena una interesante charla con Ibon Navarro<\/p>\n<p><a class=\"v-mdl-ath__fig-a\" href=\"https:\/\/www.elcorreo.com\/autor\/ivan-benito-4702.html\" title=\"Iv\u00e1n Benito\" rel=\"nofollow noopener\" target=\"_blank\"><br \/>\n<img decoding=\"async\" class=\"v-mdl-ath__img\" src=\"https:\/\/www.europesays.com\/es\/wp-content\/uploads\/2025\/09\/1759052531_106_autor-4702-foto-1.jpeg\" alt=\"Iv\u00e1n Benito\"\/><br \/>\n<\/a><\/p>\n<p class=\"v-mdl-ath__p v-mdl-ath__p--6\">\nS\u00e1bado, 27 de septiembre 2025<\/p>\n<p>| Actualizado 28\/09\/2025 01:14h.<\/p>\n<p class=\"v-p\">Pablo Laso ha cambiado la pizarra por los micr\u00f3fonos. Tras su salida del Baskonia, el t\u00e9cnico ha fichado por DAZN. El vitoriano ha sido contratado por la plataforma deportiva que ha adquirido los derechos de la ACB para comentar la Supercopa de Espa\u00f1a que se disputa este fin de semana en M\u00e1laga. Su estreno ha sido con una conversaci\u00f3n reposada con su paisano Ibon Navarro que ha gustado a los espectadores.<\/p>\n<p class=\"v-p\">\u00abCon Chris Duarte hay much\u00edsimo ruido y expectativas, pero se tiene que adaptar a costumbres. Ha estado en la NBA y no entiende que hoy no puda venir una hora antes y quedarse una hora m\u00e1s. \u00bfC\u00f3mo no me puedo quedar m\u00e1s? Pues no\u00bb, le ha revelado sobre su nueva estrella Navarro a Laso, al que deseaba suerte. Aunque a tenor de su soltura con el micr\u00f3fono, no parece hacerle falta al de San Viator.<\/p>\n<p class=\"v-p\">Con apreciaciones r\u00e1pidas y opiniones concretas, Laso ha sido m\u00e1s protagonista en los comentarios que V\u00edctor Claver, el otro fichaje estrella de DAZN. El trabajo de comentarista no es nuevo para el vitoriano, que ya hizo sus pinitos despu\u00e9s de colgar las botas y antes de dar el salto a los banquillos, hace m\u00e1s de dos d\u00e9cadas. Por el momento, solo lo llevar\u00e1 a cabo en la Supercopa, aunque mientras se mantenga sin equipo, la televisi\u00f3n seguir\u00e1 llamando a su puerta.<\/p>\n<p class=\"v-p\">La oferta baloncest\u00edstica en Espa\u00f1a ha sufrido una revoluci\u00f3n este verano. A partir de ahora, la ACB se retrasmite en DAZN, la Euroliga en Movistar y la NBA en Amazon Prime, aunque tambi\u00e9n tendr\u00e1 presencia en DAZN. La plataforma ofrece tres planes de subscripci\u00f3n: el b\u00e1sico (9,99 euros al mes), el a\u00f1adido de la NBA, la NFL y la NASCAR (4,99) y el Premium (31,99). La suscripci\u00f3n anual de pago \u00fanico son 109,99 euros.<\/p>\n<p>Comenta<\/p>\n<p>Reporta un error<\/p>\n","protected":false},"excerpt":{"rendered":"El exentrenador del Baskonia, de vuelta a la televisi\u00f3n al menos durante la Supercopa, mantuvo en antena una&hellip;\n","protected":false},"author":2,"featured_media":143962,"comment_status":"","ping_status":"","sticky":false,"template":"","format":"standard","meta":{"footnotes":""},"categories":[269],"tags":[299,298,39492,305,168,25,24,1719,3301,17944,618,23,167],"class_list":{"0":"post-143961","1":"post","2":"type-post","3":"status-publish","4":"format-standard","5":"has-post-thumbnail","7":"category-baloncesto","8":"tag-baloncesto","9":"tag-basketball","10":"tag-comentarista","11":"tag-dazn","12":"tag-deportes","13":"tag-es","14":"tag-espana","15":"tag-estrena","16":"tag-laso","17":"tag-nota","18":"tag-pablo","19":"tag-spain","20":"tag-sports"},"share_on_mastodon":{"url":"","error":""},"_links":{"self":[{"href":"https:\/\/www.europesays.com\/es\/wp-json\/wp\/v2\/posts\/143961","targetHints":{"allow":["GET"]}}],"collection":[{"href":"https:\/\/www.europesays.com\/es\/wp-json\/wp\/v2\/posts"}],"about":[{"href":"https:\/\/www.europesays.com\/es\/wp-json\/wp\/v2\/types\/post"}],"author":[{"embeddable":true,"href":"https:\/\/www.europesays.com\/es\/wp-json\/wp\/v2\/users\/2"}],"replies":[{"embeddable":true,"href":"https:\/\/www.europesays.com\/es\/wp-json\/wp\/v2\/comments?post=143961"}],"version-history":[{"count":0,"href":"https:\/\/www.europesays.com\/es\/wp-json\/wp\/v2\/posts\/143961\/revisions"}],"wp:featuredmedia":[{"embeddable":true,"href":"https:\/\/www.europesays.com\/es\/wp-json\/wp\/v2\/media\/143962"}],"wp:attachment":[{"href":"https:\/\/www.europesays.com\/es\/wp-json\/wp\/v2\/media?parent=143961"}],"wp:term":[{"taxonomy":"category","embeddable":true,"href":"https:\/\/www.europesays.com\/es\/wp-json\/wp\/v2\/categories?post=143961"},{"taxonomy":"post_tag","embeddable":true,"href":"https:\/\/www.europesays.com\/es\/wp-json\/wp\/v2\/tags?post=143961"}],"curies":[{"name":"wp","href":"https:\/\/api.w.org\/{rel}","templated":true}]}}