{"id":143990,"date":"2025-09-28T09:58:09","date_gmt":"2025-09-28T09:58:09","guid":{"rendered":"https:\/\/www.europesays.com\/es\/143990\/"},"modified":"2025-09-28T09:58:09","modified_gmt":"2025-09-28T09:58:09","slug":"la-falta-de-intensidad-el-problema-del-bm-logrono","status":"publish","type":"post","link":"https:\/\/www.europesays.com\/es\/143990\/","title":{"rendered":"La falta de intensidad, el problema del BM Logro\u00f1o"},"content":{"rendered":"<p>El Ciudad de Logro\u00f1o regres\u00f3 de Cuenca con un sabor amargo en la boca <a href=\"https:\/\/www.larioja.com\/deportes\/balonmano\/bm-ciudad-logrono-derrota-cuenca-20250926222332-nt.html\" target=\"_blank\" data-voc-vtm-id=\"in-text-traffic\" title=\"despu\u00e9s de caer ajustadamente por 29-28\" data-mrf-link=\"www.larioja.com\" rel=\"nofollow noopener\">despu\u00e9s de caer ajustadamente por 29-28<\/a> y desperdiciando dos balones  &#8230; para empatar. Pero m\u00e1s all\u00e1 de esas dos jugadas finales \u2013una falta en ataque pitada a Pergel cuando podr\u00eda haber sido perfectamente penalti y otra, que s\u00ed fue, de Zaja\u2013, el conjunto franjivino est\u00e1 obligado a reflexionar.<\/p>\n<p class=\"v-p\">La diferencia de intensidad defensiva con respecto a Cuenca fue notable. Rozando la indisciplina, los jugadores conquenses se dejaron la piel en trabajos de retaguardia, saliendo siempre para anular el juego de la primera l\u00ednea. En el \u00e1rea riojana, Joao Perbelini se cans\u00f3 de hacer goles hasta su lesi\u00f3n de rodilla. Era evidente: falta de tensi\u00f3n. \u00abHemos empezado bien el partido, bien atr\u00e1s y organizados en ataque, pero poco a poco nos fuimos diluyendo\u00bb, indic\u00f3 Miguel Velasco al t\u00e9rmino del encuentro. \u00abNos ha costado mucho atacar esa defensa, nos han defendido muy bien, muy duro, muy intensos. No hemos sabido dar continuidad al ataque\u00bb, dijo.<\/p>\n<p class=\"v-p\">El preparador segoviano record\u00f3 que el BM Logro\u00f1o trat\u00f3 de cambiar la din\u00e1mica atacando con siete jugadores, pero no alcanz\u00f3. \u00abNo hemos hecho un buen partido. Hay que dar mucho m\u00e1s. Por lo menos ponerte a la misma intensidad que Cuenca\u00bb, observ\u00f3 el m\u00edster.<\/p>\n<p class=\"v-p\">El equipo riojano regresa este viernes (19.00 horas) al Palacio donde le visitar\u00e1 un EON Alicante que ha sorprendido este inicio de curso.<\/p>\n","protected":false},"excerpt":{"rendered":"El Ciudad de Logro\u00f1o regres\u00f3 de Cuenca con un sabor amargo en la boca despu\u00e9s de caer ajustadamente&hellip;\n","protected":false},"author":2,"featured_media":143991,"comment_status":"","ping_status":"","sticky":false,"template":"","format":"standard","meta":{"footnotes":""},"categories":[278],"tags":[376,383,777,168,25,24,1998,375,22434,6173,9632,23,167],"class_list":{"0":"post-143990","1":"post","2":"type-post","3":"status-publish","4":"format-standard","5":"has-post-thumbnail","7":"category-balonmano","8":"tag-balonmano","9":"tag-bm","10":"tag-ciudad","11":"tag-deportes","12":"tag-es","13":"tag-espana","14":"tag-falta","15":"tag-handball","16":"tag-intensidad","17":"tag-logrono","18":"tag-problema","19":"tag-spain","20":"tag-sports"},"share_on_mastodon":{"url":"","error":""},"_links":{"self":[{"href":"https:\/\/www.europesays.com\/es\/wp-json\/wp\/v2\/posts\/143990","targetHints":{"allow":["GET"]}}],"collection":[{"href":"https:\/\/www.europesays.com\/es\/wp-json\/wp\/v2\/posts"}],"about":[{"href":"https:\/\/www.europesays.com\/es\/wp-json\/wp\/v2\/types\/post"}],"author":[{"embeddable":true,"href":"https:\/\/www.europesays.com\/es\/wp-json\/wp\/v2\/users\/2"}],"replies":[{"embeddable":true,"href":"https:\/\/www.europesays.com\/es\/wp-json\/wp\/v2\/comments?post=143990"}],"version-history":[{"count":0,"href":"https:\/\/www.europesays.com\/es\/wp-json\/wp\/v2\/posts\/143990\/revisions"}],"wp:featuredmedia":[{"embeddable":true,"href":"https:\/\/www.europesays.com\/es\/wp-json\/wp\/v2\/media\/143991"}],"wp:attachment":[{"href":"https:\/\/www.europesays.com\/es\/wp-json\/wp\/v2\/media?parent=143990"}],"wp:term":[{"taxonomy":"category","embeddable":true,"href":"https:\/\/www.europesays.com\/es\/wp-json\/wp\/v2\/categories?post=143990"},{"taxonomy":"post_tag","embeddable":true,"href":"https:\/\/www.europesays.com\/es\/wp-json\/wp\/v2\/tags?post=143990"}],"curies":[{"name":"wp","href":"https:\/\/api.w.org\/{rel}","templated":true}]}}