{"id":143996,"date":"2025-09-28T10:04:16","date_gmt":"2025-09-28T10:04:16","guid":{"rendered":"https:\/\/www.europesays.com\/es\/143996\/"},"modified":"2025-09-28T10:04:16","modified_gmt":"2025-09-28T10:04:16","slug":"la-dificil-adaptacion-de-colapinto-al-alpine-2026-el-guino-de-gasly-a-franco","status":"publish","type":"post","link":"https:\/\/www.europesays.com\/es\/143996\/","title":{"rendered":"LA DIF\u00cdCIL ADAPTACI\u00d3N DE COLAPINTO AL ALPINE. 2026: EL GUI\u00d1O DE GASLY A FRANCO"},"content":{"rendered":"<p>        -publicidad-<a href=\"http:\/\/www.rus.com.ar\/\" target=\"_blank\" rel=\"nofollow noopener\"><img decoding=\"async\" src=\"https:\/\/www.europesays.com\/es\/wp-content\/uploads\/2025\/08\/rus.jpg\"\/><\/a><\/p>\n<p class=\"jsx-208363072\"><strong>REVELACIONES. DESDE SU LLEGADA AL EQUIPO ALPINE.<\/strong><\/p>\n<p>\n<strong style=\"font-family: Verdana, Geneva, sans-serif; font-size: 14px;\">Franco Colapinto <\/strong>lleg\u00f3 a\u00a0<strong style=\"font-family: Verdana, Geneva, sans-serif; font-size: 14px;\">Alpine<\/strong> a principios de 2025 como piloto reserva, luego surgi\u00f3 y se ampli\u00f3 la novela sobre su ingreso como titular para reemplazar a <strong style=\"font-family: Verdana, Geneva, sans-serif; font-size: 14px;\">Jack Doohan<\/strong>, quien no alcanz\u00f3 el rendimiento esperado.\n<\/p>\n<p>En la reciente entrevista con <strong>Beyond the Grind<\/strong>, podcast oficial de la F\u00f3rmula 1, Colapinto explic\u00f3 porqu\u00e9 le cost\u00f3 adaptarse al Alpine A525.<\/p>\n<p class=\"jsx-208363072\"><strong>\u00abMe sub\u00ed a un auto que ya hab\u00eda sido desarrollado y conducido por muchos otros pilotos, pero no por m\u00ed. As\u00ed que no tuve mucha influencia. No tuve realmente un aporte sobre c\u00f3mo arreglar cosas antes de que comenzara la temporada\u201d, <\/strong>\u00a0sostuvo.<\/p>\n<p class=\"jsx-208363072\">Luego compar\u00f3 su experiencia con\u00a0<strong>Williams<\/strong>: \u00ab<strong>Aunque no tuve ning\u00fan test, no fui simplemente directo a correr. Hab\u00eda estado all\u00ed por m\u00e1s de un a\u00f1o manejando el simulador, entendiendo a los ingenieros, viendo los cambios que hac\u00edan en el auto, los problemas que ten\u00eda, los problemas de balance, c\u00f3mo quer\u00edan hacer funcionar el auto y cu\u00e1l era la raz\u00f3n detr\u00e1s de eso\u00bb.<\/strong><\/p>\n<p>\u00ab<strong>Aqu\u00ed en Alpine<\/strong> -consider\u00f3-<strong>\u00a0 fue m\u00e1s que llegar a un equipo nuevo, a un auto nuevo, teniendo la experiencia de un coche que ya hab\u00eda conducido antes. Esa experiencia tambi\u00e9n me trae cosas que quiero tener, pero que no puedo tener\u201d.<\/strong><\/p>\n<p class=\"jsx-208363072\"><strong>Franco<\/strong> tambi\u00e9n habl\u00f3 de <strong>Flavio Briatore<\/strong>, asesor y hombre fuerte en Alpine: <strong>\u00abEs duro con todos y su manera de hacer que el equipo trabaje y de motivar a la gente\u2026 a veces puede ser un poco fuerte, y si no lo conoces, puede parecerte un poco excesivo. Me ha hecho mucho m\u00e1s fuerte mentalmente. Estoy muy agradecido, por supuesto, por la oportunidad que me dio\u201d.<\/strong><\/p>\n<p>\u00a0<\/p>\n<p><strong>ALPINE 2026. LA BUTACA RESTANTE ENTRE COLAPINTO Y ARON<\/strong><\/p>\n<p><strong>\u00a0 \u00a0 \u00a0 \u00a0 \u00a0 \u00a0 \u00a0 \u00a0 \u00a0 \u00a0 \u00a0\u00a0<\/strong><\/p>\n<p>Sobre la crucial y pronta decisi\u00f3n, habl\u00f3 <strong>Pierre Gasly<\/strong>, actual compa\u00f1ero del argentino. Y el franc\u00e9s sin dudarlo, le hizo un particular gui\u00f1o a Franco.<\/p>\n<p>\u00abFranco ha demostrado algunas cosas buenas en los \u00faltimos dos fines de semana, es una opci\u00f3n para el equipo en 2026\u00bb, reconoci\u00f3\u00a0<strong>Gasly\u00a0<\/strong>en su recientemente entrevista brindada a AutoHebdo. Y luego\u00a0 sostuvo que su opini\u00f3n es tenida en cuenta: \u00abMe piden mi opini\u00f3n. Despu\u00e9s, se trata m\u00e1s de mantener conversaciones abiertas con el equipo\u00bb.<\/p>\n<p><strong>Lo que resta del campeonato 2025<\/strong><\/p>\n<ul class=\"jsx-287845958\">\n<li class=\"jsx-287845958\">Singapur \u2013 Singapur: 3 al 5 de octubre<\/li>\n<li class=\"jsx-287845958\">Estados Unidos \u2013 Austin: 17 al 19 de octubre<\/li>\n<li class=\"jsx-287845958\">M\u00e9xico \u2013 Ciudad de M\u00e9xico: 24 al 26 de octubre<\/li>\n<li class=\"jsx-287845958\">Brasil \u2013 San Pablo: 7 al 9 de noviembre<\/li>\n<li class=\"jsx-287845958\">Estados Unidos \u2013 Las Vegas: 20 al 22 de noviembre<\/li>\n<li class=\"jsx-287845958\">Qatar \u2013 Lusail: 28 al 30 de noviembre<\/li>\n<li class=\"jsx-287845958\">Abu Dhabi \u2013 Yas Marina: 5 al 7 de diciembre<\/li>\n<\/ul>\n<p>24-9-25<\/p>\n<p>-publicidad-<a href=\"https:\/\/www.peakauto.com.ar\" target=\"_blank\" rel=\"nofollow noopener\"><img decoding=\"async\" src=\"https:\/\/www.europesays.com\/es\/wp-content\/uploads\/2025\/08\/pieBlueDef.png\" alt=\"Blue Def\"\/><\/a><br \/>\n<a href=\"https:\/\/fate.com.ar\/productos\/203\/transporte?utm_source=Visionautos&amp;utm_medium=banner&amp;utm_campaign=fatecargo&amp;utm_id=fatecargo\" target=\"_blank\" rel=\"nofollow noopener\"><img decoding=\"async\" src=\"https:\/\/www.europesays.com\/es\/wp-content\/uploads\/2025\/08\/Fate-1.png\" alt=\"Fate\"\/><\/a>    <\/p>\n","protected":false},"excerpt":{"rendered":"-publicidad- REVELACIONES. DESDE SU LLEGADA AL EQUIPO ALPINE. Franco Colapinto lleg\u00f3 a\u00a0Alpine a principios de 2025 como piloto&hellip;\n","protected":false},"author":2,"featured_media":143997,"comment_status":"","ping_status":"","sticky":false,"template":"","format":"standard","meta":{"footnotes":""},"categories":[270],"tags":[168,25,24,306,271,272,23,167],"class_list":{"0":"post-143996","1":"post","2":"type-post","3":"status-publish","4":"format-standard","5":"has-post-thumbnail","7":"category-formula-1","8":"tag-deportes","9":"tag-es","10":"tag-espana","11":"tag-f1","12":"tag-formula-1","13":"tag-formula1","14":"tag-spain","15":"tag-sports"},"share_on_mastodon":{"url":"","error":""},"_links":{"self":[{"href":"https:\/\/www.europesays.com\/es\/wp-json\/wp\/v2\/posts\/143996","targetHints":{"allow":["GET"]}}],"collection":[{"href":"https:\/\/www.europesays.com\/es\/wp-json\/wp\/v2\/posts"}],"about":[{"href":"https:\/\/www.europesays.com\/es\/wp-json\/wp\/v2\/types\/post"}],"author":[{"embeddable":true,"href":"https:\/\/www.europesays.com\/es\/wp-json\/wp\/v2\/users\/2"}],"replies":[{"embeddable":true,"href":"https:\/\/www.europesays.com\/es\/wp-json\/wp\/v2\/comments?post=143996"}],"version-history":[{"count":0,"href":"https:\/\/www.europesays.com\/es\/wp-json\/wp\/v2\/posts\/143996\/revisions"}],"wp:featuredmedia":[{"embeddable":true,"href":"https:\/\/www.europesays.com\/es\/wp-json\/wp\/v2\/media\/143997"}],"wp:attachment":[{"href":"https:\/\/www.europesays.com\/es\/wp-json\/wp\/v2\/media?parent=143996"}],"wp:term":[{"taxonomy":"category","embeddable":true,"href":"https:\/\/www.europesays.com\/es\/wp-json\/wp\/v2\/categories?post=143996"},{"taxonomy":"post_tag","embeddable":true,"href":"https:\/\/www.europesays.com\/es\/wp-json\/wp\/v2\/tags?post=143996"}],"curies":[{"name":"wp","href":"https:\/\/api.w.org\/{rel}","templated":true}]}}