{"id":14400,"date":"2025-07-30T17:03:03","date_gmt":"2025-07-30T17:03:03","guid":{"rendered":"https:\/\/www.europesays.com\/es\/14400\/"},"modified":"2025-07-30T17:03:03","modified_gmt":"2025-07-30T17:03:03","slug":"micro-feria-del-libro-el-domingo-en-txokoto","status":"publish","type":"post","link":"https:\/\/www.europesays.com\/es\/14400\/","title":{"rendered":"&#8216;Micro Feria del Libro\u2019 el domingo en Txokoto"},"content":{"rendered":"<p>\n        Un total de<strong> 25 librer\u00edas, editoriales y colectivos,<\/strong> participar\u00e1n el pr\u00f3ximo<strong> domingo 3 de agosto en Elizondo<\/strong>, en la cuarta edici\u00f3n de la <strong>Micro Feria de Libro de Txokoto.<\/strong>\n<\/p>\n<p class=\"article-body__text \">\n        Organizada por <a href=\"https:\/\/www.noticiasdenavarra.com\/navarra\/2025\/02\/15\/txokoto-taberna-bar-elizondo-9283639.html\" title=\"Txokoto Taberna\" class=\"link copy\" rel=\"nofollow noopener\" target=\"_blank\">Txokoto Taberna<\/a> y <strong>como aperitivo<\/strong>, el s\u00e1bado d\u00eda 2 habr\u00e1 un<strong> concierto a las 20 horas del grupo indie argentino Bestia Beb\u00e9.<\/strong>\n<\/p>\n<p class=\"article-body__text \">\n        El domingo<strong> adem\u00e1s de la feria<\/strong>, habr\u00e1 presentaciones de libros, <strong>Amaia Kowasch y Aitor Garj\u00f3n presentar\u00e1n <\/strong><strong>Nombres que recorren el tiempo<\/strong>, 11 horas. A las 12.30 horas, <strong>Yolanda Arrieta presentar\u00e1 <\/strong><strong>Etxe Bat norberarena<\/strong><strong> <\/strong>y a las 18 horas habr\u00e1 <strong>recital de poes\u00eda con <\/strong><a href=\"https:\/\/www.noticiasdenavarra.com\/cultura\/2024\/12\/26\/ramon-andres-elogia-lentitud-nuevo-9096749.html\" title=\"Ram\u00f3n Andr\u00e9s\" class=\"link copy\" rel=\"nofollow noopener\" target=\"_blank\">Ram\u00f3n Andr\u00e9s<\/a>.\u00a0\u00a0<\/p>\n","protected":false},"excerpt":{"rendered":"Un total de 25 librer\u00edas, editoriales y colectivos, participar\u00e1n el pr\u00f3ximo domingo 3 de agosto en Elizondo, en&hellip;\n","protected":false},"author":2,"featured_media":14401,"comment_status":"","ping_status":"","sticky":false,"template":"","format":"standard","meta":{"footnotes":""},"categories":[172],"tags":[9668,224,1053,9667,146,147,25,24,599,906,1496,225,9665,185,23,9666],"class_list":{"0":"post-14400","1":"post","2":"type-post","3":"status-publish","4":"format-standard","5":"has-post-thumbnail","7":"category-libros","8":"tag-baztan","9":"tag-books","10":"tag-domingo","11":"tag-elizondo","12":"tag-entertainment","13":"tag-entretenimiento","14":"tag-es","15":"tag-espana","16":"tag-feria","17":"tag-librerias","18":"tag-libro","19":"tag-libros","20":"tag-micro","21":"tag-musica","22":"tag-spain","23":"tag-txokoto"},"share_on_mastodon":{"url":"","error":""},"_links":{"self":[{"href":"https:\/\/www.europesays.com\/es\/wp-json\/wp\/v2\/posts\/14400","targetHints":{"allow":["GET"]}}],"collection":[{"href":"https:\/\/www.europesays.com\/es\/wp-json\/wp\/v2\/posts"}],"about":[{"href":"https:\/\/www.europesays.com\/es\/wp-json\/wp\/v2\/types\/post"}],"author":[{"embeddable":true,"href":"https:\/\/www.europesays.com\/es\/wp-json\/wp\/v2\/users\/2"}],"replies":[{"embeddable":true,"href":"https:\/\/www.europesays.com\/es\/wp-json\/wp\/v2\/comments?post=14400"}],"version-history":[{"count":0,"href":"https:\/\/www.europesays.com\/es\/wp-json\/wp\/v2\/posts\/14400\/revisions"}],"wp:featuredmedia":[{"embeddable":true,"href":"https:\/\/www.europesays.com\/es\/wp-json\/wp\/v2\/media\/14401"}],"wp:attachment":[{"href":"https:\/\/www.europesays.com\/es\/wp-json\/wp\/v2\/media?parent=14400"}],"wp:term":[{"taxonomy":"category","embeddable":true,"href":"https:\/\/www.europesays.com\/es\/wp-json\/wp\/v2\/categories?post=14400"},{"taxonomy":"post_tag","embeddable":true,"href":"https:\/\/www.europesays.com\/es\/wp-json\/wp\/v2\/tags?post=14400"}],"curies":[{"name":"wp","href":"https:\/\/api.w.org\/{rel}","templated":true}]}}