{"id":144000,"date":"2025-09-28T10:06:26","date_gmt":"2025-09-28T10:06:26","guid":{"rendered":"https:\/\/www.europesays.com\/es\/144000\/"},"modified":"2025-09-28T10:06:26","modified_gmt":"2025-09-28T10:06:26","slug":"falta-de-respeto-mundial-a-raphinha","status":"publish","type":"post","link":"https:\/\/www.europesays.com\/es\/144000\/","title":{"rendered":"Falta de respeto mundial a Raphinha"},"content":{"rendered":"<p class=\"ft-text\">El Bal\u00f3n de Oro 2025 dej\u00f3 un detalle tan sorprendente como dif\u00edcil de entender: <strong>Raphinha <\/strong><a class=\"ft-link ft-link--decoration\" href=\"https:\/\/www.sport.es\/es\/noticias\/barca\/desveladas-puntuaciones-balon-oro-122001136\" rel=\"nofollow noopener\" target=\"_blank\">no recibi\u00f3 ni un solo voto en primera posici\u00f3n<\/a>. Lo desvel\u00f3 el periodista Fabrizio Romano con la lista oficial: <strong>Demb\u00e9l\u00e9 <\/strong>(73), <strong>Lamine Yamal <\/strong>(11), <strong>Vitinha <\/strong>(6), <strong>Salah <\/strong>(4), <strong>Hakimi <\/strong>(3), <strong>Mbapp\u00e9 <\/strong>(1), <strong>Kvaratskhelia <\/strong>(1) e incluso <strong>McTominay <\/strong>(1) lograron convencer a alg\u00fan elector. El brasile\u00f1o, en cambio, se qued\u00f3 con su casillero a cero.<\/p>\n<p class=\"ft-text\">La ausencia de reconocimiento choca frontalmente con la temporada que firm\u00f3. <strong>Raphinha jug\u00f3 64 partidos oficiales con el Bar\u00e7a, anot\u00f3 38 goles y reparti\u00f3 23 asistencias<\/strong>, lo que supone una participaci\u00f3n directa en 61 tantos. Adem\u00e1s, fue nombrado <strong>Mejor Jugador de LaLiga<\/strong>, conquistando el t\u00edtulo liguero, la <strong>Copa <\/strong>del Rey y la <strong>Supercopa <\/strong>de Espa\u00f1a. Todo ello sin que su nombre apareciera en las papeletas m\u00e1s prestigiosas del galard\u00f3n que organiza France Football.<\/p>\n<p class=\"ft-text\">De hecho, el brasile\u00f1o, contando las dianas anotadas con la camiseta del Bar\u00e7a y con la brasile\u00f1a, <strong>suma un gol m\u00e1s que Demb\u00e9l\u00e9 durante la temporada 2024\/25; as\u00ed como diez asistencias m\u00e1s<\/strong> que el ganador de la mayor distinci\u00f3n individual que puede recibir un futbolista.<\/p>\n<p class=\"ft-text\"><strong>Tampoco fue reconocido el trabajo de Pedri<\/strong>, dando un gran paso adelante en su trayectoria como futbolista profesional y firmando su mejor temporada. Fue el mejor del mundo en su posici\u00f3n y los \u00e9xitos del Bar\u00e7a no se explican sin el desempe\u00f1o del canario. No obstante, el centrocampista tan solo <strong>obtuvo una irrisoria 11\u00aa posici\u00f3n<\/strong>. Fuera del top 10. Inexplicable.<\/p>\n<p>El rey de la Champions<\/p>\n<p class=\"ft-text\">Los registros de Raphinha en Europa fueron de otra dimensi\u00f3n:\u00a0<strong>13 goles y nueve asistencias en 14 partidos<\/strong>. Fue el m\u00e1ximo anotador de aquella edici\u00f3n empatado con Sehou Guirassy, del Borussia Dortmund; aunque el internacional por Guinea vio puerta en cinco ocasiones desde el punto de penalti.<\/p>\n<p class=\"ft-text\">Particip\u00f3 directamente de cara a puerta en 12 de los 14 partidos, adem\u00e1s de hacerlo en todas las eliminatorias de la m\u00e1xima competici\u00f3n europea de clubes. Hat trick contra el <strong>Bayern de M\u00fanich <\/strong>en la Fase liga, as\u00ed como un doblete decisivo para certificar la remontada contra el <strong>Benfica<\/strong>, que clasific\u00f3 a los blaugranas directamente para los octavos de final. En aquella ronda el Bar\u00e7a anot\u00f3 cuatro goles: tres suyos y una asistencia de nuestro protagonista.<\/p>\n<p class=\"ft-text\">Gol y doblete de asistencias ante el <strong>Borussia <\/strong>en la capital catalana, otros dos pases de gol ante el <strong>Inter <\/strong>en Montju\u00efc y suyo fue el tanto que parec\u00eda que certificaba el pase a la final de la Champions en Mil\u00e1n; pero los de Hansi Flick se quedaron la miel en los labios. <strong>M\u00e9ritos m\u00e1s que suficientes para, como m\u00ednimo, entrar en el podio del Bal\u00f3n de Oro<\/strong>.<\/p>\n","protected":false},"excerpt":{"rendered":"El Bal\u00f3n de Oro 2025 dej\u00f3 un detalle tan sorprendente como dif\u00edcil de entender: Raphinha no recibi\u00f3 ni&hellip;\n","protected":false},"author":2,"featured_media":144001,"comment_status":"","ping_status":"","sticky":false,"template":"","format":"standard","meta":{"footnotes":""},"categories":[268],"tags":[168,25,24,1998,280,282,1070,11679,10588,281,23,167],"class_list":{"0":"post-144000","1":"post","2":"type-post","3":"status-publish","4":"format-standard","5":"has-post-thumbnail","7":"category-futbol","8":"tag-deportes","9":"tag-es","10":"tag-espana","11":"tag-falta","12":"tag-football","13":"tag-futbol","14":"tag-mundial","15":"tag-raphinha","16":"tag-respeto","17":"tag-soccer","18":"tag-spain","19":"tag-sports"},"share_on_mastodon":{"url":"","error":""},"_links":{"self":[{"href":"https:\/\/www.europesays.com\/es\/wp-json\/wp\/v2\/posts\/144000","targetHints":{"allow":["GET"]}}],"collection":[{"href":"https:\/\/www.europesays.com\/es\/wp-json\/wp\/v2\/posts"}],"about":[{"href":"https:\/\/www.europesays.com\/es\/wp-json\/wp\/v2\/types\/post"}],"author":[{"embeddable":true,"href":"https:\/\/www.europesays.com\/es\/wp-json\/wp\/v2\/users\/2"}],"replies":[{"embeddable":true,"href":"https:\/\/www.europesays.com\/es\/wp-json\/wp\/v2\/comments?post=144000"}],"version-history":[{"count":0,"href":"https:\/\/www.europesays.com\/es\/wp-json\/wp\/v2\/posts\/144000\/revisions"}],"wp:featuredmedia":[{"embeddable":true,"href":"https:\/\/www.europesays.com\/es\/wp-json\/wp\/v2\/media\/144001"}],"wp:attachment":[{"href":"https:\/\/www.europesays.com\/es\/wp-json\/wp\/v2\/media?parent=144000"}],"wp:term":[{"taxonomy":"category","embeddable":true,"href":"https:\/\/www.europesays.com\/es\/wp-json\/wp\/v2\/categories?post=144000"},{"taxonomy":"post_tag","embeddable":true,"href":"https:\/\/www.europesays.com\/es\/wp-json\/wp\/v2\/tags?post=144000"}],"curies":[{"name":"wp","href":"https:\/\/api.w.org\/{rel}","templated":true}]}}