{"id":144008,"date":"2025-09-28T10:10:18","date_gmt":"2025-09-28T10:10:18","guid":{"rendered":"https:\/\/www.europesays.com\/es\/144008\/"},"modified":"2025-09-28T10:10:18","modified_gmt":"2025-09-28T10:10:18","slug":"la-promesa-avance-del-capitulo-685-este-lunes-29-de-septiembre","status":"publish","type":"post","link":"https:\/\/www.europesays.com\/es\/144008\/","title":{"rendered":"La Promesa, avance del cap\u00edtulo 685 este lunes 29 de septiembre"},"content":{"rendered":"<p>\u00c1ngela (Marta Costa) no est\u00e1 dispuesta en La Promesa a contraer matrimonio con Lorenzo (<a href=\"https:\/\/www.elindependiente.com\/series-y-television\/2025\/02\/26\/guillermo-serrano-lorenzo-la-promesa-besos-actores\/\" rel=\"nofollow noopener\" target=\"_blank\">Guillermo Serrano<\/a>). La estudiante de abogac\u00eda reta al capit\u00e1n de la Mata y, con Martina (Amparo Pi\u00f1ero) como testigo, le acusa de haber maltratado a do\u00f1a Eugenia antes de internarla en un sanatorio. \u00c1ngela morir\u00e1 matando. Lorenzo solicita a Leocadia de su colaboraci\u00f3n. Si no lo hace, su secreto saldr\u00e1 a la luz: <a href=\"https:\/\/www.elindependiente.com\/series-y-television\/2025\/09\/08\/quien-mato-jana-la-promesa\/\" rel=\"nofollow noopener\" target=\"_blank\">ella mat\u00f3 a Jana<\/a>. \u00c1ngela insiste a su madre: debe impedir su enlace con Lorenzo. <a href=\"https:\/\/www.elindependiente.com\/series-y-television\/2025\/03\/15\/la-promesa-leocadia-isabel-serrano-actriz\/\" rel=\"nofollow noopener\" target=\"_blank\">Leocadia de Figueroa<\/a> no da su brazo a torcer y advierte a su hija: que no se atreva a fugarse con Curro (Xavi Lock).<\/p>\n<p>No es la \u00fanica batalla que se est\u00e1 librando en <strong>La Promesa<\/strong>. Ballesteros (<a href=\"https:\/\/www.elindependiente.com\/series-y-television\/2025\/07\/08\/cristobal-ballesteros-la-promesa-mayordomo-jefe\/\" rel=\"nofollow noopener\" target=\"_blank\">Fernando Coronado<\/a>) persiste en su liderazgo con pu\u00f1o de hierro. Pero en la zona del servicio, Mar\u00eda Fern\u00e1ndez (Sara Molina) y el padre Samuel (Daniel Schroeder) tienen otra preocupaci\u00f3n: la salud de Petra (Marga Mart\u00ednez). El ama de llaves cada vez est\u00e1 peor. \u00bfPetra muere en La Promesa? Tras la desaparici\u00f3n de Catalina (<a href=\"https:\/\/www.elindependiente.com\/series-y-television\/2025\/09\/23\/la-promesa-adios-catalina-gran-incognita\/\" rel=\"nofollow noopener\" target=\"_blank\">Carmen Asecas<\/a>), a <a href=\"https:\/\/www.elindependiente.com\/series-y-television\/2025\/03\/25\/josep-cister-la-promesa-entrevista\/\" rel=\"nofollow noopener\" target=\"_blank\">Josep Cister<\/a> le crecen los enanos&#8230; Todo hace indicar que Martina se har\u00e1 cargo de Andr\u00e9s y Rafaela.<\/p>\n<p><img loading=\"lazy\" decoding=\"async\" width=\"990\" height=\"558\" src=\"data:image\/svg+xml,%3Csvg%20xmlns=\" http:=\"\" alt=\"\" class=\"wp-image-4272555\" data-lazy- data-lazy- data-lazy-src=\"https:\/\/www.europesays.com\/es\/wp-content\/uploads\/2025\/09\/martina-promesa-amparo-pinero-990x558.jpg\"\/><\/p>\n<p>Avance del cap\u00edtulo 685 de La Promesa este lunes 29 de septiembre<\/p>\n<p>Teresa (Andrea del R\u00edo) est\u00e1 preocupada por el estado de salud de Petra. El ama de llaves debe probar bocado para su recuperaci\u00f3n. Candela (Teresa Quintero) avisa a sus compa\u00f1eras de servicio: si Petra ha perdido el apetito es que est\u00e1 a punto de morir. Alonso, tras el \u00faltimo parte de Curro, se encara a Ballesteros y le pide explicaciones sobre la tardanza de P\u00eda en regresar desde Aranjuez a C\u00f3rdoba. El mayordomo jefe no tiene excusa que valga. <\/p>\n<p>            <a class=\"articulo-relacionado__media\" href=\"https:\/\/www.elindependiente.com\/series-y-television\/2025\/09\/28\/la-promesa-avance-semanal-del-29-de-septiembre-al-viernes-3-de-octubre-petra-muere\/\" title=\"La Promesa, avance semanal del 29 de septiembre al viernes 3 de octubre: \u00bfPetra muere?\" rel=\"nofollow noopener\" target=\"_blank\"><\/p>\n<p>                <img loading=\"lazy\" decoding=\"async\" src=\"data:image\/svg+xml,%3Csvg%20xmlns=\" http:=\"\" width=\"390\" height=\"220\" alt=\"La Promesa, avance semanal del 29 de septiembre al viernes 3 de octubre: \u00bfPetra muere?\" data-lazy-src=\"https:\/\/www.europesays.com\/es\/wp-content\/uploads\/2025\/09\/lapromesabambuproducciones-cap687-ff-06-390x220.jpg\"\/><\/p>\n<p>\t\t\t            <\/a><\/p>\n<p>Curro tensa la cuerda y reta nuevamente a Lorenzo: el capit\u00e1n de la Mata s\u00f3lo quiere casarse con \u00c1ngela para hacer da\u00f1o a su hijo adoptivo. Lorenzo le da la raz\u00f3n. Manuel da carpetazo a la marcha aparentemente voluntaria de Catalina, pero Simona y Candela no creen su versi\u00f3n. Lope, tras avistar a Federico en las cercan\u00edas de La Promesa, tiene una conversaci\u00f3n de hombre a hombre con el hermano de Vera: su padre no es trigo limpio. Federico agarra a Lope por las solapas. Curro hace una proposici\u00f3n a Lorenzo: \u00e9l desaparecer\u00e1 de La Promesa si cancela su boda con \u00c1ngela.<\/p>\n<p>            <a class=\"articulo-relacionado__media\" href=\"https:\/\/www.elindependiente.com\/series-y-television\/2025\/09\/26\/valle-salvaje-avance-capitulo-264-lunes-29-septiembre\/\" title=\"Valle Salvaje, avance del cap\u00edtulo 264 este lunes 29 de septiembre: don Hernando anuncia el compromiso de Leonardo\" rel=\"nofollow noopener\" target=\"_blank\"><\/p>\n<p>                <img loading=\"lazy\" decoding=\"async\" src=\"data:image\/svg+xml,%3Csvg%20xmlns=\" http:=\"\" width=\"390\" height=\"220\" alt=\"Valle Salvaje, avance del cap\u00edtulo 264 este lunes 29 de septiembre: don Hernando anuncia el compromiso de Leonardo\" data-lazy-src=\"https:\/\/www.europesays.com\/es\/wp-content\/uploads\/2025\/09\/leonardo-se-casa-con-barbara-valle-salvaje-390x220.jpg\"\/><\/p>\n<p>\t\t\t            <\/a><\/p>\n<p>PUBLICIDAD<\/p>\n","protected":false},"excerpt":{"rendered":"\u00c1ngela (Marta Costa) no est\u00e1 dispuesta en La Promesa a contraer matrimonio con Lorenzo (Guillermo Serrano). La estudiante&hellip;\n","protected":false},"author":2,"featured_media":144009,"comment_status":"","ping_status":"","sticky":false,"template":"","format":"standard","meta":{"footnotes":""},"categories":[171],"tags":[146,147,25,24,11031,19218,23,214],"class_list":{"0":"post-144008","1":"post","2":"type-post","3":"status-publish","4":"format-standard","5":"has-post-thumbnail","7":"category-tv","8":"tag-entertainment","9":"tag-entretenimiento","10":"tag-es","11":"tag-espana","12":"tag-la-promesa","13":"tag-redaccion","14":"tag-spain","15":"tag-tv"},"share_on_mastodon":{"url":"","error":""},"_links":{"self":[{"href":"https:\/\/www.europesays.com\/es\/wp-json\/wp\/v2\/posts\/144008","targetHints":{"allow":["GET"]}}],"collection":[{"href":"https:\/\/www.europesays.com\/es\/wp-json\/wp\/v2\/posts"}],"about":[{"href":"https:\/\/www.europesays.com\/es\/wp-json\/wp\/v2\/types\/post"}],"author":[{"embeddable":true,"href":"https:\/\/www.europesays.com\/es\/wp-json\/wp\/v2\/users\/2"}],"replies":[{"embeddable":true,"href":"https:\/\/www.europesays.com\/es\/wp-json\/wp\/v2\/comments?post=144008"}],"version-history":[{"count":0,"href":"https:\/\/www.europesays.com\/es\/wp-json\/wp\/v2\/posts\/144008\/revisions"}],"wp:featuredmedia":[{"embeddable":true,"href":"https:\/\/www.europesays.com\/es\/wp-json\/wp\/v2\/media\/144009"}],"wp:attachment":[{"href":"https:\/\/www.europesays.com\/es\/wp-json\/wp\/v2\/media?parent=144008"}],"wp:term":[{"taxonomy":"category","embeddable":true,"href":"https:\/\/www.europesays.com\/es\/wp-json\/wp\/v2\/categories?post=144008"},{"taxonomy":"post_tag","embeddable":true,"href":"https:\/\/www.europesays.com\/es\/wp-json\/wp\/v2\/tags?post=144008"}],"curies":[{"name":"wp","href":"https:\/\/api.w.org\/{rel}","templated":true}]}}