{"id":144021,"date":"2025-09-28T10:20:08","date_gmt":"2025-09-28T10:20:08","guid":{"rendered":"https:\/\/www.europesays.com\/es\/144021\/"},"modified":"2025-09-28T10:20:08","modified_gmt":"2025-09-28T10:20:08","slug":"el-ayuntamiento-concedera-la-medalla-de-oro-de-jerez-a-la-virgen-de-las-angustias","status":"publish","type":"post","link":"https:\/\/www.europesays.com\/es\/144021\/","title":{"rendered":"El Ayuntamiento conceder\u00e1 la Medalla de Oro de Jerez a la Virgen de Las Angustias"},"content":{"rendered":"<p>La Junta de Gobierno Local ha aprobado el inicio del procedimiento para la concesi\u00f3n del t\u00edtulo de la<strong> Medalla de Oro de Jerez <\/strong>a la imagen de Nuestra Se\u00f1ora de Las Angustias, titular de la Antigua y Venerable Hermandad de Nuestra Se\u00f1ora de Las Angustias. Esta proposici\u00f3n viene motivada \u201cpor la enorme devoci\u00f3n y fervor que han venido profesando desde tiempo inmemorial los fieles de nuestra ciudad, veneraci\u00f3n que se ha mantenido ininterrumpida durante los cinco siglos de historia que la unen al pueblo de Jerez\u201d, tal y como consta en su correspondiente expediente.<\/p>\n<p>Con este acuerdo, se da respuesta a la solicitud de la <strong>Hermandad de Nuestra Se\u00f1ora de Las Angustias<\/strong>, que hab\u00eda propuesto la concesi\u00f3n de la Medalla de Oro de la ciudad a su titular para conmemorar la celebraci\u00f3n, durante este a\u00f1o 2025, del Centenario de la Reorganizaci\u00f3n de esta Antigua y Venerable Hermandad, ocurrida en el a\u00f1o 1925. Para ello, esta entidad present\u00f3 en el Ayuntamiento las firmas recogidas para la adhesi\u00f3n a la solicitud de la Medalla de Oro, que se elevan a 1.679 entre particulares, personas pertenecientes al mundo cofrade, empresas y otros colectivos.<\/p>\n<p>Seg\u00fan se explica en la documentaci\u00f3n relativa a este expediente, \u201cpor mediaci\u00f3n de Nuestra Se\u00f1ora de Las Angustias, su hermandad sigue auxiliando y protegiendo a aquellos jerezanos y for\u00e1neos m\u00e1s desfavorecidos, sin distinci\u00f3n de clase, raza o creencia, todo ello mediante el <strong>desarrollo de una importante obra social<\/strong>, en forma de colaboraci\u00f3n econ\u00f3mica y humana con distintos centros asistenciales\u201d.<\/p>\n<p>Asimismo, y en relaci\u00f3n a esta imagen tan venerada, se destaca que existen<strong> lazos hist\u00f3ricos de uni\u00f3n entre el pueblo de Jerez<\/strong> y la vieja \u201cHermandad del Humilladero\u201d, adem\u00e1s de ser referente de muchos ciudadanos.<\/p>\n","protected":false},"excerpt":{"rendered":"La Junta de Gobierno Local ha aprobado el inicio del procedimiento para la concesi\u00f3n del t\u00edtulo de la&hellip;\n","protected":false},"author":2,"featured_media":144022,"comment_status":"","ping_status":"","sticky":false,"template":"","format":"standard","meta":{"footnotes":""},"categories":[5],"tags":[17,18,25,24,13,14,11,19,20,9,10,15,16,23,12,21,22],"class_list":{"0":"post-144021","1":"post","2":"type-post","3":"status-publish","4":"format-standard","5":"has-post-thumbnail","7":"category-titulares","8":"tag-breaking-news","9":"tag-breakingnews","10":"tag-es","11":"tag-espana","12":"tag-featured-news","13":"tag-featurednews","14":"tag-headlines","15":"tag-latest-news","16":"tag-latestnews","17":"tag-news","18":"tag-noticias","19":"tag-noticias-destacadas","20":"tag-noticiasdestacadas","21":"tag-spain","22":"tag-titulares","23":"tag-ultimas-noticias","24":"tag-ultimasnoticias"},"share_on_mastodon":{"url":"","error":""},"_links":{"self":[{"href":"https:\/\/www.europesays.com\/es\/wp-json\/wp\/v2\/posts\/144021","targetHints":{"allow":["GET"]}}],"collection":[{"href":"https:\/\/www.europesays.com\/es\/wp-json\/wp\/v2\/posts"}],"about":[{"href":"https:\/\/www.europesays.com\/es\/wp-json\/wp\/v2\/types\/post"}],"author":[{"embeddable":true,"href":"https:\/\/www.europesays.com\/es\/wp-json\/wp\/v2\/users\/2"}],"replies":[{"embeddable":true,"href":"https:\/\/www.europesays.com\/es\/wp-json\/wp\/v2\/comments?post=144021"}],"version-history":[{"count":0,"href":"https:\/\/www.europesays.com\/es\/wp-json\/wp\/v2\/posts\/144021\/revisions"}],"wp:featuredmedia":[{"embeddable":true,"href":"https:\/\/www.europesays.com\/es\/wp-json\/wp\/v2\/media\/144022"}],"wp:attachment":[{"href":"https:\/\/www.europesays.com\/es\/wp-json\/wp\/v2\/media?parent=144021"}],"wp:term":[{"taxonomy":"category","embeddable":true,"href":"https:\/\/www.europesays.com\/es\/wp-json\/wp\/v2\/categories?post=144021"},{"taxonomy":"post_tag","embeddable":true,"href":"https:\/\/www.europesays.com\/es\/wp-json\/wp\/v2\/tags?post=144021"}],"curies":[{"name":"wp","href":"https:\/\/api.w.org\/{rel}","templated":true}]}}