{"id":144023,"date":"2025-09-28T10:21:09","date_gmt":"2025-09-28T10:21:09","guid":{"rendered":"https:\/\/www.europesays.com\/es\/144023\/"},"modified":"2025-09-28T10:21:09","modified_gmt":"2025-09-28T10:21:09","slug":"derrota-clara-del-fuentes-carrionas-en-su-estreno-liguero-en-leganes-45-20","status":"publish","type":"post","link":"https:\/\/www.europesays.com\/es\/144023\/","title":{"rendered":"Derrota clara del Fuentes Carrionas en su estreno liguero en Legan\u00e9s (45-20)"},"content":{"rendered":"<p>            <a href=\"https:\/\/www.palenciaenlared.es\/wp-content\/uploads\/2025\/09\/BM-Fuentes-Carrionas-en-Leganes.jpeg\" data-caption=\"BM Fuentes Carrionas en Legan\u00e9s\" rel=\"nofollow noopener\" target=\"_blank\"><img loading=\"lazy\" decoding=\"async\" width=\"696\" height=\"321\" class=\"entry-thumb td-modal-image\" src=\"https:\/\/www.europesays.com\/es\/wp-content\/uploads\/2025\/09\/BM-Fuentes-Carrionas-en-Leganes-696x321.jpeg\"   alt=\"BM Fuentes Carrionas en Legan\u00e9s\" title=\"BM Fuentes Carrionas en Legan\u00e9s\"\/><\/a>BM Fuentes Carrionas en Legan\u00e9s<br \/>\n            <strong data-start=\"232\" data-end=\"398\">El equipo palentino cay\u00f3 con contundencia ante el Healthy Poke BM Legan\u00e9s en la primera jornada de la Divisi\u00f3n de Honor Plata Femenina<\/strong><\/p>\n<p data-start=\"400\" data-end=\"739\">El BM Fuentes Carrionas inici\u00f3 su andadura en la temporada 2025\/26 con una dura derrota en Legan\u00e9s. El equipo palentino se top\u00f3 con un rival muy superior desde los primeros compases y acab\u00f3 cediendo por un claro 45-20 en la pista madrile\u00f1a.\n<\/p>\n<p data-start=\"741\" data-end=\"1062\">El arranque ya fue cuesta arriba. El Legan\u00e9s abri\u00f3 con un parcial de 7-1 que oblig\u00f3 al entrenador del equipo palentino a tomar tiempo muerto; a\u00fan as\u00ed, las madrile\u00f1as continuaron abriendo brecha en el marcador con el paso de los minutos, dejando sin opciones a un Fuentes Carrionas que lleg\u00f3 al descanso con una desventaja amplia (24-8).\n<\/p>\n<p data-start=\"741\" data-end=\"1062\">En la segunda parte la din\u00e1mica se mantuvo, pese a un arranque en el que las palentinas metieron un 0-3 a favor en los primeros minutos; las madrile\u00f1as siguieron ampliando diferencias hasta el resultado final de 45-20. Adem\u00e1s, el t\u00e9cnico del Fuentes Carrionas, Iker D\u00edaz, recibi\u00f3 una exclusi\u00f3n y, m\u00e1s tarde, una tarjeta roja en mitad de este segundo per\u00edodo. En ataque, Ariadna Vargas, con 6 goles, y Sara Alonso y Miriam Laso (con 4 tantos cada una) fueron las m\u00e1s destacadas del conjunto palentino.\n<\/p>\n<p data-start=\"1414\" data-end=\"1759\">El marcador final (45-20) refleja la dureza del estreno, pero tambi\u00e9n deja margen de aprendizaje para un grupo que afronta el reto de consolidarse en la categor\u00eda tras la sufrida permanencia del curso pasado. El Fuentes Carrionas buscar\u00e1 ahora rehacerse en la pr\u00f3xima jornada que se jugar\u00e1 en casa, en la Bombonevera, el pr\u00f3ximo s\u00e1bado 4 de octubre a las 18:00 horas frente al Hand Vall Valladolid.\n<\/p>\n<p><a class=\"gofollow\" data-track=\"MzU2NiwyOSwxLDYw\" href=\"https:\/\/www.laboralkutxa.com\/es\/personas\/ahorro-inversion\/depositos\/deposito-bienvenida\/\" target=\"_blank\" rel=\"nofollow noopener\"><img decoding=\"async\" src=\"https:\/\/www.europesays.com\/es\/wp-content\/uploads\/2025\/09\/300x400-es.gif\"\/><\/a><\/p>\n<p>\n-Publicidad-<\/p>\n","protected":false},"excerpt":{"rendered":"BM Fuentes Carrionas en Legan\u00e9s El equipo palentino cay\u00f3 con contundencia ante el Healthy Poke BM Legan\u00e9s en&hellip;\n","protected":false},"author":2,"featured_media":144024,"comment_status":"","ping_status":"","sticky":false,"template":"","format":"standard","meta":{"footnotes":""},"categories":[278],"tags":[376,634,168,25,24,375,23,167],"class_list":{"0":"post-144023","1":"post","2":"type-post","3":"status-publish","4":"format-standard","5":"has-post-thumbnail","7":"category-balonmano","8":"tag-balonmano","9":"tag-deporte","10":"tag-deportes","11":"tag-es","12":"tag-espana","13":"tag-handball","14":"tag-spain","15":"tag-sports"},"share_on_mastodon":{"url":"","error":""},"_links":{"self":[{"href":"https:\/\/www.europesays.com\/es\/wp-json\/wp\/v2\/posts\/144023","targetHints":{"allow":["GET"]}}],"collection":[{"href":"https:\/\/www.europesays.com\/es\/wp-json\/wp\/v2\/posts"}],"about":[{"href":"https:\/\/www.europesays.com\/es\/wp-json\/wp\/v2\/types\/post"}],"author":[{"embeddable":true,"href":"https:\/\/www.europesays.com\/es\/wp-json\/wp\/v2\/users\/2"}],"replies":[{"embeddable":true,"href":"https:\/\/www.europesays.com\/es\/wp-json\/wp\/v2\/comments?post=144023"}],"version-history":[{"count":0,"href":"https:\/\/www.europesays.com\/es\/wp-json\/wp\/v2\/posts\/144023\/revisions"}],"wp:featuredmedia":[{"embeddable":true,"href":"https:\/\/www.europesays.com\/es\/wp-json\/wp\/v2\/media\/144024"}],"wp:attachment":[{"href":"https:\/\/www.europesays.com\/es\/wp-json\/wp\/v2\/media?parent=144023"}],"wp:term":[{"taxonomy":"category","embeddable":true,"href":"https:\/\/www.europesays.com\/es\/wp-json\/wp\/v2\/categories?post=144023"},{"taxonomy":"post_tag","embeddable":true,"href":"https:\/\/www.europesays.com\/es\/wp-json\/wp\/v2\/tags?post=144023"}],"curies":[{"name":"wp","href":"https:\/\/api.w.org\/{rel}","templated":true}]}}