{"id":144031,"date":"2025-09-28T10:27:08","date_gmt":"2025-09-28T10:27:08","guid":{"rendered":"https:\/\/www.europesays.com\/es\/144031\/"},"modified":"2025-09-28T10:27:08","modified_gmt":"2025-09-28T10:27:08","slug":"montezemolo-traiciona-a-alonso","status":"publish","type":"post","link":"https:\/\/www.europesays.com\/es\/144031\/","title":{"rendered":"Montezemolo \u2018traiciona\u2019 a Alonso"},"content":{"rendered":"<p class=\"Paragraph-module-scss-module__YTaiWG__paragraph\"><strong>Luca Cordero di Montezemolo<\/strong> est\u00e1 fuertemente vinculado a la historia de Ferrari. No en vano, lleg\u00f3 a la casa italiana en 1973. Desde entonces, ha desempe\u00f1ado varios cargos, incluido el de director de la <strong>Scuderia Ferrari<\/strong> en la F\u00f3rmula 1 y tambi\u00e9n el de presidente de la compa\u00f1\u00eda.<\/p>\n<p class=\"Paragraph-module-scss-module__YTaiWG__paragraph\">Su etapa en Maranello finaliz\u00f3 en 2015, pero Luca di Montezemolo se sentir\u00e1 ferrarista siempre y, tambi\u00e9n, con derecho a opinar sobre todo lo relacionado con la escuadra italiana en la categor\u00eda reina. Y lo ha hecho.<\/p>\n<p class=\"Paragraph-module-scss-module__YTaiWG__paragraph Paragraph-module-scss-module__YTaiWG__paragraph--highlighted\">\u00abSainz y Leclerc eran una muy buena pareja para Ferrari\u00bb<\/p>\n<p>Ni Alonso, ni Hamilton<\/p>\n<p class=\"Paragraph-module-scss-module__YTaiWG__paragraph\">En unas <a class=\"Button-module-scss-module__pf66aq__link Button-module-scss-module__pf66aq__link--content NewsContent-module-scss-module__6_SHrq__news-content__link\" href=\"https:\/\/www.reuters.com\/sports\/formula1\/verstappen-is-by-far-best-says-ex-ferrari-boss-montezemolo-2025-09-26\/\" rel=\"noopener nofollow\" target=\"_blank\">declaraciones concedidas a Reuters<\/a>, Luca di Montezemolo ha afirmado que el mejor piloto de la F\u00f3rmula 1 no est\u00e1 en Ferrari y, por tanto, no es <strong>Lewis Hamilton<\/strong>, ni tampoco Charles Leclerc.<\/p>\n<p class=\"Paragraph-module-scss-module__YTaiWG__paragraph\">El fichaje del heptacampe\u00f3n del mundo provoc\u00f3 un terremoto en la <strong>F\u00f3rmula 1<\/strong> y dispar\u00f3 la ilusi\u00f3n en una gran parte de los ferraristas, aunque tambi\u00e9n provoc\u00f3 escepticismo en muchos de ellos. \u00bfLa raz\u00f3n? Una \u00faltima temporada en Mercedes que, visto lo visto, fue un calco de la actual en Ferrari.<\/p>\n<p class=\"Paragraph-module-scss-module__YTaiWG__paragraph\">Luca di Montezemolo considera que Ferrari se equivoc\u00f3 al romper la pareja <strong>Sainz-Leclerc<\/strong>, pero de igual modo tiene muy claro que el mejor piloto de la actualidad no es tampoco el espa\u00f1ol. Ni tampoco su compatriota, Fernando Alonso, a quien siempre ha se\u00f1alado como un piloto que trasciende su \u00e9poca.<\/p>\n<p class=\"Paragraph-module-scss-module__YTaiWG__paragraph\">\u00abHoy tengo que decir que, <strong>para m\u00ed, Verstappen es, con diferencia, el n\u00famero 1<\/strong>. Incluso en la \u00faltima carrera en Bak\u00fa, en condiciones dif\u00edciles, nunca perdi\u00f3 el control. Siempre fue r\u00e1pido, nunca comete errores\u00bb, ha apuntado el otrora presidente de Ferrari.<\/p>\n<p class=\"Paragraph-module-scss-module__YTaiWG__paragraph\"><strong>\u00abSainz y Leclerc eran una muy buena pareja [para Ferrari]<\/strong>. Pero no hay duda de que Verstappen es, con diferencia, el mejor en mi opini\u00f3n. Por mucho\u00bb, reitera Luca di Montezemolo, que ya no ve en Fernando Alonso a la referencia de la parrilla, sino al tetracampe\u00f3n neerland\u00e9s de apenas 27 a\u00f1os.<\/p>\n<p>Ferrari no est\u00e1 bien gestionado<\/p>\n<p class=\"Paragraph-module-scss-module__YTaiWG__paragraph\"><strong>Luca di Montezemolo<\/strong> tambi\u00e9n ha opinado sobre la actual situaci\u00f3n en la Scuderia Ferrari. Tras quedarse a un paso del t\u00edtulo mundial de constructores en 2024, el equipo italiano ha dado un claro paso atr\u00e1s este a\u00f1o y, con <a class=\"Button-module-scss-module__pf66aq__link Button-module-scss-module__pf66aq__link--content NewsContent-module-scss-module__6_SHrq__news-content__link\" href=\"https:\/\/www.motor.es\/formula-1\/clasificacion-2025\" rel=\"nofollow noopener\" target=\"_blank\">menos de la mitad de puntos que McLaren<\/a>, aspira a no verse superado por Mercedes y Red Bull.<\/p>\n<p class=\"Paragraph-module-scss-module__YTaiWG__paragraph\">Hace unos meses, el exdirigente de la casa italiana afirm\u00f3 que la Ferrari actual no tiene alma, y ahora reitera su desaprobaci\u00f3n a la gesti\u00f3n que est\u00e1 realizando Fr\u00e9d\u00e9ric Vasseur. \u00abSi ma\u00f1ana por la ma\u00f1ana me veo obligado a trabajar en Ferrari, <strong>en una semana tengo claro a qui\u00e9n poner en diferentes puestos\u00bb<\/strong>.<\/p>\n<p><img figcaption=\"Fr\u00e9d\u00e9ric Vasseur, director del equipo Ferrari\" alt=\"\" loading=\"lazy\" width=\"1280\" height=\"721\" decoding=\"async\" data-nimg=\"1\" class=\"Image-module-scss-module__gObqBW__img\" style=\"color:transparent\"   src=\"https:\/\/www.europesays.com\/es\/wp-content\/uploads\/2025\/09\/montezemolo-traiciona-alonso-2025110264-1759051975_1.jpg\"\/>Fr\u00e9d\u00e9ric Vasseur, director del equipo Ferrari<\/p>\n<p class=\"Paragraph-module-scss-module__YTaiWG__paragraph\">Adem\u00e1s, Luca di Montezemolo recuerda al predecesor del franc\u00e9s, Mattia Binotto, ahora al frente del proyecto de Sauber y Audi. <strong>\u00abEstoy feliz por Binotto\u2026 est\u00e1 invirtiendo en el futuro<\/strong> con un buen joven piloto brasile\u00f1o [Gabriel Bortoleto], mirando hacia el futuro\u00bb, concluye.<\/p>\n<p class=\"Paragraph-module-scss-module__YTaiWG__paragraph\">Ferrari cumple iguala este a\u00f1o su peor racha de la historia sin ganar el campeonato de constructores (16 a\u00f1os, la anterior fue entre 1983 y 1999. En cuanto al de pilotos, Michael Schumacher rompi\u00f3 21 a\u00f1os de sequ\u00eda en 2000, y ya han pasado 18 a\u00f1os desde el que consigui\u00f3 Kimi R\u00e4ikk\u00f6nen en 2007.<\/p>\n<p data-mrf-recirculation=\"Motor.es - Noticia - Follow Discover\" class=\"Paragraph-module-scss-module__YTaiWG__paragraph Paragraph-module-scss-module__YTaiWG__paragraph--blockquote\">S\u00edguenos en Google Discover y mantente informado de las \u00faltimas noticias del motor. <a class=\"Button-module-scss-module__pf66aq__link Button-module-scss-module__pf66aq__link--content\" href=\"https:\/\/profile.google.com\/cp\/GhVodHRwczovL3d3dy5tb3Rvci5lcy9aDS9nL2psMG42N2V6cnBiDS9nL2Rpa2gyb2V1bjAyDS9nLzkzdXUzN2N0cm0KDS9nLzExZjUwbWp5Mnk6DC9nLzEyNjludHpicEINL2cvMTFkZHp5eTdmc0oIL20vMDZfZG5SCS9tLzAxc20zdw?pf=0\" target=\"_blank\" rel=\"nofollow noopener\">Haz click aqu\u00ed<\/a><\/p>\n","protected":false},"excerpt":{"rendered":"Luca Cordero di Montezemolo est\u00e1 fuertemente vinculado a la historia de Ferrari. No en vano, lleg\u00f3 a la&hellip;\n","protected":false},"author":2,"featured_media":144032,"comment_status":"","ping_status":"","sticky":false,"template":"","format":"standard","meta":{"footnotes":""},"categories":[270],"tags":[168,25,24,306,271,272,23,167],"class_list":{"0":"post-144031","1":"post","2":"type-post","3":"status-publish","4":"format-standard","5":"has-post-thumbnail","7":"category-formula-1","8":"tag-deportes","9":"tag-es","10":"tag-espana","11":"tag-f1","12":"tag-formula-1","13":"tag-formula1","14":"tag-spain","15":"tag-sports"},"share_on_mastodon":{"url":"","error":""},"_links":{"self":[{"href":"https:\/\/www.europesays.com\/es\/wp-json\/wp\/v2\/posts\/144031","targetHints":{"allow":["GET"]}}],"collection":[{"href":"https:\/\/www.europesays.com\/es\/wp-json\/wp\/v2\/posts"}],"about":[{"href":"https:\/\/www.europesays.com\/es\/wp-json\/wp\/v2\/types\/post"}],"author":[{"embeddable":true,"href":"https:\/\/www.europesays.com\/es\/wp-json\/wp\/v2\/users\/2"}],"replies":[{"embeddable":true,"href":"https:\/\/www.europesays.com\/es\/wp-json\/wp\/v2\/comments?post=144031"}],"version-history":[{"count":0,"href":"https:\/\/www.europesays.com\/es\/wp-json\/wp\/v2\/posts\/144031\/revisions"}],"wp:featuredmedia":[{"embeddable":true,"href":"https:\/\/www.europesays.com\/es\/wp-json\/wp\/v2\/media\/144032"}],"wp:attachment":[{"href":"https:\/\/www.europesays.com\/es\/wp-json\/wp\/v2\/media?parent=144031"}],"wp:term":[{"taxonomy":"category","embeddable":true,"href":"https:\/\/www.europesays.com\/es\/wp-json\/wp\/v2\/categories?post=144031"},{"taxonomy":"post_tag","embeddable":true,"href":"https:\/\/www.europesays.com\/es\/wp-json\/wp\/v2\/tags?post=144031"}],"curies":[{"name":"wp","href":"https:\/\/api.w.org\/{rel}","templated":true}]}}