{"id":144041,"date":"2025-09-28T10:32:12","date_gmt":"2025-09-28T10:32:12","guid":{"rendered":"https:\/\/www.europesays.com\/es\/144041\/"},"modified":"2025-09-28T10:32:12","modified_gmt":"2025-09-28T10:32:12","slug":"el-hilo-que-conecta-mis-novelas-me-ha-puesto-el-liston-muy-alto","status":"publish","type":"post","link":"https:\/\/www.europesays.com\/es\/144041\/","title":{"rendered":"El hilo que conecta mis novelas me ha puesto el list\u00f3n muy alto"},"content":{"rendered":"<p class=\"ft-text ft-helper-align-justify\">Desde que decid\u00ed escribir <strong>&#8216;Palmeras en la nieve&#8217;<\/strong> hasta que fue publicada en 2012 pasaron cinco a\u00f1os en los que mis beb\u00e9s se convirtieron en ni\u00f1os. Sonr\u00edo al evocarme como una actriz desdoblada en m\u00faltiples personajes mientras me encargaba de tareas dom\u00e9sticas tras horas dedicadas al estudio: me repet\u00eda en voz alta los di\u00e1logos de la novela para que no se me olvidasen. Durante a\u00f1os, por la ventana de mi despacho he visto la caprichosa relaci\u00f3n entre nubes y crestas, la crueldad del mes de abril en un lugar de primaveras tard\u00edas, la explosiva rojez del paisaje oto\u00f1al y el envidiable deambular del ganado vacuno, pero mi mente ha viajado a Guinea Ecuatorial, a aldeas pirenaicas espa\u00f1olas y francesas de los siglos XVI y XIX, al mundo rural en transformaci\u00f3n del XX, a la Luisiana espa\u00f1ola del XVIII y, \u00faltimamente, a la California de mediados del XIX.<\/p>\n<p class=\"ft-text ft-helper-align-justify\">Todas mis novelas han surgido de la fusi\u00f3n entre un concepto, un v\u00ednculo personal m\u00e1s o menos directo con la historia y mis ganas de indagar sobre un contexto convulso. En &#8216;Palmeras en la nieve&#8217; reflexiono sobre la identidad a trav\u00e9s de la experiencia de mi padre y de mis abuelos; en &#8216;Regreso a tu piel&#8217; sobre el miedo individual y colectivo a ra\u00edz de un tr\u00e1gico suceso local; en &#8216;Como fuego en el hielo&#8217; contrapongo el impulso de la pasi\u00f3n al freno de la raz\u00f3n; en &#8216;El latido de la tierra&#8217; me centro en el paso y el peso del tiempo; en &#8216;Lejos de Luisiana&#8217;, en la fortaleza necesaria para continuar adelante; y en <strong>&#8216;Coraz\u00f3n de oro&#8217;<\/strong>, en la bondad.<\/p>\n<p class=\"ft-text ft-helper-align-justify\">Hay un hilo conductor invisible pero tenaz que une todas mis historias. Cada una existe gracias a las anteriores. Sin haber abordado antes la presencia de Espa\u00f1a en las tierras del Misisipi, por ejemplo, no podr\u00eda haber escrito &#8216;Coraz\u00f3n de oro&#8217;. Me intriga mucho qu\u00e9 ser\u00e1 lo siguiente que escriba, pero intuyo que hay temas que ya no me abandonar\u00e1n nunca.<\/p>\n<p>Viaje y aventura<\/p>\n<p class=\"ft-text ft-helper-align-justify\"><strong>&#8216;Coraz\u00f3n de oro&#8217;<\/strong> es un viaje, una aventura por paisajes y emociones vivida por seres sin patria ni estado capaces de entenderse. Hay caballos, carretas, ganado, paisaje, colonos y nativos, ganaderos, agricultores y mineros; hay hombres y mujeres intentando encontrar su sitio en un territorio que pas\u00f3 de manos varias veces \u2014de los nativos a los espa\u00f1oles, luego a los mexicanos y despu\u00e9s a los estadounidenses y que pudo incluso haber sido una rep\u00fablica independiente\u2014; y hay elementos del g\u00e9nero y sucede en el lejano oeste, pero no es un w\u00e9stern.<\/p>\n<p class=\"ft-text ft-helper-align-justify\">En &#8216;Coraz\u00f3n de oro&#8217;, el duelo \u2014con el significado tanto de dolor como de enfrentamiento\u2014 es individual y colectivo: la vieja California, un territorio extenso y poco habitado, languidece y se convierte en tierra de todos; el combate es pues entre dos mundos irreconciliables. En un clima de competitividad, codicia y racismo, los personajes, atrapados entre el pasado irrecuperable e irremediable, el presente condicionado por las circunstancias y el futuro incierto, ponen a prueba sus convicciones en cada etapa del viaje de su vida. Tal vez encuentren la felicidad en el amor, que sana, aunque a veces duela; que es misterioso y revelador. Coraz\u00f3n de oro es, en realidad, la historia de un amor inmenso y una novela muy rom\u00e1ntica.<\/p>\n<p class=\"ft-text ft-helper-align-justify\">\u00ab\u00bfQui\u00e9n que es no es rom\u00e1ntico?\u00bb, dec\u00eda <strong>Rub\u00e9n Dar\u00edo<\/strong>. En el universo de &#8216;Coraz\u00f3n de oro&#8217; hay conflictos sociales, sentimientos intensos, naturaleza, pesimismo y esperanza, nostalgia y expectaci\u00f3n, acci\u00f3n y reflexi\u00f3n, ambici\u00f3n y renuncia, confianza y decepci\u00f3n, ilusi\u00f3n y desencanto, paz y caos, ansias de libertad, amor y guerra, obst\u00e1culos y decisiones, lealtad y supervivencia, conflictos entre personas muy diferentes y mucha pasi\u00f3n. Hay historia y alma. Definitivamente, ese hilo que conecta mis novelas me ha puesto el list\u00f3n muy alto.<\/p>\n<p><img decoding=\"async\" src=\"https:\/\/www.europesays.com\/es\/wp-content\/uploads\/2025\/09\/06ec9bd3-3661-4bf3-81ce-c779b07a38eb_source-aspect-ratio_default_0.webp.webp\" width=\"111\" height=\"159\" alt=\"\" class=\"ft-helper-img-rd\" loading=\"lazy\"\/>Coraz\u00f3n de oro<\/p>\n<p class=\"ft-text\"><strong>Luz Gab\u00e1s<\/strong><\/p>\n<p class=\"ft-text\">Editorial Planeta<\/p>\n<p class=\"ft-text\">560 p\u00e1ginas<\/p>\n<p class=\"ft-text\">23,90 euros<\/p>\n","protected":false},"excerpt":{"rendered":"Desde que decid\u00ed escribir &#8216;Palmeras en la nieve&#8217; hasta que fue publicada en 2012 pasaron cinco a\u00f1os en&hellip;\n","protected":false},"author":2,"featured_media":144042,"comment_status":"","ping_status":"","sticky":false,"template":"","format":"standard","meta":{"footnotes":""},"categories":[172],"tags":[224,44481,1499,146,147,25,24,27028,906,1496,225,32857,1875,1645,524,33469,23],"class_list":{"0":"post-144041","1":"post","2":"type-post","3":"status-publish","4":"format-standard","5":"has-post-thumbnail","7":"category-libros","8":"tag-books","9":"tag-corazon-oro","10":"tag-critica-de-libros","11":"tag-entertainment","12":"tag-entretenimiento","13":"tag-es","14":"tag-espana","15":"tag-gabas","16":"tag-librerias","17":"tag-libro","18":"tag-libros","19":"tag-libros-mas-vendidos","20":"tag-luz","21":"tag-novela","22":"tag-nuevo","23":"tag-premios-literarios","24":"tag-spain"},"share_on_mastodon":{"url":"","error":""},"_links":{"self":[{"href":"https:\/\/www.europesays.com\/es\/wp-json\/wp\/v2\/posts\/144041","targetHints":{"allow":["GET"]}}],"collection":[{"href":"https:\/\/www.europesays.com\/es\/wp-json\/wp\/v2\/posts"}],"about":[{"href":"https:\/\/www.europesays.com\/es\/wp-json\/wp\/v2\/types\/post"}],"author":[{"embeddable":true,"href":"https:\/\/www.europesays.com\/es\/wp-json\/wp\/v2\/users\/2"}],"replies":[{"embeddable":true,"href":"https:\/\/www.europesays.com\/es\/wp-json\/wp\/v2\/comments?post=144041"}],"version-history":[{"count":0,"href":"https:\/\/www.europesays.com\/es\/wp-json\/wp\/v2\/posts\/144041\/revisions"}],"wp:featuredmedia":[{"embeddable":true,"href":"https:\/\/www.europesays.com\/es\/wp-json\/wp\/v2\/media\/144042"}],"wp:attachment":[{"href":"https:\/\/www.europesays.com\/es\/wp-json\/wp\/v2\/media?parent=144041"}],"wp:term":[{"taxonomy":"category","embeddable":true,"href":"https:\/\/www.europesays.com\/es\/wp-json\/wp\/v2\/categories?post=144041"},{"taxonomy":"post_tag","embeddable":true,"href":"https:\/\/www.europesays.com\/es\/wp-json\/wp\/v2\/tags?post=144041"}],"curies":[{"name":"wp","href":"https:\/\/api.w.org\/{rel}","templated":true}]}}