{"id":144057,"date":"2025-09-28T10:43:09","date_gmt":"2025-09-28T10:43:09","guid":{"rendered":"https:\/\/www.europesays.com\/es\/144057\/"},"modified":"2025-09-28T10:43:09","modified_gmt":"2025-09-28T10:43:09","slug":"el-ayuntamiento-avanza-en-la-transformacion-del-alumbrado-publico-del-parque-de-picaduenas","status":"publish","type":"post","link":"https:\/\/www.europesays.com\/es\/144057\/","title":{"rendered":"El Ayuntamiento avanza en la transformaci\u00f3n del alumbrado p\u00fablico del Parque de Picadue\u00f1as"},"content":{"rendered":"<p class=\"western\">El Ayuntamiento, a trav\u00e9s de la Tenencia de Alcald\u00eda de Servicios P\u00fablicos y Medio Ambiente, que dirige Jaime Espinar, avanza en los trabajos para d<strong>otar de una nueva iluminaci\u00f3n<\/strong> al Parque de Picadue\u00f1as, una actuaci\u00f3n que comenz\u00f3 el pasado mes de junio con el desmontaje de la instalaci\u00f3n anterior y que se prolongar\u00e1 durante los pr\u00f3ximos meses.<\/p>\n<p class=\"western\">En la actualidad, se est\u00e1n desarrollando <strong>labores destinadas a crear canalizaciones<\/strong> y basamentos en el marco de unas obras que permitir\u00e1n que este pulm\u00f3n verde, localizado en la zona oeste de la ciudad, cuente con una nueva infraestructura de alumbrado p\u00fablico eficiente, moderna y sostenible, a la que se incorporar\u00e1n 108 puntos de luz de tecnolog\u00eda LED, instalados en columnas a 4 metros de altura, con las que se iluminar\u00e1 todo el espacio.<\/p>\n<p class=\"western\">Desde la Tenencia de Alcald\u00eda de Servicios P\u00fablicos y Medio Ambiente se ha indicado que esta intervenci\u00f3n va a favorecer que los jerezanos y jerezanas puedan disfrutar del Parque de Picadue\u00f1as con <strong>mayores garant\u00edas de seguridad<\/strong> gracias a la visibilidad que aportar\u00e1 el nuevo sistema de alumbrado p\u00fablico. Adem\u00e1s, esta transformaci\u00f3n dar\u00e1 respuesta a una demanda hist\u00f3rica de los vecinos de la zona, quienes reclamaban la dotaci\u00f3n de una iluminaci\u00f3n adecuada a este enclave desde hac\u00eda a\u00f1os.<\/p>\n<p class=\"western\">Cabe recordar que este equipamiento p\u00fablico ha venido contando con una iluminaci\u00f3n deficiente hasta ahora, debido a que desde su creaci\u00f3n, el alumbrado se orden\u00f3 en unas torretas de 20 metros de altura de dif\u00edcil acceso, no s\u00f3lo por la altitud, sino tambi\u00e9n por el crecimiento de los \u00e1rboles. De esta manera, <strong>la iluminaci\u00f3n se qued\u00f3 obsoleta hace unos 5 a\u00f1os. <\/strong><\/p>\n<p class=\"western\">En esta l\u00ednea, y en su apuesta por un modelo de<strong> iluminaci\u00f3n sostenible <\/strong>que se basa en el uso de la tecnolog\u00eda LED, el Gobierno municipal ha llevado a cabo actuaciones que se han extendido a la zona rural para sustituir antiguas luminarias por las modernas LED.<\/p>\n<p class=\"western\">De esta manera, a lo largo de este a\u00f1o y hasta el d\u00eda de hoy, son<strong> nueve barriadas rurales<\/strong> las que han modernizado y renovado su anterior red de alumbrado p\u00fablico y cuentan con la certificaci\u00f3n oficial: Cuartillos, El Mojo, El Portal, La Corta, Las Pachecas, Lomopardo, Los Albarizones, Majarromaque y Rajamancera.<\/p>\n","protected":false},"excerpt":{"rendered":"El Ayuntamiento, a trav\u00e9s de la Tenencia de Alcald\u00eda de Servicios P\u00fablicos y Medio Ambiente, que dirige Jaime&hellip;\n","protected":false},"author":2,"featured_media":144058,"comment_status":"","ping_status":"","sticky":false,"template":"","format":"standard","meta":{"footnotes":""},"categories":[5],"tags":[17,18,25,24,13,14,11,19,20,9,10,15,16,23,12,21,22],"class_list":{"0":"post-144057","1":"post","2":"type-post","3":"status-publish","4":"format-standard","5":"has-post-thumbnail","7":"category-titulares","8":"tag-breaking-news","9":"tag-breakingnews","10":"tag-es","11":"tag-espana","12":"tag-featured-news","13":"tag-featurednews","14":"tag-headlines","15":"tag-latest-news","16":"tag-latestnews","17":"tag-news","18":"tag-noticias","19":"tag-noticias-destacadas","20":"tag-noticiasdestacadas","21":"tag-spain","22":"tag-titulares","23":"tag-ultimas-noticias","24":"tag-ultimasnoticias"},"share_on_mastodon":{"url":"","error":""},"_links":{"self":[{"href":"https:\/\/www.europesays.com\/es\/wp-json\/wp\/v2\/posts\/144057","targetHints":{"allow":["GET"]}}],"collection":[{"href":"https:\/\/www.europesays.com\/es\/wp-json\/wp\/v2\/posts"}],"about":[{"href":"https:\/\/www.europesays.com\/es\/wp-json\/wp\/v2\/types\/post"}],"author":[{"embeddable":true,"href":"https:\/\/www.europesays.com\/es\/wp-json\/wp\/v2\/users\/2"}],"replies":[{"embeddable":true,"href":"https:\/\/www.europesays.com\/es\/wp-json\/wp\/v2\/comments?post=144057"}],"version-history":[{"count":0,"href":"https:\/\/www.europesays.com\/es\/wp-json\/wp\/v2\/posts\/144057\/revisions"}],"wp:featuredmedia":[{"embeddable":true,"href":"https:\/\/www.europesays.com\/es\/wp-json\/wp\/v2\/media\/144058"}],"wp:attachment":[{"href":"https:\/\/www.europesays.com\/es\/wp-json\/wp\/v2\/media?parent=144057"}],"wp:term":[{"taxonomy":"category","embeddable":true,"href":"https:\/\/www.europesays.com\/es\/wp-json\/wp\/v2\/categories?post=144057"},{"taxonomy":"post_tag","embeddable":true,"href":"https:\/\/www.europesays.com\/es\/wp-json\/wp\/v2\/tags?post=144057"}],"curies":[{"name":"wp","href":"https:\/\/api.w.org\/{rel}","templated":true}]}}