{"id":144080,"date":"2025-09-28T11:00:11","date_gmt":"2025-09-28T11:00:11","guid":{"rendered":"https:\/\/www.europesays.com\/es\/144080\/"},"modified":"2025-09-28T11:00:11","modified_gmt":"2025-09-28T11:00:11","slug":"este-es-el-sintoma-que-indica-que-tienes-stratus-la-nueva-cepa-del-covid-y-no-gripe","status":"publish","type":"post","link":"https:\/\/www.europesays.com\/es\/144080\/","title":{"rendered":"Este es el s\u00edntoma que indica que tienes Stratus, la nueva cepa del covid, y no gripe"},"content":{"rendered":"<p>    <img loading=\"lazy\" decoding=\"async\" src=\"https:\/\/www.europesays.com\/es\/wp-content\/uploads\/2025\/09\/909510bb-d074-4e0b-a1b2-7d255c4d0c9b_16-9-discover-aspect-ratio_default_0_x740y779.jpg\" alt=\"Una enfermera inocula una vacuna a un paciente en el inicio de la campa\u00f1a de la vacunaci\u00f3n contra la gripe estacional y el covid.\" width=\"1200\" height=\"675\" title=\"Una enfermera inocula una vacuna a un paciente en el inicio de la campa\u00f1a de la vacunaci\u00f3n contra la gripe estacional y el covid.\" style=\"height:auto;\"\/><\/p>\n<p class=\"article-photo__footer\">\n        Una enfermera inocula una vacuna a un paciente en el inicio de la campa\u00f1a de la vacunaci\u00f3n contra la gripe estacional y el covid.<br \/>\n                    Javier Bergasa\n            <\/p>\n<p class=\"article-body__text article-body__text--entry article-body__text-middle\">\n        A principios del a\u00f1o 2020 el mundo conoci\u00f3 un virus que era desconocido para la gran mayor\u00eda y que, en muy poco tiempo, cambi\u00f3 las vidas de todos para siempre, el <a href=\"https:\/\/www.deia.eus\/tags\/covid\/\" title=\"covid\" class=\"link copy\" rel=\"nofollow noopener\" target=\"_blank\">covid<\/a>. El SARS- CoV-2 convive desde entonces con <strong>otros virus respiratorios muy familiares,<\/strong> como los que causan la gripe o el resfriado com\u00fan, sobre todo en los meses de oto\u00f1o e invierno. Estas enfermedades comparten s\u00edntomas parecidos como <strong>secreci\u00f3n nasal, fiebre o tos<\/strong>, por lo que es muy dif\u00edcil distinguirlas.\n<\/p>\n<p class=\"article-body__text \">\n        Recientemente, ha emergido una nueva variante del coronavirus que presenta un s\u00edntoma relativamente novedoso:<strong> ronquera o voz \u00e1spera acompa\u00f1ada de dolor de garganta<\/strong>. Esta nueva cepa, conocida como<strong> Stratus<\/strong> (nombre t\u00e9cnico XFG), es una variante recombinante que surge de la combinaci\u00f3n gen\u00e9tica de los linajes <strong>LF.7<\/strong> y <strong>LP.8.1.2<\/strong>.\n<\/p>\n<p>            <a href=\"https:\/\/www.deia.eus\/actualidad\/sociedad\/2025\/07\/08\/stratus-nueva-variante-covid-19-9854062.html\" title=\"Stratus: la nueva variante del COVID-19 que se propaga con rapidez, pero sin mayor gravedad cl\u00ednica\" class=\"new__media\" rel=\"nofollow noopener\" target=\"_blank\"><\/p>\n<p>                <img alt=\"Stratus: la nueva variante del COVID-19 que se propaga con rapidez, pero sin mayor gravedad cl\u00ednica\" data-src=\"https:\/\/www.europesays.com\/es\/wp-content\/uploads\/2025\/09\/8c7f0c90-5748-4649-b7de-fa71e32c91f0_16-9-aspect-ratio_default_0_x513y385.jpg\" class=\"lozad\"\/><\/p>\n<p>        <\/a><\/p>\n<p>        <a href=\"https:\/\/www.deia.eus\/actualidad\/sociedad\/2025\/07\/08\/stratus-nueva-variante-covid-19-9854062.html\" title=\"Stratus: la nueva variante del COVID-19 que se propaga con rapidez, pero sin mayor gravedad cl\u00ednica\" class=\"new__headline\" rel=\"nofollow noopener\" target=\"_blank\"><br \/>\n            Stratus: la nueva variante del COVID-19 que se propaga con rapidez, pero sin mayor gravedad cl\u00ednica<br \/>\n        <\/a><\/p>\n<p class=\"article-body__text \">\n        Los s\u00edntomas de <strong>Stratus<\/strong> incluyen los habituales del covid-19: <strong>tos seca, fiebre, cansancio, dolor de garganta y dolores musculares o articulares.<\/strong> Sin embargo, lo que llama la atenci\u00f3n es la ronquera o la alteraci\u00f3n vocal temprana. Aunque esta alteraci\u00f3n vocal no es un s\u00edntoma exclusivo garantizado, su frecuencia en los casos estudiados la sit\u00faa como un posible indicador de esta variante.\n<\/p>\n<p class=\"article-body__text \">\n        En cuanto a la gravedad de la infecci\u00f3n, hasta ahora no hay evidencia de que Stratus produzca<strong> cuadros cl\u00ednicos m\u00e1s severos<\/strong> ni un aumento en hospitalizaciones o mortalidad frente a otras variantes ya circulantes.  Las <strong>vacunas actuales<\/strong> se consideran todav\u00eda eficaces para prevenir las formas graves de la enfermedad, aunque se mantiene la vigilancia sobre su rendimiento frente a esta variante emergente.<\/p>\n","protected":false},"excerpt":{"rendered":"Una enfermera inocula una vacuna a un paciente en el inicio de la campa\u00f1a de la vacunaci\u00f3n contra&hellip;\n","protected":false},"author":2,"featured_media":144081,"comment_status":"","ping_status":"","sticky":false,"template":"","format":"standard","meta":{"footnotes":""},"categories":[92],"tags":[2270,25,24,7749,165,166,7750,23,43911],"class_list":{"0":"post-144080","1":"post","2":"type-post","3":"status-publish","4":"format-standard","5":"has-post-thumbnail","7":"category-salud","8":"tag-covid","9":"tag-es","10":"tag-espana","11":"tag-gripe","12":"tag-health","13":"tag-salud","14":"tag-sintoma","15":"tag-spain","16":"tag-stratus"},"share_on_mastodon":{"url":"","error":""},"_links":{"self":[{"href":"https:\/\/www.europesays.com\/es\/wp-json\/wp\/v2\/posts\/144080","targetHints":{"allow":["GET"]}}],"collection":[{"href":"https:\/\/www.europesays.com\/es\/wp-json\/wp\/v2\/posts"}],"about":[{"href":"https:\/\/www.europesays.com\/es\/wp-json\/wp\/v2\/types\/post"}],"author":[{"embeddable":true,"href":"https:\/\/www.europesays.com\/es\/wp-json\/wp\/v2\/users\/2"}],"replies":[{"embeddable":true,"href":"https:\/\/www.europesays.com\/es\/wp-json\/wp\/v2\/comments?post=144080"}],"version-history":[{"count":0,"href":"https:\/\/www.europesays.com\/es\/wp-json\/wp\/v2\/posts\/144080\/revisions"}],"wp:featuredmedia":[{"embeddable":true,"href":"https:\/\/www.europesays.com\/es\/wp-json\/wp\/v2\/media\/144081"}],"wp:attachment":[{"href":"https:\/\/www.europesays.com\/es\/wp-json\/wp\/v2\/media?parent=144080"}],"wp:term":[{"taxonomy":"category","embeddable":true,"href":"https:\/\/www.europesays.com\/es\/wp-json\/wp\/v2\/categories?post=144080"},{"taxonomy":"post_tag","embeddable":true,"href":"https:\/\/www.europesays.com\/es\/wp-json\/wp\/v2\/tags?post=144080"}],"curies":[{"name":"wp","href":"https:\/\/api.w.org\/{rel}","templated":true}]}}