{"id":144090,"date":"2025-09-28T11:05:06","date_gmt":"2025-09-28T11:05:06","guid":{"rendered":"https:\/\/www.europesays.com\/es\/144090\/"},"modified":"2025-09-28T11:05:06","modified_gmt":"2025-09-28T11:05:06","slug":"castilla-la-mancha-y-castilla-y-leon-crean-un-mando-unificado-por-el-incendio-del-pico-del-lobo-que-ya-ha-saltado-a-segovia-sociedad","status":"publish","type":"post","link":"https:\/\/www.europesays.com\/es\/144090\/","title":{"rendered":"Castilla-La Mancha y Castilla y Le\u00f3n crean un mando unificado por el incendio del Pico del Lobo, que ya ha saltado a Segovia | Sociedad"},"content":{"rendered":"<p class=\"loc\">Guadalajara<\/p>\n<p>Los Gobiernos de Castilla-La Mancha y de Castilla y Le\u00f3n han constituido un Mando Unificado para abordar de forma conjunta las labores de extinci\u00f3n, despu\u00e9s de que el incendio iniciado el pasado domindo en Pe\u00f1alba de la sierra (Guadalajara), haya saltado a Segovia, afectando a la localidad de Cerezo de Arriba.<\/p>\n<p>\u00abMediante el Mando Unificado de Extinci\u00f3n nos coordinamos y tomamos decisiones conjuntas los dispositivos de Castilla y Le\u00f3n y Castilla-La Mancha\u00bb, ha explicado el viceconsejero de Medio Ambiente, Jos\u00e9 Almod\u00f3var, al t\u00e9rmino de la reuni\u00f3n del Cecopi.<\/p>\n<p>\u00abNo queda otra m\u00e1s que seguir trabajando conjuntamente para tratar de controlar el per\u00edmetro de este incendio\u00bb, ha indicado.<\/p>\n<p>Al margen de ese mando unificado, el Centro de Coordinaci\u00f3n Operativa Integrado ha decidido mantener la restricci\u00f3n de visitantes al Hayedo de Tejera Negra, pidiendo que se evite circular en el entorno del Parque Natural de la Sierra Norte para poder facilitar las labores de la extinci\u00f3n.<\/p>\n<p>\u00abHemos lanzado un mensaje de alerta para toda la poblaci\u00f3n en la zona en la que pedimos que, por favor, la gente evite circular, hacer senderismo por todo el Parque Natural y por los alrededores y que eviten acercarse al fuego para dejar trabajar a los medios de extinci\u00f3n porque es un incendio que sigue activo\u00bb, ha reiterado Almod\u00f3var.<\/p>\n<p>Dicho esto, ha recordado que el incendio se mantiene en Nivel 2, y que se mantienen las restricciones a las poblaciones de Pe\u00f1alba de la Sierra y Cabida.<\/p>\n<p>\u00abSomos conscientes de que nuestra comunidad vecina, Castilla y Le\u00f3n, al haber alcanzado el incendio la ladera segoviana, tambi\u00e9n est\u00e1 tomando medidas de cara a la protecci\u00f3n de la poblaci\u00f3n y podemos decir en estos momentos que la superficie afectada son ya algo m\u00e1s de 2.800 hect\u00e1reas\u00bb.<\/p>\n<p>En este momento, ha a\u00f1adido 12 medios a\u00e9reos, 25 terrestres y m\u00e1s de 180 personas entre bomberos y bomberas forestales, agentes medioambientales y t\u00e9cnicos de extinci\u00f3n trabajan en la zona.<\/p>\n<p>\u00abQueremos agradecer expresamente toda la labor que estamos haciendo conjuntamente con las brigadas del Miteco, tambi\u00e9n a las UME del Ministerio de Defensa y a los equipos, que estamos trabajando tambi\u00e9n codo con codo, de Castilla y Le\u00f3n y de la Comunidad de Madrid\u00bb, ha concluido.<\/p>\n","protected":false},"excerpt":{"rendered":"Guadalajara Los Gobiernos de Castilla-La Mancha y de Castilla y Le\u00f3n han constituido un Mando Unificado para abordar&hellip;\n","protected":false},"author":2,"featured_media":144091,"comment_status":"","ping_status":"","sticky":false,"template":"","format":"standard","meta":{"footnotes":""},"categories":[8],"tags":[17,18,25,24,13,14,11,19,20,9,10,15,16,23,12,21,22],"class_list":{"0":"post-144090","1":"post","2":"type-post","3":"status-publish","4":"format-standard","5":"has-post-thumbnail","7":"category-espana","8":"tag-breaking-news","9":"tag-breakingnews","10":"tag-es","11":"tag-espana","12":"tag-featured-news","13":"tag-featurednews","14":"tag-headlines","15":"tag-latest-news","16":"tag-latestnews","17":"tag-news","18":"tag-noticias","19":"tag-noticias-destacadas","20":"tag-noticiasdestacadas","21":"tag-spain","22":"tag-titulares","23":"tag-ultimas-noticias","24":"tag-ultimasnoticias"},"share_on_mastodon":{"url":"","error":""},"_links":{"self":[{"href":"https:\/\/www.europesays.com\/es\/wp-json\/wp\/v2\/posts\/144090","targetHints":{"allow":["GET"]}}],"collection":[{"href":"https:\/\/www.europesays.com\/es\/wp-json\/wp\/v2\/posts"}],"about":[{"href":"https:\/\/www.europesays.com\/es\/wp-json\/wp\/v2\/types\/post"}],"author":[{"embeddable":true,"href":"https:\/\/www.europesays.com\/es\/wp-json\/wp\/v2\/users\/2"}],"replies":[{"embeddable":true,"href":"https:\/\/www.europesays.com\/es\/wp-json\/wp\/v2\/comments?post=144090"}],"version-history":[{"count":0,"href":"https:\/\/www.europesays.com\/es\/wp-json\/wp\/v2\/posts\/144090\/revisions"}],"wp:featuredmedia":[{"embeddable":true,"href":"https:\/\/www.europesays.com\/es\/wp-json\/wp\/v2\/media\/144091"}],"wp:attachment":[{"href":"https:\/\/www.europesays.com\/es\/wp-json\/wp\/v2\/media?parent=144090"}],"wp:term":[{"taxonomy":"category","embeddable":true,"href":"https:\/\/www.europesays.com\/es\/wp-json\/wp\/v2\/categories?post=144090"},{"taxonomy":"post_tag","embeddable":true,"href":"https:\/\/www.europesays.com\/es\/wp-json\/wp\/v2\/tags?post=144090"}],"curies":[{"name":"wp","href":"https:\/\/api.w.org\/{rel}","templated":true}]}}