{"id":144092,"date":"2025-09-28T11:06:12","date_gmt":"2025-09-28T11:06:12","guid":{"rendered":"https:\/\/www.europesays.com\/es\/144092\/"},"modified":"2025-09-28T11:06:12","modified_gmt":"2025-09-28T11:06:12","slug":"mas-de-300-personas-han-participado-en-valdepenas-en-las-diferentes-propuestas-del-dia-mundial-del-turismo-ayuntamiento-de-valdepenas","status":"publish","type":"post","link":"https:\/\/www.europesays.com\/es\/144092\/","title":{"rendered":"M\u00e1s de 300 personas han participado en Valdepe\u00f1as en las diferentes propuestas del D\u00eda Mundial del Turismo &#8211; Ayuntamiento de Valdepe\u00f1as"},"content":{"rendered":"<ol>\n<li><a href=\"https:\/\/news.google.com\/rss\/articles\/CBMi2gFBVV95cUxQVkQ4R1pqazYyNTJqdFRQeEVISmY0Q19rcGtpbk9IVmhVdy1sM0RGY0VkSV9adk83QU8tQUhSNkZxei1McHdTMlFlcHVsbXNhWkZfazB6SmNnaG9UTDBBcy1KazlYTHY4OEtpRzNvYXR1QnVXbGJkNnNzdlUybDRvTGhqQThtbGxNOHplSXpBSTZUV0pNTHVCcDV4V0V4bDZnLVljNTVxNU0zbVdhSzhLUXhlZnRzakhsakc1RGlxbUNrOTFHaFdhdFo1SUFUME5ZdzBIbmp4aEE1QQ?oc=5\" target=\"_blank\" rel=\"nofollow noopener\">M\u00e1s de 300 personas han participado en Valdepe\u00f1as en las diferentes propuestas del D\u00eda Mundial del Turismo<\/a>&nbsp;&nbsp;Ayuntamiento de Valdepe\u00f1as<\/li>\n<li><a href=\"https:\/\/news.google.com\/rss\/articles\/CBMikwFBVV95cUxQS1kyQlFobjlwNF9RZ0NfekZrV2hKenNiMUdHeVhPTWhJLVlHQWl5T3JwN2NSREsyYU1LREYxVFEtSFVFLVpUX3VtQ1pIN21vcDFFN3AwVGx1UENwb01CNmw5Zk9JazI5VE83M1h0WWdXcFhRSk14aUNoVkNvRURwU05HLUVUVnl0V0RhS2xJS2lIMFE?oc=5\" target=\"_blank\" rel=\"nofollow noopener\">Valdepe\u00f1as conmemora el D\u00eda Mundial del Turismo con Museos con Color<\/a>&nbsp;&nbsp;ValdeREC<\/li>\n<li><a href=\"https:\/\/news.google.com\/rss\/articles\/CBMi-AFBVV95cUxPLVVXZW9wLXhUc2JSMVRtbW9LXzFWT0QweGtiRkNTcmoydUgwV3lPVGhYTHdFY240RmxQQTZjakc3bVpFdTR5Nzg3WnNiXzFqb2NsMExCUWZPMkRKM05LOWNJX2tFbmpxalNGMzFhYVdHYUN5djY1RERtNG4tTWlmVXcxY2pIeHpReDNrUFdyUVJIMkx0V3ItMnJFTXMyWXNrR0IweFlEXy1CTmZGd2ltVWZta01vYkgxQ2ktaXpPcmlmdlFWUTU4V0FPRWxVQjQ2c1lNOUhBLUdjVk1hR003c3hNb1pKaGtKUlFZdW1PWnNHU3B6dFFiOdIB_gFBVV95cUxQZGd5TmNZTno2VzNqblV5Zl9xc04yLVhQQmhlUmhWZlZROVQxZElzOU1QMmRjNzF4SG9qTDJRSHgzbDZrd3ZHd1BBV3NVZnVzWUg1UWhSTkQ5YzNNam5BemR3MWZRM0p0MU5IWmNPOGVWbG1YZlphN0xOOHNaUF9EMm54WWJhUXFoemdvLVBCdkRrLVJDSXhQN2tCajAyLTZPOXlkQjJ1YlNRakRPS2NTSm10LXlIR2Y2UXd4dzluMWFIS1BobnhtX1NVemF3aTVTMFhLU1lsNmxPaVZJelVGN1J5ZGhzRzFPVV8tSkhnS09jUDJUdGE1SlkxRHJoUQ?oc=5\" target=\"_blank\" rel=\"nofollow noopener\">Un recorrido retrospectivo por la historia del Banco de Espa\u00f1a en Valdepe\u00f1as para celebrar el D\u00eda Mundial del Turismo<\/a>&nbsp;&nbsp;Valdepe\u00f1asDigital<\/li>\n<li><a href=\"https:\/\/news.google.com\/rss\/articles\/CBMiVkFVX3lxTE1OZE4zb3RVQTczbXNsYkhVNVREdkZCbExmakszdFI5Rmg5SFhHOTdBUDNxZi1mZGotRUdOZWUyaUtqdTNSZ0hqcEtmMGpaeFpPQ1BKUXVn?oc=5\" target=\"_blank\" rel=\"nofollow noopener\">Valdepe\u00f1as conmemora el D\u00eda Mundial del Turismo con una visita a la antigua sede del Banco de Espa\u00f1a<\/a>&nbsp;&nbsp;ValdeREC<\/li>\n<li><a href=\"https:\/\/news.google.com\/rss\/articles\/CBMi8AFBVV95cUxQUWxrM1g4amdEdE1JMnJtS1JfM3VvYllLYmRMSmFtVE1JSWZ1ZHljREVLS19ER0psMFMyS0UyQllDekZHZjRRUnluZ19xZVp5OExkVGhiTFRONy1oTXFraHdyVzhvYjJHR1lJUTlGQjB2ZFZKRExCVU5YN1AxeG1KOHVnREhiSXZiMXRfaFJYUk8zYVA3Q3ZnLWt6eXVubnhvN1VTZERqeVd4QzhlVkdZVUxFcVJnOVZFWC02YzlTdWdDaDk3NGU2M084LXIyb0d6MzdNN09DNWxTcnowd3c2QWdLb2hmVjZmVjJCWWRkT3TSAfYBQVVfeXFMTU1UMVV6Wi1tSS1fallmVm5kOUFqcDlsY2daQktBeE5ydjVWMEJhbDd1b1l4VVRDME9KUXg1R1JOWHZwb1ZzNnd0eUhHOGgzMm1BQWh4c2NTRFVCdmZBX2JHekJCZ0NlbjEtQkEwcE1tT0JsOGJwX3B0ZUVsNzRzaVhyZDJDdmc0OUtXcFR5VGZwVWJHcDBsNWROejBzMU42NmRYZm9vVXFPeEtfV2pzWHdqMFpCZUNfMVlMQzQwaGhLT1o2dUNvRTFoZV9NTHg1ZGlMWjlzd3A0VEQ0OUhuSDFWVDRJNDFlSFFJMkhjWVZpSk5HX0Rn?oc=5\" target=\"_blank\" rel=\"nofollow noopener\">Visitas guiadas, rutas tur\u00edsticas y m\u00fasica para celebrar el D\u00eda Mundial del Turismo en Valdepe\u00f1as<\/a>&nbsp;&nbsp;Valdepe\u00f1asDigital<\/li>\n<\/ol>\n","protected":false},"excerpt":{"rendered":"M\u00e1s de 300 personas han participado en Valdepe\u00f1as en las diferentes propuestas del D\u00eda Mundial del Turismo&nbsp;&nbsp;Ayuntamiento de&hellip;\n","protected":false},"author":2,"featured_media":144093,"comment_status":"","ping_status":"","sticky":false,"template":"","format":"standard","meta":{"footnotes":""},"categories":[5],"tags":[17,18,25,24,13,14,11,19,20,9,10,15,16,23,12,4664,21,22],"class_list":{"0":"post-144092","1":"post","2":"type-post","3":"status-publish","4":"format-standard","5":"has-post-thumbnail","7":"category-titulares","8":"tag-breaking-news","9":"tag-breakingnews","10":"tag-es","11":"tag-espana","12":"tag-featured-news","13":"tag-featurednews","14":"tag-headlines","15":"tag-latest-news","16":"tag-latestnews","17":"tag-news","18":"tag-noticias","19":"tag-noticias-destacadas","20":"tag-noticiasdestacadas","21":"tag-spain","22":"tag-titulares","23":"tag-turismo","24":"tag-ultimas-noticias","25":"tag-ultimasnoticias"},"share_on_mastodon":{"url":"","error":""},"_links":{"self":[{"href":"https:\/\/www.europesays.com\/es\/wp-json\/wp\/v2\/posts\/144092","targetHints":{"allow":["GET"]}}],"collection":[{"href":"https:\/\/www.europesays.com\/es\/wp-json\/wp\/v2\/posts"}],"about":[{"href":"https:\/\/www.europesays.com\/es\/wp-json\/wp\/v2\/types\/post"}],"author":[{"embeddable":true,"href":"https:\/\/www.europesays.com\/es\/wp-json\/wp\/v2\/users\/2"}],"replies":[{"embeddable":true,"href":"https:\/\/www.europesays.com\/es\/wp-json\/wp\/v2\/comments?post=144092"}],"version-history":[{"count":0,"href":"https:\/\/www.europesays.com\/es\/wp-json\/wp\/v2\/posts\/144092\/revisions"}],"wp:featuredmedia":[{"embeddable":true,"href":"https:\/\/www.europesays.com\/es\/wp-json\/wp\/v2\/media\/144093"}],"wp:attachment":[{"href":"https:\/\/www.europesays.com\/es\/wp-json\/wp\/v2\/media?parent=144092"}],"wp:term":[{"taxonomy":"category","embeddable":true,"href":"https:\/\/www.europesays.com\/es\/wp-json\/wp\/v2\/categories?post=144092"},{"taxonomy":"post_tag","embeddable":true,"href":"https:\/\/www.europesays.com\/es\/wp-json\/wp\/v2\/tags?post=144092"}],"curies":[{"name":"wp","href":"https:\/\/api.w.org\/{rel}","templated":true}]}}