{"id":144094,"date":"2025-09-28T11:07:10","date_gmt":"2025-09-28T11:07:10","guid":{"rendered":"https:\/\/www.europesays.com\/es\/144094\/"},"modified":"2025-09-28T11:07:10","modified_gmt":"2025-09-28T11:07:10","slug":"el-equipo-contrarresto-muy-bien-al-rival-en-todo-momento","status":"publish","type":"post","link":"https:\/\/www.europesays.com\/es\/144094\/","title":{"rendered":"El equipo contrarrest\u00f3 muy bien al rival en todo momento"},"content":{"rendered":"<p class=\"ft-text\"><strong>F\u00e9lix Moj\u00f3n<\/strong>, entrenador del <strong>BM Caja Rural Zamora<\/strong>, se\u00f1al\u00f3 hoy tras la victoria de los suyos en pista del <strong>Safa Madrid <\/strong>que la <strong>escuadra pistacho cuaj\u00f3 \u00abun buen partido\u00bb<\/strong> ante un rival \u00abmuy peculiar\u00bb que no puso nada f\u00e1cil sumar los dos puntos.<\/p>\n<p class=\"ft-text\"><strong>\u00abEstoy satisfecho porque Safa Madrid es un equipo muy peculiar,<\/strong> tiene un estilo muy propio con su siete contra seis en ataque, las transiciones y la defensa escalonada. Un bloque con jugadores como<strong> Pereiro y Nevado<\/strong>, que trabajan de forma determinada, y que te obligan a jugar de una manera concreta. Y, en ese sentido, <strong>el equipo rindi\u00f3 muy bien. Logr\u00f3 contrarrestar todo ello e hizo lo que se hab\u00eda planificado tras el an\u00e1lisis de v\u00eddeo<\/strong>. El 3-12 inicial dice mucho sobre ello\u00bb, coment\u00f3 el gallego, se\u00f1alando que \u00absi bien<strong> las rotaciones nos desordenaron un poco<\/strong>, el equipo siempre se mostr\u00f3 resolutivo cuando tuvo tensi\u00f3n en pista\u00bb.<\/p>\n<p class=\"ft-text\">En este sentido, Moj\u00f3n destac\u00f3 que<strong> los cambios \u00abtrastabillaron un poco al bloque, acumulando muchos errores en el lanzamiento\u00bb<\/strong>, si bien \u00abson errores que no preocupan y que se pueden corregir\u00bb. Adem\u00e1s, <strong>\u00abel equipo, pese a algunas exclusiones y errores, sigui\u00f3 sin dejar al rival mostrar sus puntos fuertes <\/strong>y, cuando tuvo tensi\u00f3n, tambi\u00e9n tuvo acierto\u00bb. Un buen hacer pistacho en el que destac\u00f3 a<strong> Ra\u00fal Escudero<\/strong>, ayer al frente de la direcci\u00f3n del ataque en Madrid. \u00ab<strong>Ha dado un paso adelante<\/strong> y llev\u00f3 el equipo muy bien y a buen ritmo. Creo que<strong> firm\u00f3 su mejor partido desde que est\u00e1 con nosotros<\/strong>\u00ab, apuntaba Moj\u00f3n, comentando que el equipo sufri\u00f3 para encontrar recambio al c\u00e1ntabro durante sus minutos de descanso.<\/p>\n<p class=\"ft-text\">Precisamente, ese papel lo ejerci\u00f3 (entre otros)<strong> Felipe Ferreira<\/strong>, quien regresaba a los terrenos de juego tras su \u00faltima lesi\u00f3n.<strong> \u00abFelipe es un gran central y, ante la ausencia de Gigi nos ha ayudado mucho. Sin embargo, creo que sus ganas por ayudar le perjudicaron<\/strong> y err\u00f3 muchos lanzamientos. Es normal, <strong>viene de una lesi\u00f3n<\/strong> y, quiz\u00e1, su entra ha sido precipitada<strong>. Creo que no era el d\u00eda para que asumiera tanta responsabilidad<\/strong>, pero fue muy positivo verle sumar minutos\u00bb, analiz\u00f3 sobre el carioca un F\u00e9lix Moj\u00f3n contento porque su equipo \u00abhizo que <strong>la pelota fuera r\u00e1pida en todo momento para sacar rendimiento sobre sus doses<\/strong>\u00bb y que demostr\u00f3 contar con alternativas en todas las parcelas.<\/p>\n<p class=\"ft-text\"><strong>\u00abCreo que en l\u00edneas generales fuimos superiores<\/strong>. En ataque, el juego fue fluido y generamos ocasiones, aunque nos costara materializaras. Y, atr\u00e1s, la defensa fue buena y consigui\u00f3 dejar a uno de los rivales m\u00e1s goleadores de la categor\u00eda en solo 26 tantos pese a las exclusiones, dos de ellas en los cambios. Un punto, este \u00faltimo, en el que vamos a seguir trabajando\u00bb, subray\u00f3.<\/p>\n","protected":false},"excerpt":{"rendered":"F\u00e9lix Moj\u00f3n, entrenador del BM Caja Rural Zamora, se\u00f1al\u00f3 hoy tras la victoria de los suyos en pista&hellip;\n","protected":false},"author":2,"featured_media":144095,"comment_status":"","ping_status":"","sticky":false,"template":"","format":"standard","meta":{"footnotes":""},"categories":[278],"tags":[376,383,8221,8222,1616,168,2226,25,24,27390,375,205,27391,23,167],"class_list":{"0":"post-144094","1":"post","2":"type-post","3":"status-publish","4":"format-standard","5":"has-post-thumbnail","7":"category-balonmano","8":"tag-balonmano","9":"tag-bm","10":"tag-caja","11":"tag-caja-rural-zamora","12":"tag-defensa","13":"tag-deportes","14":"tag-entrenador","15":"tag-es","16":"tag-espana","17":"tag-felix","18":"tag-handball","19":"tag-madrid","20":"tag-mojon","21":"tag-spain","22":"tag-sports"},"share_on_mastodon":{"url":"","error":""},"_links":{"self":[{"href":"https:\/\/www.europesays.com\/es\/wp-json\/wp\/v2\/posts\/144094","targetHints":{"allow":["GET"]}}],"collection":[{"href":"https:\/\/www.europesays.com\/es\/wp-json\/wp\/v2\/posts"}],"about":[{"href":"https:\/\/www.europesays.com\/es\/wp-json\/wp\/v2\/types\/post"}],"author":[{"embeddable":true,"href":"https:\/\/www.europesays.com\/es\/wp-json\/wp\/v2\/users\/2"}],"replies":[{"embeddable":true,"href":"https:\/\/www.europesays.com\/es\/wp-json\/wp\/v2\/comments?post=144094"}],"version-history":[{"count":0,"href":"https:\/\/www.europesays.com\/es\/wp-json\/wp\/v2\/posts\/144094\/revisions"}],"wp:featuredmedia":[{"embeddable":true,"href":"https:\/\/www.europesays.com\/es\/wp-json\/wp\/v2\/media\/144095"}],"wp:attachment":[{"href":"https:\/\/www.europesays.com\/es\/wp-json\/wp\/v2\/media?parent=144094"}],"wp:term":[{"taxonomy":"category","embeddable":true,"href":"https:\/\/www.europesays.com\/es\/wp-json\/wp\/v2\/categories?post=144094"},{"taxonomy":"post_tag","embeddable":true,"href":"https:\/\/www.europesays.com\/es\/wp-json\/wp\/v2\/tags?post=144094"}],"curies":[{"name":"wp","href":"https:\/\/api.w.org\/{rel}","templated":true}]}}